{"headers": {"id": "ID", "ano": "Ano", "numero": "N\u00famero", "tipo__sigla": "Tipo de Mat\u00e9ria Legislativa/Sigla", "tipo__descricao": "Tipo de Mat\u00e9ria Legislativa/Descri\u00e7\u00e3o", "autoria": "Autorias", "texto_original": "Texto Original", "ementa": "Ementa"}, "results": [{"id": "2543", "ano": "2023", "numero": "1", "tipo__sigla": "ELOM", "tipo__descricao": "Projeto de Emenda \u00e0 Lei Org\u00e2nica", "autoria": "Nath\u00e1lia Sandro Tcharles Lucas Tic\u00f3", "texto_original": "http://sapl.conceicaodemacabu.rj.leg.br/media/sapl/public/materialegislativa/2023/2543/emenda_lei_organica_01-2023.pdf", "ementa": "Modifica o inciso XVII, artigo 42, da Lei Org\u00e2nica do Munic\u00edpio de Concei\u00e7\u00e3o de Macabu e d\u00e1 outras provid\u00eancias."}, {"id": "2233", "ano": "2023", "numero": "1", "tipo__sigla": "EMEN", "tipo__descricao": "Emenda", "autoria": "Guta", "texto_original": "http://sapl.conceicaodemacabu.rj.leg.br/media/", "ementa": "EMENDA 01/2023 AO PROJETO DE LEI N.\u00ba 02/2023"}, {"id": "2234", "ano": "2023", "numero": "2", "tipo__sigla": "EMEN", "tipo__descricao": "Emenda", "autoria": "Lucas Madureira", "texto_original": "http://sapl.conceicaodemacabu.rj.leg.br/media/sapl/public/materialegislativa/2023/2234/emenda_plo_02-2023_-_supressiva_ao_artigo.pdf", "ementa": "Emenda supressiva ao artigo 3\u00ba do Projeto de Lei n\u00ba 02/2023."}, {"id": "2267", "ano": "2023", "numero": "3", "tipo__sigla": "EMEN", "tipo__descricao": "Emenda", "autoria": "Lucas Madureira", "texto_original": "http://sapl.conceicaodemacabu.rj.leg.br/media/", "ementa": "Emenda Modificativa ao caput do artigo 1\u00ba do Projeto de Lei n\u00ba 04/2023."}, {"id": "2306", "ano": "2023", "numero": "4", "tipo__sigla": "EMEN", "tipo__descricao": "Emenda", "autoria": "Nath\u00e1lia Braga", "texto_original": "http://sapl.conceicaodemacabu.rj.leg.br/media/", "ementa": "Emenda Modificativa ao Projeto de Lei n.\u00ba 07/2023, que altera Lei Municipal n.\u00ba 1.772/2022."}, {"id": "2440", "ano": "2023", "numero": "5", "tipo__sigla": "EMEN", "tipo__descricao": "Emenda", "autoria": "Guta", "texto_original": "http://sapl.conceicaodemacabu.rj.leg.br/media/", "ementa": "Emenda ao Projeto de Resolu\u00e7\u00e3o n.\u00ba 14/2023, que regulamenta a utiliza\u00e7\u00e3o de ve\u00edculo oficial da c\u00e2mara municipal de Concei\u00e7\u00e3o de Macabu/RJ e d\u00e1 outras provid\u00eancias."}, {"id": "2535", "ano": "2023", "numero": "6", "tipo__sigla": "EMEN", "tipo__descricao": "Emenda", "autoria": "Nath\u00e1lia Braga", "texto_original": "http://sapl.conceicaodemacabu.rj.leg.br/media/sapl/public/materialegislativa/2023/2535/emenda_06-2023_-_adiciona_acoes_no_qdd.pdf", "ementa": "Emenda modificativa a LOA 2024: Adiciona a\u00e7\u00e3o no Quadro de Detalhamento de Despesa - QDD, com sua respectiva fun\u00e7\u00e3o, subfun\u00e7\u00e3o, categoria econ\u00f4mica e fonte de recurso, totalizando o valor de R$ 220.000,00 (Duzentos e vinte mil reais)."}, {"id": "2593", "ano": "2023", "numero": "7", "tipo__sigla": "EMEN", "tipo__descricao": "Emenda", "autoria": "Lucas Madureira", "texto_original": "http://sapl.conceicaodemacabu.rj.leg.br/media/sapl/public/materialegislativa/2023/2593/emenda_07-2023_-_modifica_o_art._3_do_projeto_de_lei_ordinaria_n_48-2023.pdf", "ementa": "Modifica o art. 1\u00ba do Projeto de Lei Ordin\u00e1ria n\u00ba 48/2023."}, {"id": "2291", "ano": "2023", "numero": "1", "tipo__sigla": "PLC", "tipo__descricao": "Projeto de Lei Complementar", "autoria": "Prefeitura Municipal de Concei\u00e7\u00e3o de Macabu", "texto_original": "http://sapl.conceicaodemacabu.rj.leg.br/media/sapl/public/materialegislativa/2023/2291/plc_01-2023_-_estabelece_aliquota_de_025_para_imoveis_de_uso_rural_para_urbano.pdf", "ementa": "Inclui inciso IV no artigo 95 e cria o artigo 195-B na Lei 471/2001 - C\u00f3digo Tribut\u00e1rio Municipal"}, {"id": "2427", "ano": "2023", "numero": "2", "tipo__sigla": "PLC", "tipo__descricao": "Projeto de Lei Complementar", "autoria": "Prefeitura Municipal de Concei\u00e7\u00e3o de Macabu", "texto_original": "http://sapl.conceicaodemacabu.rj.leg.br/media/sapl/public/materialegislativa/2023/2427/plc_02-2023.pdf", "ementa": "Disp\u00f5e sobre altera\u00e7\u00e3o na Lei Complementar municipal n\u00b0 1.641 de 01 de julho de 2020, definindo o plano anual e mensal de amortiza\u00e7\u00e3o do passivo atuarial do instituto de previd\u00eancia assist\u00eancia dos servidores do munic\u00edpio de Concei\u00e7\u00e3o de Macabu - IPASCON para o exerc\u00edcio de 2023 e seguintes e d\u00e1 outras provid\u00eancias."}, {"id": "2464", "ano": "2023", "numero": "3", "tipo__sigla": "PLC", "tipo__descricao": "Projeto de Lei Complementar", "autoria": "Prefeitura Municipal de Concei\u00e7\u00e3o de Macabu", "texto_original": "http://sapl.conceicaodemacabu.rj.leg.br/media/sapl/public/materialegislativa/2023/2464/plc_03-2023_-_codigo_ambiental_do_municipio_de_conceicao_de_macabu.pdf", "ementa": "Sanciona o C\u00f3digo Ambiental do Munic\u00edpio de Concei\u00e7\u00e3o de Macabu e revoga a Lei Complementar n\u00ba 004/1994 que disp\u00f5e sobre o Sistema Municipal de Fiscaliza\u00e7\u00e3o do Meio Ambiente e a Lei Complementar n\u00ba 015/1995 que estatui a Lei de Preserva\u00e7\u00e3o Ambiental do Munic\u00edpio de Concei\u00e7\u00e3o de Macabu e d\u00e1 outras provid\u00eancias."}, {"id": "2499", "ano": "2023", "numero": "4", "tipo__sigla": "PLC", "tipo__descricao": "Projeto de Lei Complementar", "autoria": "Prefeitura Municipal de Concei\u00e7\u00e3o de Macabu", "texto_original": "http://sapl.conceicaodemacabu.rj.leg.br/media/sapl/public/materialegislativa/2023/2499/plc_4-2023_-_codigo_tributario_municipal.pdf", "ementa": "Inclui o inciso III no \u00a71\u00ba do art. 522, inclui o art. 522-A, com incisos I, II e III, inclui o art. 522-B, com incisos I, II, III e IV, e altera o art. 526-B, todos da Lei Municipal 471/2001 \u2013 C\u00f3digo Tribut\u00e1rio Municipal."}, {"id": "2228", "ano": "2023", "numero": "1", "tipo__sigla": "PLO", "tipo__descricao": "Projeto de Lei Ordin\u00e1ria", "autoria": "Prefeitura Municipal de Concei\u00e7\u00e3o de Macabu", "texto_original": "http://sapl.conceicaodemacabu.rj.leg.br/media/sapl/public/materialegislativa/2023/2228/plo_001-2023.pdf", "ementa": "Disp\u00f5e sobre a altera\u00e7\u00e3o da taxa de administra\u00e7\u00e3o para o custeio das despesas administrativas do Instituto de Previd\u00eancia e Assist\u00eancia dos Servidores P\u00fablicos do Munic\u00edpio de Concei\u00e7\u00e3o de Macabu - IPASCON, de que tratam o art. 21 da Lei Municipal n\u00ba 756 de 21 de dezembro de 2006 e o art. 84 da portaria MTP n\u00ba 1.467 de 02 de junho de 2022; e d\u00e1 outras provid\u00eancias."}, {"id": "2231", "ano": "2023", "numero": "2", "tipo__sigla": "PLO", "tipo__descricao": "Projeto de Lei Ordin\u00e1ria", "autoria": "Prefeitura Municipal de Concei\u00e7\u00e3o de Macabu", "texto_original": "http://sapl.conceicaodemacabu.rj.leg.br/media/sapl/public/materialegislativa/2023/2231/plo_02-2023_-_concede_revisao_geral_da_remuneracao_aos_servidores_do_executivo_municipal.pdf", "ementa": "Concede revis\u00e3o geral da remunera\u00e7\u00e3o aos servidores municipais de Concei\u00e7\u00e3o de Macabu na forma que especifica e d\u00e1 outras provid\u00eancias."}, {"id": "2232", "ano": "2023", "numero": "3", "tipo__sigla": "PLO", "tipo__descricao": "Projeto de Lei Ordin\u00e1ria", "autoria": "Nath\u00e1lia Braga", "texto_original": "http://sapl.conceicaodemacabu.rj.leg.br/media/sapl/public/materialegislativa/2023/2232/plo_03-2023_-_dispoe_sobre_a_revisao_geral_da_remuneracao_dos_seervidores_da_camara_municipal_de_conceicao_de_macabu_-_rj.pdf", "ementa": "Disp\u00f5e sobre revis\u00e3o geral da remunera\u00e7\u00e3o dos Servidores da C\u00e2mara Municipal de Concei\u00e7\u00e3o de Macabu/RJ e d\u00e1 outras provid\u00eancias."}, {"id": "2242", "ano": "2023", "numero": "4", "tipo__sigla": "PLO", "tipo__descricao": "Projeto de Lei Ordin\u00e1ria", "autoria": "Prefeitura Municipal de Concei\u00e7\u00e3o de Macabu", "texto_original": "http://sapl.conceicaodemacabu.rj.leg.br/media/sapl/public/materialegislativa/2023/2242/plo_04-2023_-_cria_o_programa_de_inclusao_social_com_capacitacao_profissional_de_jovens_.pdf", "ementa": "Cria o programa de inclus\u00e3o social com capacita\u00e7\u00e3o profissional de jovens em situa\u00e7\u00e3o de vulnerabilidade social: gera\u00e7\u00e3o jovem, em \u00e2mbito municipal e d\u00e1 outras provid\u00eancias."}, {"id": "2245", "ano": "2023", "numero": "5", "tipo__sigla": "PLO", "tipo__descricao": "Projeto de Lei Ordin\u00e1ria", "autoria": "Nath\u00e1lia Braga", "texto_original": "http://sapl.conceicaodemacabu.rj.leg.br/media/sapl/public/materialegislativa/2023/2245/plo_05-2021_-_altera_dispositivo_da_lei_no_1.429-016_que_dispoe_sobre_a_instituicao_do_do.pdf", "ementa": "Altera dispositivo da Lei n\u00ba 1.429/2016, que disp\u00f5e sobre a Institui\u00e7\u00e3o do Di\u00e1rio Oficial Eletr\u00f4nico, como ve\u00edculo oficial de divulga\u00e7\u00e3o do Poder Executivo Municipal, e d\u00e1 outras provid\u00eancias."}, {"id": "2248", "ano": "2023", "numero": "6", "tipo__sigla": "PLO", "tipo__descricao": "Projeto de Lei Ordin\u00e1ria", "autoria": "Prefeitura Municipal de Concei\u00e7\u00e3o de Macabu", "texto_original": "http://sapl.conceicaodemacabu.rj.leg.br/media/sapl/public/materialegislativa/2023/2248/plo_06_retirada.pdf", "ementa": "Disp\u00f5e sobre a cria\u00e7\u00e3o da Secretaria Municipal de prote\u00e7\u00e3o e Defesa Civil e de cargo em comiss\u00e3o da administra\u00e7\u00e3o direta do munic\u00edpio de Concei\u00e7\u00e3o de Macabu."}, {"id": "2290", "ano": "2023", "numero": "7", "tipo__sigla": "PLO", "tipo__descricao": "Projeto de Lei Ordin\u00e1ria", "autoria": "Nath\u00e1lia Sandro Tcharles Lucas Tic\u00f3", "texto_original": "http://sapl.conceicaodemacabu.rj.leg.br/media/sapl/public/materialegislativa/2023/2290/plo_07-2023_-_cria_cargos_na_c.m.c.m_retirado.pdf", "ementa": "Acrescenta dispositivos e altera anexo \u00e0 lei 1.772, de 10 de maio de 2022, que disp\u00f5e sobre a reforma na estrutura administrativa da C\u00e2mara Municipal de Concei\u00e7\u00e3o de Macabu, e d\u00e1 outras provid\u00eancias."}, {"id": "2292", "ano": "2023", "numero": "8", "tipo__sigla": "PLO", "tipo__descricao": "Projeto de Lei Ordin\u00e1ria", "autoria": "Prefeitura Municipal de Concei\u00e7\u00e3o de Macabu", "texto_original": "http://sapl.conceicaodemacabu.rj.leg.br/media/sapl/public/materialegislativa/2023/2292/plo_08-2023_-_altera_nomeiclatura_e_simbologia_do_cargo_de_assessor_contabil.pdf", "ementa": "Disp\u00f5e sobre a altera\u00e7\u00e3o da lei n\u00ba 1.785/2022 que criou e extinguiu cargo em comiss\u00e3o da Administra\u00e7\u00e3o Direta do Munic\u00edpio de Concei\u00e7\u00e3o de Macabu e d\u00e1 outras provid\u00eancias."}, {"id": "2293", "ano": "2023", "numero": "9", "tipo__sigla": "PLO", "tipo__descricao": "Projeto de Lei Ordin\u00e1ria", "autoria": "Prefeitura Municipal de Concei\u00e7\u00e3o de Macabu", "texto_original": "http://sapl.conceicaodemacabu.rj.leg.br/media/sapl/public/materialegislativa/2023/2293/plo_09-2023_-_cria_o_adicional_de_assessoramento_e_cooperacao_tecnica_em_execucao_fiscal.pdf", "ementa": "Disp\u00f5e sobre a cria\u00e7\u00e3o de adicional de assessoramento e coopera\u00e7\u00e3o t\u00e9cnica em execu\u00e7\u00e3o fiscal aos servidores do quadro de pessoal da Prefeitura Municipal de Concei\u00e7\u00e3o de Macabu e d\u00e1 outras provid\u00eancias."}, {"id": "2294", "ano": "2023", "numero": "10", "tipo__sigla": "PLO", "tipo__descricao": "Projeto de Lei Ordin\u00e1ria", "autoria": "Prefeitura Municipal de Concei\u00e7\u00e3o de Macabu", "texto_original": "http://sapl.conceicaodemacabu.rj.leg.br/media/sapl/public/materialegislativa/2023/2294/plo_10-2023_-_institui_a_politica_municipal_de_educacao_ambiental_e_da_outras_providencias.pdf", "ementa": "Institui a Pol\u00edtica Municipal de Educa\u00e7\u00e3o Ambiental  e d\u00e1 outras provid\u00eancias"}, {"id": "2295", "ano": "2023", "numero": "11", "tipo__sigla": "PLO", "tipo__descricao": "Projeto de Lei Ordin\u00e1ria", "autoria": "Prefeitura Municipal de Concei\u00e7\u00e3o de Macabu", "texto_original": "http://sapl.conceicaodemacabu.rj.leg.br/media/sapl/public/materialegislativa/2023/2295/plo_11-2023_-_dispoe_sobre_procedimentos_para_regularizacao_fundiaria_urbana.pdf", "ementa": "Institui no \u00e2mbito do munic\u00edpio de Concei\u00e7\u00e3o de Macabu/RJ os procedimentos para Regulariza\u00e7\u00e3o Fundi\u00e1ria Urbana - REURB."}, {"id": "2296", "ano": "2023", "numero": "12", "tipo__sigla": "PLO", "tipo__descricao": "Projeto de Lei Ordin\u00e1ria", "autoria": "Prefeitura Municipal de Concei\u00e7\u00e3o de Macabu", "texto_original": "http://sapl.conceicaodemacabu.rj.leg.br/media/sapl/public/materialegislativa/2023/2296/plo_12-2023_-_concede_diarias_a_enfermeiros_e_tecnicos_em_enfermagem.pdf", "ementa": "Altera a Lei Municipal n\u00ba 1.418/2018, que disp\u00f5e sobre a concess\u00e3o de di\u00e1rias no \u00e2mbito do Fundo Municipal de Sa\u00fade e do Fundo Municipal de Promo\u00e7\u00e3o e Desenvolvimento Social."}, {"id": "2323", "ano": "2023", "numero": "13", "tipo__sigla": "PLO", "tipo__descricao": "Projeto de Lei Ordin\u00e1ria", "autoria": "Tic\u00f3", "texto_original": "http://sapl.conceicaodemacabu.rj.leg.br/media/sapl/public/materialegislativa/2023/2323/plo_13-2023_-_dia_do_autismo_e_mes_abril_azul.pdf", "ementa": "Institui e inclui o \u201cDia Municipal da Conscientiza\u00e7\u00e3o do Autismo\u201d e o \u201cM\u00eas Abril Azul\u201d no Calend\u00e1rio Oficial de Concei\u00e7\u00e3o de Macabu/RJ."}, {"id": "2331", "ano": "2023", "numero": "14", "tipo__sigla": "PLO", "tipo__descricao": "Projeto de Lei Ordin\u00e1ria", "autoria": "Nath\u00e1lia Braga", "texto_original": "http://sapl.conceicaodemacabu.rj.leg.br/media/sapl/public/materialegislativa/2023/2331/plo_14-2023_-_dispoe_sobre_a_obbrigatoriedade_de_instalacao_de_detectores_de_metais_nas_escolas_publicas_retirado.pdf", "ementa": "Disp\u00f5e, no \u00e2mbito do munic\u00edpio de Concei\u00e7\u00e3o de Macabu/RJ, sobre a obrigatoriedade de instalar detectores de metais nas escolas p\u00fablicas municipais, e d\u00e1 outras provid\u00eancias."}, {"id": "2332", "ano": "2023", "numero": "15", "tipo__sigla": "PLO", "tipo__descricao": "Projeto de Lei Ordin\u00e1ria", "autoria": "Prefeitura Municipal de Concei\u00e7\u00e3o de Macabu", "texto_original": "http://sapl.conceicaodemacabu.rj.leg.br/media/sapl/public/materialegislativa/2023/2332/plo_15-2023_-_execucao_da_lei_orcamenaria_para_o_exercicio_de_2024.pdf", "ementa": "Execu\u00e7\u00e3o da Lei Or\u00e7ament\u00e1ria de Concei\u00e7\u00e3o de Macabu - RJ para o exerc\u00edcio de 2024."}, {"id": "2339", "ano": "2023", "numero": "16", "tipo__sigla": "PLO", "tipo__descricao": "Projeto de Lei Ordin\u00e1ria", "autoria": "Prefeitura Municipal de Concei\u00e7\u00e3o de Macabu", "texto_original": "http://sapl.conceicaodemacabu.rj.leg.br/media/sapl/public/materialegislativa/2023/2339/plo_16_-_2023_-_altera_a_estrutura_orcamentaria_e__qdd_da_lei_1829-2022.pdf", "ementa": "Altera a estrutura or\u00e7ament\u00e1ria e Quadro de Detalhamento das Despesas - QDD, estabelecida na Lei Municipal N\u00ba 1.8292022 de 15/12/2022 - Lei Or\u00e7ament\u00e1ria para o exerc\u00edcio de 2023 do Munic\u00edpio de Concei\u00e7\u00e3o de Macabu."}, {"id": "2336", "ano": "2023", "numero": "17", "tipo__sigla": "PLO", "tipo__descricao": "Projeto de Lei Ordin\u00e1ria", "autoria": "Prefeitura Municipal de Concei\u00e7\u00e3o de Macabu", "texto_original": "http://sapl.conceicaodemacabu.rj.leg.br/media/sapl/public/materialegislativa/2023/2336/plo_17-2023_-_abertura_de_credito_suplementar_para_o_orcamento_geral.pdf", "ementa": "Disp\u00f5e sobre a abertura de cr\u00e9dito suplementar para o or\u00e7amento geral do munic\u00edpio de Concei\u00e7\u00e3o de Macabu e d\u00e1 outras provid\u00eancias."}, {"id": "2340", "ano": "2023", "numero": "18", "tipo__sigla": "PLO", "tipo__descricao": "Projeto de Lei Ordin\u00e1ria", "autoria": "Tic\u00f3", "texto_original": "http://sapl.conceicaodemacabu.rj.leg.br/media/sapl/public/materialegislativa/2023/2340/plo_18-2023_-_cordao_de_girassol.pdf", "ementa": "Disp\u00f5e sobre as normas de concess\u00e3o e utiliza\u00e7\u00e3o do cord\u00e3o de girassol como s\u00edmbolo de identifica\u00e7\u00e3o das pessoas com defici\u00eancias ocultas no munic\u00edpio de Concei\u00e7\u00e3o de Macabu/RJ."}, {"id": "2354", "ano": "2023", "numero": "19", "tipo__sigla": "PLO", "tipo__descricao": "Projeto de Lei Ordin\u00e1ria", "autoria": "Nath\u00e1lia Sandro Tcharles Lucas Tic\u00f3", "texto_original": "http://sapl.conceicaodemacabu.rj.leg.br/media/sapl/public/materialegislativa/2023/2354/plo_19-2023_-_altera_a_lei_1772-2022_em_anexos.pdf", "ementa": "Altera dispositivos e anexos da Lei n\u00b0 1.772, de 10 de maio de 2022, e d\u00e1 outras provid\u00eancias."}, {"id": "2375", "ano": "2023", "numero": "20", "tipo__sigla": "PLO", "tipo__descricao": "Projeto de Lei Ordin\u00e1ria", "autoria": "Tcharles", "texto_original": "http://sapl.conceicaodemacabu.rj.leg.br/media/sapl/public/materialegislativa/2023/2375/plo_20-2023_-_dispoe_sobre_a_proibicao_da_soltura_de_fogos_de_artificio_e_artefatos_pirotecnicos.pdf", "ementa": "Disp\u00f5e sobre a proibi\u00e7\u00e3o da soltura de fogos de artif\u00edcio e artefatos pirot\u00e9cnicos, que produzam estampido, no \u00e2mbito do Munic\u00edpio de Concei\u00e7\u00e3o de Macabu e d\u00e1 outras provid\u00eancias."}, {"id": "2380", "ano": "2023", "numero": "21", "tipo__sigla": "PLO", "tipo__descricao": "Projeto de Lei Ordin\u00e1ria", "autoria": "Prefeitura Municipal de Concei\u00e7\u00e3o de Macabu", "texto_original": "http://sapl.conceicaodemacabu.rj.leg.br/media/sapl/public/materialegislativa/2023/2380/plo_21-2023_-_cria_cargo_em_comissao_da_administracao_direta_do_municipio_de_conceicao_de_macabu_e_da_outras_providencias.pdf", "ementa": "Cria cargo em comiss\u00e3o da Administra\u00e7\u00e3o Direta do munic\u00edpio de Concei\u00e7\u00e3o de Macabu e d\u00e1 outras provid\u00eancias."}, {"id": "2381", "ano": "2023", "numero": "22", "tipo__sigla": "PLO", "tipo__descricao": "Projeto de Lei Ordin\u00e1ria", "autoria": "Prefeitura Municipal de Concei\u00e7\u00e3o de Macabu", "texto_original": "http://sapl.conceicaodemacabu.rj.leg.br/media/sapl/public/materialegislativa/2023/2381/plo_22-2023_-_concede_revisao_geral_executivo_para_atingir_r_1.320.pdf", "ementa": "Concede Revis\u00e3o Geral da remunera\u00e7\u00e3o aos servidores municipais de Concei\u00e7\u00e3o de Macabu na forma que especifica e d\u00e1 outras provid\u00eancias."}, {"id": "2382", "ano": "2023", "numero": "23", "tipo__sigla": "PLO", "tipo__descricao": "Projeto de Lei Ordin\u00e1ria", "autoria": "Sandro Daumas", "texto_original": "http://sapl.conceicaodemacabu.rj.leg.br/media/sapl/public/materialegislativa/2023/2382/plo_20-2023_-_limita_a_distancia_de_emissao_de_sons_e_ruidos_que_prejudiquem_o_bem_estar_da_pessoa_com_autismo..pdf", "ementa": "Limita a dist\u00e2ncia de emiss\u00e3o de sons e ru\u00eddos que prejudiquem o bem estar da pessoa com Transtorno do  Espectro Autista em espa\u00e7os p\u00fablicos no \u00e2mbito do Munic\u00edpio de Concei\u00e7\u00e3o de Macabu/RJ."}, {"id": "2383", "ano": "2023", "numero": "24", "tipo__sigla": "PLO", "tipo__descricao": "Projeto de Lei Ordin\u00e1ria", "autoria": "Dhal", "texto_original": "http://sapl.conceicaodemacabu.rj.leg.br/media/sapl/public/materialegislativa/2023/2383/plo_24-2023_-_banco_de_oferta_e_demanda_de_voluntarios.pdf", "ementa": "Fica criado no munic\u00edpio de Concei\u00e7\u00e3o de Macabu/RJ o Banco de Oferta e Demanda de Servi\u00e7os Volunt\u00e1rios."}, {"id": "2389", "ano": "2023", "numero": "25", "tipo__sigla": "PLO", "tipo__descricao": "Projeto de Lei Ordin\u00e1ria", "autoria": "Tic\u00f3", "texto_original": "http://sapl.conceicaodemacabu.rj.leg.br/media/sapl/public/materialegislativa/2023/2389/plo_25-2023_-_dispoe_sobre_adocao_de_medidas_visando_a_sinalizacao_de_aviso_de_inicio_de_atividades_em_escolas_municipais.pdf", "ementa": "Determina a substitui\u00e7\u00e3o das sirenes nos estabelecimentos de ensino p\u00fablicos e privados, a fim de mitigar inc\u00f4modos sensoriais dos alunos com Transtorno do Espectro Autista (TEA)."}, {"id": "2391", "ano": "2023", "numero": "26", "tipo__sigla": "PLO", "tipo__descricao": "Projeto de Lei Ordin\u00e1ria", "autoria": "Sandro Daumas", "texto_original": "http://sapl.conceicaodemacabu.rj.leg.br/media/sapl/public/materialegislativa/2023/2391/plo_26-2023_-_torna_obrigatoria_a_comunicacao_ao_ministerio_publico_de_casos_onde_haja_maus-tratos_a_pessoa_com_deficiencia.pdf", "ementa": "Torna obrigat\u00f3ria a comunica\u00e7\u00e3o ao Minist\u00e9rio P\u00fablico de casos onde haja maus-tratos a Pessoa com Defici\u00eancia atendidas pelas redes p\u00fablicas e privadas de sa\u00fade no \u00e2mbito do Munic\u00edpio de Concei\u00e7\u00e3o de Macabu."}, {"id": "2392", "ano": "2023", "numero": "27", "tipo__sigla": "PLO", "tipo__descricao": "Projeto de Lei Ordin\u00e1ria", "autoria": "Sandro Daumas", "texto_original": "http://sapl.conceicaodemacabu.rj.leg.br/media/sapl/public/materialegislativa/2023/2392/plo_27-2023_-_torna_obrigatoria_a_comunicacao_ao_ministerio_publico_de_casos_onde_haja_maus-tratos_a_idosos.pdf", "ementa": "Torna obrigat\u00f3ria a comunica\u00e7\u00e3o ao Minist\u00e9rio P\u00fablico de casos onde haja maus-tratos a Idosos atendidos pelas redes p\u00fablicas e privadas de sa\u00fade no \u00e2mbito do Munic\u00edpio de Concei\u00e7\u00e3o de Macabu."}, {"id": "2393", "ano": "2023", "numero": "28", "tipo__sigla": "PLO", "tipo__descricao": "Projeto de Lei Ordin\u00e1ria", "autoria": "Sandro Daumas", "texto_original": "http://sapl.conceicaodemacabu.rj.leg.br/media/sapl/public/materialegislativa/2023/2393/plo_28-2023_-_bancos_servicos_presenciais_e_on-line.pdf", "ementa": "Determina a disponibiliza\u00e7\u00e3o, pelas institui\u00e7\u00f5es banc\u00e1rias, dos mesmos servi\u00e7os nos atendimentos presencial e n\u00e3o presencial ou on-line, no \u00e2mbito do munic\u00edpio de Concei\u00e7\u00e3o de Macabu e d\u00e1 outras provid\u00eancias."}, {"id": "2394", "ano": "2023", "numero": "29", "tipo__sigla": "PLO", "tipo__descricao": "Projeto de Lei Ordin\u00e1ria", "autoria": "Sandro Daumas", "texto_original": "http://sapl.conceicaodemacabu.rj.leg.br/media/sapl/public/materialegislativa/2023/2394/plo_29-2023_-_determina_a_instalacao_de_fraldarios_em_escolas_municipais.pdf", "ementa": "Determina a instala\u00e7\u00e3o de frald\u00e1rios em escolas municipais que tiverem alunos matriculados que necessitem do uso de fraldas."}, {"id": "2395", "ano": "2023", "numero": "30", "tipo__sigla": "PLO", "tipo__descricao": "Projeto de Lei Ordin\u00e1ria", "autoria": "Sandro Daumas", "texto_original": "http://sapl.conceicaodemacabu.rj.leg.br/media/sapl/public/materialegislativa/2023/2395/plo_30-2023_-_institui_o_programa_de_apoio_a_qualidade_nas_escolas.pdf", "ementa": "Institui o programa de apoio \u00e0 qualidade nas escolas e d\u00e1 outras provid\u00eancias no \u00e2mbito do munic\u00edpio de Concei\u00e7\u00e3o de Macabu-RJ."}, {"id": "2396", "ano": "2023", "numero": "31", "tipo__sigla": "PLO", "tipo__descricao": "Projeto de Lei Ordin\u00e1ria", "autoria": "Sandro Daumas", "texto_original": "http://sapl.conceicaodemacabu.rj.leg.br/media/sapl/public/materialegislativa/2023/2396/plo_31-2023_-_cria_o_protocolo_nao_e_nao.pdf", "ementa": "Cria o \u201cProtocolo N\u00e3o \u00e9 N\u00e3o\u201d de atendimento \u00e0 mulher v\u00edtima de viol\u00eancia sexual ou ass\u00e9dio em estabelecimentos noturnos e em eventos festivos."}, {"id": "2397", "ano": "2023", "numero": "32", "tipo__sigla": "PLO", "tipo__descricao": "Projeto de Lei Ordin\u00e1ria", "autoria": "Sandro Daumas", "texto_original": "http://sapl.conceicaodemacabu.rj.leg.br/media/sapl/public/materialegislativa/2023/2397/plo_32-2023_-_cria_a_campanha_amamentacao_e_um_direito.pdf", "ementa": "Cria a campanha \"AMAMENTA\u00c7\u00c3O \u00c9 UM DIREITO\" no \u00e2mbito do munic\u00edpio de Concei\u00e7\u00e3o de Macabu."}, {"id": "2404", "ano": "2023", "numero": "33", "tipo__sigla": "PLO", "tipo__descricao": "Projeto de Lei Ordin\u00e1ria", "autoria": "Nath\u00e1lia Braga", "texto_original": "http://sapl.conceicaodemacabu.rj.leg.br/media/sapl/public/materialegislativa/2023/2404/plo_33-2023_-_institui_o_programa_de_incentivo_ao_emprego_para_maes_solo.pdf", "ementa": "Institui o Programa de Incentivo ao Emprego para M\u00e3es Solo no Munic\u00edpio de Concei\u00e7\u00e3o de Macabu/RJ, e d\u00e1 outras provid\u00eancias."}, {"id": "2407", "ano": "2023", "numero": "34", "tipo__sigla": "PLO", "tipo__descricao": "Projeto de Lei Ordin\u00e1ria", "autoria": "Ga\u00facho", "texto_original": "http://sapl.conceicaodemacabu.rj.leg.br/media/sapl/public/materialegislativa/2023/2407/plo_34-2023_-_denomina_rua_jose_pereira_de_sousa_via_publica.pdf", "ementa": "Denomina \"RUA JOS\u00c9 PEREIRA DE SOUSA\" via p\u00fablica localizada no bairro do Porto, e d\u00e1 outras provid\u00eancias."}, {"id": "2416", "ano": "2023", "numero": "35", "tipo__sigla": "PLO", "tipo__descricao": "Projeto de Lei Ordin\u00e1ria", "autoria": "Nath\u00e1lia Sandro Tcharles Lucas Tic\u00f3", "texto_original": "http://sapl.conceicaodemacabu.rj.leg.br/media/sapl/public/materialegislativa/2023/2416/plo_35-2023_-_declara_de_utilidade_publica_municipal_a_associacao_comunitaria_de_radio_macabu_livre_modelo_fm.pdf", "ementa": "Declara de Utilidade P\u00fablica Municipal a Associa\u00e7\u00e3o Comunit\u00e1ria de R\u00e1dio Macabu Livre (MODELO FM)."}, {"id": "2434", "ano": "2023", "numero": "36", "tipo__sigla": "PLO", "tipo__descricao": "Projeto de Lei Ordin\u00e1ria", "autoria": "Prefeitura Municipal de Concei\u00e7\u00e3o de Macabu", "texto_original": "http://sapl.conceicaodemacabu.rj.leg.br/media/sapl/public/materialegislativa/2023/2434/plo_36-2023.pdf", "ementa": "Disp\u00f5e sobre a cria\u00e7\u00e3o, implanta\u00e7\u00e3o e estrutura\u00e7\u00e3o do departamento de prote\u00e7\u00e3o ao consumidor - PROCON -, al\u00e9m de definir as atribui\u00e7\u00f5es de seus membros, no \u00e2mbito do Munic\u00edpio de Concei\u00e7\u00e3o de Macabu-RJ e d\u00e1 outras provid\u00eancias."}, {"id": "2456", "ano": "2023", "numero": "37", "tipo__sigla": "PLO", "tipo__descricao": "Projeto de Lei Ordin\u00e1ria", "autoria": "Dhal", "texto_original": "http://sapl.conceicaodemacabu.rj.leg.br/media/sapl/public/materialegislativa/2023/2456/plo_37-2023_-_denomina_campo_society_altair_bernadino.pdf", "ementa": "Denomina campo society localizado no Porto Novo, como \u201cCampo Society Altenir Bernardino\u201d, e d\u00e1 outras provid\u00eancias."}, {"id": "2468", "ano": "2023", "numero": "38", "tipo__sigla": "PLO", "tipo__descricao": "Projeto de Lei Ordin\u00e1ria", "autoria": "Nath\u00e1lia Braga", "texto_original": "http://sapl.conceicaodemacabu.rj.leg.br/media/sapl/public/materialegislativa/2023/2468/plo_38-2023_-_pais_autistas.pdf", "ementa": "Disp\u00f5e sobre a prioridade de atendimento aos pais e/ou respons\u00e1veis de pessoas com Transtorno do Espectro Autista nos \u00f3rg\u00e3os p\u00fablicos, estabelecimentos comerciais e institui\u00e7\u00f5es financeiras e d\u00e1 outras provid\u00eancias."}, {"id": "2498", "ano": "2023", "numero": "39", "tipo__sigla": "PLO", "tipo__descricao": "Projeto de Lei Ordin\u00e1ria", "autoria": "Prefeitura Municipal de Concei\u00e7\u00e3o de Macabu", "texto_original": "http://sapl.conceicaodemacabu.rj.leg.br/media/sapl/public/materialegislativa/2023/2498/plo_39-2023_-_altera_a_lei_1456-2017_que_trata_sobre_rpv_conforme_ec_62-2009.pdf", "ementa": "Altera o par\u00e1grafo \u00fanico do artigo 1\u00ba da Lei Municipal n\u00ba 1.456/2017 que defini, no Munic\u00edpio de Concei\u00e7\u00e3o de Macabu, o valor para pagamento das obriga\u00e7\u00f5es de pequeno valor/RPV, decorrentes de decis\u00f5es judiciais, nos temos do art. 100, \u00a7\u00a7 3\u00ba e 4\u00ba da constitui\u00e7\u00e3o federal com reda\u00e7\u00e3o dada pela EC n\u00ba 62, de  09 de dezembro de 2009 e d\u00e1 outras provid\u00eancias."}, {"id": "2517", "ano": "2023", "numero": "40", "tipo__sigla": "PLO", "tipo__descricao": "Projeto de Lei Ordin\u00e1ria", "autoria": "Ga\u00facho", "texto_original": "http://sapl.conceicaodemacabu.rj.leg.br/media/sapl/public/materialegislativa/2023/2517/plo_40-2023_-_denomina_como_travessa_magali_maria_da_silva_a_via_publica_no_bairro_usina.pdf", "ementa": "Denomina como Travessa Magali Maria da Silva via p\u00fablica localizada no bairro Usina, perpendicular \u00e0 Avenida Victor Sence."}, {"id": "2530", "ano": "2023", "numero": "41", "tipo__sigla": "PLO", "tipo__descricao": "Projeto de Lei Ordin\u00e1ria", "autoria": "Prefeitura Municipal de Concei\u00e7\u00e3o de Macabu", "texto_original": "http://sapl.conceicaodemacabu.rj.leg.br/media/sapl/public/materialegislativa/2023/2530/plo_41-2023_-_loa.pdf", "ementa": "Estima a receita e fixa a despesa do munic\u00edpio de Concei\u00e7\u00e3o de Macabu para o exerc\u00edcio financeiro de 2024."}, {"id": "2531", "ano": "2023", "numero": "42", "tipo__sigla": "PLO", "tipo__descricao": "Projeto de Lei Ordin\u00e1ria", "autoria": "Prefeitura Municipal de Concei\u00e7\u00e3o de Macabu", "texto_original": "http://sapl.conceicaodemacabu.rj.leg.br/media/sapl/public/materialegislativa/2023/2531/plo_42-2023_-_retirado_pmcm.pdf", "ementa": "Disp\u00f5e sobre a altera\u00e7\u00e3o da lei n\u00ba 1.785/2022 que criou e extinguiu cargo em comiss\u00e3o da administra\u00e7\u00e3o direta do munic\u00edpio de Concei\u00e7\u00e3o de Macabu e d\u00e1 outras provid\u00eancias."}, {"id": "2541", "ano": "2023", "numero": "43", "tipo__sigla": "PLO", "tipo__descricao": "Projeto de Lei Ordin\u00e1ria", "autoria": "Prefeitura Municipal de Concei\u00e7\u00e3o de Macabu", "texto_original": "http://sapl.conceicaodemacabu.rj.leg.br/media/sapl/public/materialegislativa/2023/2541/plo_43-2023_-_piso_da_enfermagem.pdf", "ementa": "Autoriza o Poder Executivo Municipal a complementar o Piso da Enfermagem."}, {"id": "2550", "ano": "2023", "numero": "44", "tipo__sigla": "PLO", "tipo__descricao": "Projeto de Lei Ordin\u00e1ria", "autoria": "Nath\u00e1lia Braga", "texto_original": "http://sapl.conceicaodemacabu.rj.leg.br/media/sapl/public/materialegislativa/2023/2550/plo_44-2023.pdf", "ementa": "Denomina como Rua Jos\u00e9 de Ara\u00fajo Rosa a via p\u00fablica localizada no bairro da Vila S\u00e3o Jos\u00e9 perpendicular \u00e0 Rua Pastor Manoel de Brito."}, {"id": "2559", "ano": "2023", "numero": "45", "tipo__sigla": "PLO", "tipo__descricao": "Projeto de Lei Ordin\u00e1ria", "autoria": "Nath\u00e1lia Braga, Nath\u00e1lia Sandro Tcharles Lucas Tic\u00f3", "texto_original": "http://sapl.conceicaodemacabu.rj.leg.br/media/sapl/public/materialegislativa/2023/2559/plo_45-2023.pdf", "ementa": "Disp\u00f5e Sobre a Concess\u00e3o de Aux\u00edlio-Alimenta\u00e7\u00e3o Mensal aos Servidores Municipais do Poder Legislativo de Concei\u00e7\u00e3o de Macabu/RJ, e D\u00e1 Outras Provid\u00eancias."}, {"id": "2564", "ano": "2023", "numero": "46", "tipo__sigla": "PLO", "tipo__descricao": "Projeto de Lei Ordin\u00e1ria", "autoria": "Prefeitura Municipal de Concei\u00e7\u00e3o de Macabu", "texto_original": "http://sapl.conceicaodemacabu.rj.leg.br/media/sapl/public/materialegislativa/2023/2564/plo_46-2023_-_altera_a_lei_municipal_n_1.329-2014_e_da_outras_providencias.pdf", "ementa": "Altera a Lei Municipal n\u00ba 1.329/2014 e d\u00e1 outras provid\u00eancias (Remunera\u00e7\u00e3o e carga hor\u00e1ria de Facilitador de Oficina e Orientador Social)."}, {"id": "2565", "ano": "2023", "numero": "47", "tipo__sigla": "PLO", "tipo__descricao": "Projeto de Lei Ordin\u00e1ria", "autoria": "Prefeitura Municipal de Concei\u00e7\u00e3o de Macabu", "texto_original": "http://sapl.conceicaodemacabu.rj.leg.br/media/sapl/public/materialegislativa/2023/2565/plo_47-2023_-_dispoe_sobre_a_abertura_de_credito_suplementar.pdf", "ementa": "Disp\u00f5e sobre a abertura de Cr\u00e9dito Suplementar para o or\u00e7amento geral do munic\u00edpio de Concei\u00e7\u00e3o de Macabu e d\u00e1 outras provid\u00eancias."}, {"id": "2566", "ano": "2023", "numero": "48", "tipo__sigla": "PLO", "tipo__descricao": "Projeto de Lei Ordin\u00e1ria", "autoria": "Prefeitura Municipal de Concei\u00e7\u00e3o de Macabu", "texto_original": "http://sapl.conceicaodemacabu.rj.leg.br/media/sapl/public/materialegislativa/2023/2566/plo_48-2023_-_altera_dispositivos_da_lei_745-2006.pdf", "ementa": "Altera dispositivos da Lei Municipal n\u00ba 745/2006."}, {"id": "2567", "ano": "2023", "numero": "49", "tipo__sigla": "PLO", "tipo__descricao": "Projeto de Lei Ordin\u00e1ria", "autoria": "Prefeitura Municipal de Concei\u00e7\u00e3o de Macabu", "texto_original": "http://sapl.conceicaodemacabu.rj.leg.br/media/sapl/public/materialegislativa/2023/2567/plo_49-2023_-_conselho_municipal_de_meio_ambiente_-_comdema.pdf", "ementa": "Disp\u00f5e sobre o Conselho Municipal de Meio Ambiente - COMDEMA, conforme artigo 79 da Lei Municipal n\u00ba 1.877/2023 (C\u00f3digo Ambiental do Munic\u00edpio de Concei\u00e7\u00e3o de Macabu) e d\u00e1 outras provid\u00eancias"}, {"id": "2587", "ano": "2023", "numero": "50", "tipo__sigla": "PLO", "tipo__descricao": "Projeto de Lei Ordin\u00e1ria", "autoria": "Nath\u00e1lia Sandro Tcharles Lucas Tic\u00f3", "texto_original": "http://sapl.conceicaodemacabu.rj.leg.br/media/sapl/public/materialegislativa/2023/2587/plo_50-2023_abono_cmcm.pdf", "ementa": "Concede abono, no m\u00eas de dezembro de 2023, aos servidores da C\u00e2mara Municipal de Concei\u00e7\u00e3o de Macabu/RJ."}, {"id": "2599", "ano": "2023", "numero": "51", "tipo__sigla": "PLO", "tipo__descricao": "Projeto de Lei Ordin\u00e1ria", "autoria": "Dhal", "texto_original": "http://sapl.conceicaodemacabu.rj.leg.br/media/sapl/public/materialegislativa/2023/2599/plo_51-23.pdf", "ementa": "Institui a Carteira de Identifica\u00e7\u00e3o da Pessoa com Fribromialgia - CIPFIBRO no \u00e2mbito do munic\u00edpio de Concei\u00e7\u00e3o de Macabu/RJ."}, {"id": "2603", "ano": "2023", "numero": "53", "tipo__sigla": "PLO", "tipo__descricao": "Projeto de Lei Ordin\u00e1ria", "autoria": "Prefeitura Municipal de Concei\u00e7\u00e3o de Macabu", "texto_original": "http://sapl.conceicaodemacabu.rj.leg.br/media/sapl/public/materialegislativa/2023/2603/plo_53-2023_-_altera_artigos_incisos_e_paragrafos_da_lei_n_282_que_cria_o_conselho_municipal_de_educacao..pdf", "ementa": "Disp\u00f5e sobre a altera\u00e7\u00e3o de artigos, incisos e par\u00e1grafos da Lei Municipal n\u00ba 282, de 05 de dezembro de 1996, que cria o Conselho Municipal de Educa\u00e7\u00e3o."}, {"id": "2612", "ano": "2023", "numero": "54", "tipo__sigla": "PLO", "tipo__descricao": "Projeto de Lei Ordin\u00e1ria", "autoria": "Prefeitura Municipal de Concei\u00e7\u00e3o de Macabu", "texto_original": "http://sapl.conceicaodemacabu.rj.leg.br/media/sapl/public/materialegislativa/2023/2612/plo_54-2023_-_altera_a_lei_725-2006_que_criou_a_gratificacao_de_funcao_da_comissao_permanente_de_licitacao..pdf", "ementa": "Revoga o artigo 1\u00ba da Lei n\u00ba 725/2006, que criou a gratifica\u00e7\u00e3o de fun\u00e7\u00e3o da Comiss\u00e3o Permanente de Licita\u00e7\u00e3o e demais membros para alterar a denomina\u00e7\u00e3o para Comiss\u00e3o Permanente de Contratos, conforme artigo 52 da Lei n\u00ba 1.554/2018 e da outras provid\u00eancias."}, {"id": "2615", "ano": "2023", "numero": "55", "tipo__sigla": "PLO", "tipo__descricao": "Projeto de Lei Ordin\u00e1ria", "autoria": "Prefeitura Municipal de Concei\u00e7\u00e3o de Macabu", "texto_original": "http://sapl.conceicaodemacabu.rj.leg.br/media/sapl/public/materialegislativa/2023/2615/plo_55-2023_-_altera_dispositivos_da_lei_do_cartao_alimentacao.pdf", "ementa": "Concede reajuste ao valor do \"Cart\u00e3o Alimenta\u00e7\u00e3o\" e d\u00e1 outras provid\u00eancias."}, {"id": "2282", "ano": "2023", "numero": "1", "tipo__sigla": "SPLO", "tipo__descricao": "Projeto Substitutivo", "autoria": "Prefeitura Municipal de Concei\u00e7\u00e3o de Macabu", "texto_original": "http://sapl.conceicaodemacabu.rj.leg.br/media/sapl/public/materialegislativa/2023/2282/substitutivo_01-2023_-_dispoe_sobre_a_secretaria_municipal_de_protecao_e_defesa_civil.pdf", "ementa": "Disp\u00f5e sobre a cria\u00e7\u00e3o da Secretaria Municipal de Prote\u00e7\u00e3o e Defesa Civil e de Cargos em Comiss\u00e3o da Administra\u00e7\u00e3o Direta do Munic\u00edpio de Concei\u00e7\u00e3o de Macabu e d\u00e1 outras provid\u00eancias."}, {"id": "2229", "ano": "2023", "numero": "1", "tipo__sigla": "VETO", "tipo__descricao": "Veto", "autoria": "Prefeitura Municipal de Concei\u00e7\u00e3o de Macabu", "texto_original": "http://sapl.conceicaodemacabu.rj.leg.br/media/sapl/public/materialegislativa/2023/2229/veto_01-2023.pdf", "ementa": "Veta totalmente o Projeto de Lei n.\u00ba 94/2022, que \"Autoriza o Poder Executivo a conceder isen\u00e7\u00e3o do Imposto Predial e Territorial Urbano - IPTU incidente sobre im\u00f3veis edificados atingidos por enchentes e alagamentos causados pelas chuvas no \u00e2mbito do Munic\u00edpio de Concei\u00e7\u00e3o de Macabu-RJ e d\u00e1 outras provid\u00eancias\"."}, {"id": "2230", "ano": "2023", "numero": "2", "tipo__sigla": "VETO", "tipo__descricao": "Veto", "autoria": "Prefeitura Municipal de Concei\u00e7\u00e3o de Macabu", "texto_original": "http://sapl.conceicaodemacabu.rj.leg.br/media/sapl/public/materialegislativa/2023/2230/veto_02-2023.pdf", "ementa": "Veta totalmente o Projeto de Lei n.\u00ba 95/2022, que \"Revoga o inciso IV, do artigo 2\u00b0 da Lei Municipal 1824/2022\"."}, {"id": "2422", "ano": "2023", "numero": "3", "tipo__sigla": "VETO", "tipo__descricao": "Veto", "autoria": "Prefeitura Municipal de Concei\u00e7\u00e3o de Macabu", "texto_original": "http://sapl.conceicaodemacabu.rj.leg.br/media/sapl/public/materialegislativa/2023/2422/veto_03-23.pdf", "ementa": "Veta totalmente o Projeto de Lei n.\u00ba 20/2023, que \"Disp\u00f5e sobre a proibi\u00e7\u00e3o da soltura de fogos de artif\u00edcio e artefatos pirot\u00e9cnicos, que produzam estampido, no \u00e2mbito do Munic\u00edpio de Concei\u00e7\u00e3o de Macabu e d\u00e1 outras provid\u00eancias\"."}, {"id": "2286", "ano": "2023", "numero": "1", "tipo__sigla": "PDL", "tipo__descricao": "Projeto de Decreto Legislativo", "autoria": "Nath\u00e1lia Sandro Tcharles Lucas Tic\u00f3", "texto_original": "http://sapl.conceicaodemacabu.rj.leg.br/media/sapl/public/materialegislativa/2023/2286/pdl_001-2023_-_decreta_devolucao_do_bem_inscrito_sob._o_no_0727_plaqueta.pdf", "ementa": "Fica, com fulcro no artigo 10, IV do Decreto Legislativo n.\u00ba 02/2017, decretada a devolu\u00e7\u00e3o do bem inscrito sob o n.\u00ba 0727, plaqueta n.\u00ba 0517 (ve\u00edculo automotor Volkswagen Santana) ao \u00f3rg\u00e3o respons\u00e1vel pelo or\u00e7amento, Prefeitura Municipal de Concei\u00e7\u00e3o de Macabu/RJ, para destina\u00e7\u00e3o que melhor convier."}, {"id": "2236", "ano": "2023", "numero": "1", "tipo__sigla": "PRL", "tipo__descricao": "Projeto de Resolu\u00e7\u00e3o Legislativa", "autoria": "Nath\u00e1lia Sandro Tcharles Lucas Tic\u00f3", "texto_original": "http://sapl.conceicaodemacabu.rj.leg.br/media/sapl/public/materialegislativa/2023/2236/pre_001-2023_-_regulamenta_as_contratacoes_diretas_advindas_da_lei_n_14.133_que_dispoe_sobre_licitacoes_e_contratos_na_camara_municipal_de_conceicao_de_macabu_e_da_outras_providencias.pdf", "ementa": "REGULAMENTA AS CONTRATA\u00c7\u00d5ES DIRETAS ADVINDAS DA LEI N\u00ba 14.133, DE 1\u00ba DE ABRIL DE 2021, QUE DISP\u00d5E SOBRE LICITA\u00c7\u00d5ES E CONTRATOS, NA C\u00c2MARA MUNICIPAL DE CONCEI\u00c7\u00c3O DE MACABU E D\u00c1 OUTRAS PROVID\u00caNCIAS."}, {"id": "2235", "ano": "2023", "numero": "2", "tipo__sigla": "PRL", "tipo__descricao": "Projeto de Resolu\u00e7\u00e3o Legislativa", "autoria": "Nath\u00e1lia Sandro Tcharles Lucas Tic\u00f3", "texto_original": "http://sapl.conceicaodemacabu.rj.leg.br/media/sapl/public/materialegislativa/2023/2235/pre_002-2023_-_altera_inclui_e_revoga_dispositivos_do_regimento_interno_da_camara_municipal_de_conceicao_de_macabu-rj_e_da_outras_providencias.pdf", "ementa": "ALTERA, INCLUI E REVOGA DISPOSITIVOS DO REGIMENTO INTERNO DA C\u00c2MARA MUNICIPAL DE CONCEI\u00c7\u00c3O DE MACABU/RJ E D\u00c1 OUTRAS PROVID\u00caNCIAS."}, {"id": "2247", "ano": "2023", "numero": "3", "tipo__sigla": "PRL", "tipo__descricao": "Projeto de Resolu\u00e7\u00e3o Legislativa", "autoria": "Nath\u00e1lia Braga", "texto_original": "http://sapl.conceicaodemacabu.rj.leg.br/media/sapl/public/materialegislativa/2023/2247/pre_003-2023_-_institui_o_diploma_mulher_cidada_no_ambito_do_legislativo_e_da_outras_providencias.pdf", "ementa": "Institui o Diploma Mulher-Cidad\u00e3, no \u00e2mbito do Legislativo, e d\u00e1 outras provid\u00eancias."}, {"id": "2269", "ano": "2023", "numero": "4", "tipo__sigla": "PRL", "tipo__descricao": "Projeto de Resolu\u00e7\u00e3o Legislativa", "autoria": "Nath\u00e1lia Sandro Tcharles Lucas Tic\u00f3", "texto_original": "http://sapl.conceicaodemacabu.rj.leg.br/media/sapl/public/materialegislativa/2023/2269/pre_004-2023_-_concede_diploma_mulher_cidada_a_sra._maria_luciete_ribeiro_da_silva.pdf", "ementa": "Concede o Diploma Mulher-Cidad\u00e3 \u00e0 Sra. Maria Luciete Ribeiro da Silva."}, {"id": "2270", "ano": "2023", "numero": "5", "tipo__sigla": "PRL", "tipo__descricao": "Projeto de Resolu\u00e7\u00e3o Legislativa", "autoria": "Nath\u00e1lia Sandro Tcharles Lucas Tic\u00f3", "texto_original": "http://sapl.conceicaodemacabu.rj.leg.br/media/sapl/public/materialegislativa/2023/2270/pre_05-2023_-_concede_diploma_mulher_cidada_a_maria_aparecida_nines.pdf", "ementa": "Concede o Diploma Mulher-Cidad\u00e3 \u00e0 Sra. Maria Aparecida Ferreira Nines."}, {"id": "2271", "ano": "2023", "numero": "6", "tipo__sigla": "PRL", "tipo__descricao": "Projeto de Resolu\u00e7\u00e3o Legislativa", "autoria": "Nath\u00e1lia Sandro Tcharles Lucas Tic\u00f3", "texto_original": "http://sapl.conceicaodemacabu.rj.leg.br/media/sapl/public/materialegislativa/2023/2271/pre_06-2023_-_concede_diploma_mulher_cidada__amarcia_valentim.pdf", "ementa": "Concede o Diploma Mulher-Cidad\u00e3 \u00e0 Sra. Marcia Valentim Barcelos."}, {"id": "2272", "ano": "2023", "numero": "7", "tipo__sigla": "PRL", "tipo__descricao": "Projeto de Resolu\u00e7\u00e3o Legislativa", "autoria": "Nath\u00e1lia Sandro Tcharles Lucas Tic\u00f3", "texto_original": "http://sapl.conceicaodemacabu.rj.leg.br/media/sapl/public/materialegislativa/2023/2272/pre_007-2023_-_concede_diploma_mulher_cidada_a_marta_leal_tavares.pdf", "ementa": "Concede \u201cDiploma Mulher-Cidad\u00e3\u201d a Senhora Marta Leal Tavares, dentista, pelo seu exemplo de mulher e relevantes servi\u00e7os prestados a Concei\u00e7\u00e3o de Macabu/RJ."}, {"id": "2283", "ano": "2023", "numero": "8", "tipo__sigla": "PRL", "tipo__descricao": "Projeto de Resolu\u00e7\u00e3o Legislativa", "autoria": "Toninho da Sa\u00fade", "texto_original": "http://sapl.conceicaodemacabu.rj.leg.br/media/sapl/public/materialegislativa/2023/2283/pre_008-_2023_-_concede_titulo_de_cidadao_macabuense_ao_senhor_alberto_claudio_barbosa_rolim.pdf", "ementa": "Concede T\u00edtulo de Cidad\u00e3o Macabuense ao Sr. Alberto Cl\u00e1udio Barbosa Rolim."}, {"id": "2284", "ano": "2023", "numero": "9", "tipo__sigla": "PRL", "tipo__descricao": "Projeto de Resolu\u00e7\u00e3o Legislativa", "autoria": "Nath\u00e1lia Braga", "texto_original": "http://sapl.conceicaodemacabu.rj.leg.br/media/sapl/public/materialegislativa/2023/2284/pre_09-2023.pdf", "ementa": "Cria a Comiss\u00e3o Especial Tempor\u00e1ria do Poder Legislativo de Acompanhamento e Fiscaliza\u00e7\u00e3o de todos os atos do Poder Executivo relacionados ao cumprimento da Lei Federal n.\u00ba 11.738/2008, no que tange a 1/3 extraclasse pelo munic\u00edpio de Concei\u00e7\u00e3o de Macabu."}, {"id": "2287", "ano": "2023", "numero": "10", "tipo__sigla": "PRL", "tipo__descricao": "Projeto de Resolu\u00e7\u00e3o Legislativa", "autoria": "Ga\u00facho", "texto_original": "http://sapl.conceicaodemacabu.rj.leg.br/media/sapl/public/materialegislativa/2023/2287/pre_10-2023.pdf", "ementa": "Institui o Diploma Cidad\u00e3 \u2013 Centen\u00e1ria no \u00e2mbito do Poder Legislativo e d\u00e1 outras provid\u00eancias."}, {"id": "2352", "ano": "2023", "numero": "11", "tipo__sigla": "PRL", "tipo__descricao": "Projeto de Resolu\u00e7\u00e3o Legislativa", "autoria": "Ga\u00facho", "texto_original": "http://sapl.conceicaodemacabu.rj.leg.br/media/sapl/public/materialegislativa/2023/2352/pre_11-2023_-_concede_titulo_de_cidada_centenaria_a_senhora_lea_da_conceicao_dias.pdf", "ementa": "Fica concedido Diploma Cidad\u00e3-Centen\u00e1ria \u00e0 Senhora L\u00e9a da Concei\u00e7\u00e3o Dias pelo ac\u00famulo, ao longo de d\u00e9cadas, de experi\u00eancias, sabedoria e conhecimento que muito orgulha a todos os macabuenses."}, {"id": "2390", "ano": "2023", "numero": "12", "tipo__sigla": "PRL", "tipo__descricao": "Projeto de Resolu\u00e7\u00e3o Legislativa", "autoria": "Nath\u00e1lia Sandro Tcharles Lucas Tic\u00f3", "texto_original": "http://sapl.conceicaodemacabu.rj.leg.br/media/sapl/public/materialegislativa/2023/2390/pre_012-2023_-_dispoe_sobre_as_honrarias_da_camara_municipal_de_conceicao_de_macabu.pdf", "ementa": "Disp\u00f5e sobre as honrarias pass\u00edveis de concess\u00e3o em Sess\u00e3o Solene na C\u00e2mara Municipal de Concei\u00e7\u00e3o de Macabu/RJ."}, {"id": "2406", "ano": "2023", "numero": "13", "tipo__sigla": "PRL", "tipo__descricao": "Projeto de Resolu\u00e7\u00e3o Legislativa", "autoria": "Nath\u00e1lia Sandro Tcharles Lucas Tic\u00f3", "texto_original": "http://sapl.conceicaodemacabu.rj.leg.br/media/sapl/public/materialegislativa/2023/2406/pre_13-2023_-_dispoe_sobre_criacao_de_comissao_especial_de_revisao_do_regimento_interno_da_camara_municipal_de_conceicao_de_macaburj.pdf", "ementa": "Disp\u00f5e sobre cria\u00e7\u00e3o de Comiss\u00e3o Especial de Revis\u00e3o do Regimento Interno da C\u00e2mara Municipal de Concei\u00e7\u00e3o de Macabu/RJ."}, {"id": "2412", "ano": "2023", "numero": "14", "tipo__sigla": "PRL", "tipo__descricao": "Projeto de Resolu\u00e7\u00e3o Legislativa", "autoria": "Nath\u00e1lia Sandro Tcharles Lucas Tic\u00f3", "texto_original": "http://sapl.conceicaodemacabu.rj.leg.br/media/sapl/public/materialegislativa/2023/2412/pre_14-2023_-_regulamenta_a_utilizacao_de_veiculo_oficial_da_camara_municipal_de_conceicao_de_macaburj_e_da_outras_providencias.pdf", "ementa": "Regulamenta a utiliza\u00e7\u00e3o de Ve\u00edculo Oficial da C\u00e2mara Municipal de Concei\u00e7\u00e3o de Macabu/RJ e d\u00e1 outras provid\u00eancias."}, {"id": "2415", "ano": "2023", "numero": "15", "tipo__sigla": "PRL", "tipo__descricao": "Projeto de Resolu\u00e7\u00e3o Legislativa", "autoria": "Ga\u00facho", "texto_original": "http://sapl.conceicaodemacabu.rj.leg.br/media/sapl/public/materialegislativa/2023/2415/pre_15-23.pdf", "ementa": "Concede T\u00edtulo de Cidad\u00e3o Macabuense ao Sr. Rosivaldo Dos Santos Ribeiro, popular Valdinho."}, {"id": "2418", "ano": "2023", "numero": "16", "tipo__sigla": "PRL", "tipo__descricao": "Projeto de Resolu\u00e7\u00e3o Legislativa", "autoria": "Nath\u00e1lia Braga", "texto_original": "http://sapl.conceicaodemacabu.rj.leg.br/media/sapl/public/materialegislativa/2023/2418/pre_16-2023_-_nathalia_titulo_cidada_macabuense.pdf", "ementa": "Concede o T\u00edtulo de Cidad\u00e3 Macabuense a Senhora Denilda Ribeiro Caldeira."}, {"id": "2429", "ano": "2023", "numero": "17", "tipo__sigla": "PRL", "tipo__descricao": "Projeto de Resolu\u00e7\u00e3o Legislativa", "autoria": "Ga\u00facho, Guta", "texto_original": "http://sapl.conceicaodemacabu.rj.leg.br/media/sapl/public/materialegislativa/2023/2429/pre_17-2023_-_gaucho_titulo.pdf", "ementa": "Concede T\u00edtulo de Cidad\u00e3o Macabuense ao Sr. Andr\u00e9 Ceciliano."}, {"id": "2436", "ano": "2023", "numero": "18", "tipo__sigla": "PRL", "tipo__descricao": "Projeto de Resolu\u00e7\u00e3o Legislativa", "autoria": "Ga\u00facho", "texto_original": "http://sapl.conceicaodemacabu.rj.leg.br/media/sapl/public/materialegislativa/2023/2436/pre_18-2023.pdf", "ementa": "Concede T\u00edtulo de Cidad\u00e3 Macabuense a senhora Maria Aparecida Ferreira Nines."}, {"id": "2437", "ano": "2023", "numero": "19", "tipo__sigla": "PRL", "tipo__descricao": "Projeto de Resolu\u00e7\u00e3o Legislativa", "autoria": "Ga\u00facho", "texto_original": "http://sapl.conceicaodemacabu.rj.leg.br/media/sapl/public/materialegislativa/2023/2437/pre_19-2023.pdf", "ementa": "Concede Mo\u00e7\u00e3o de Aplausos ao Senhor Jos\u00e9 Ben\u00edcio Lopes de Lima."}, {"id": "2438", "ano": "2023", "numero": "20", "tipo__sigla": "PRL", "tipo__descricao": "Projeto de Resolu\u00e7\u00e3o Legislativa", "autoria": "Dhal", "texto_original": "http://sapl.conceicaodemacabu.rj.leg.br/media/sapl/public/materialegislativa/2023/2438/pre_20-2023.pdf", "ementa": "Concede T\u00edtulo de Cidad\u00e3o Macabuense ao Senhor Robson da Silva Alvarenga."}, {"id": "2439", "ano": "2023", "numero": "21", "tipo__sigla": "PRL", "tipo__descricao": "Projeto de Resolu\u00e7\u00e3o Legislativa", "autoria": "Tic\u00f3", "texto_original": "http://sapl.conceicaodemacabu.rj.leg.br/media/sapl/public/materialegislativa/2023/2439/pre_21-2023.pdf", "ementa": "Concede T\u00edtulo de Cidad\u00e3o Macabuense ao Sr. Valdir Santiago Ramos."}, {"id": "2441", "ano": "2023", "numero": "22", "tipo__sigla": "PRL", "tipo__descricao": "Projeto de Resolu\u00e7\u00e3o Legislativa", "autoria": "Lucas Madureira", "texto_original": "http://sapl.conceicaodemacabu.rj.leg.br/media/sapl/public/materialegislativa/2023/2441/pre_22-2023.pdf", "ementa": "Concede T\u00edtulo de Cidad\u00e3o Macabuense ao Senhor Eduardo Felipe Nobre Mendon\u00e7a."}, {"id": "2443", "ano": "2023", "numero": "23", "tipo__sigla": "PRL", "tipo__descricao": "Projeto de Resolu\u00e7\u00e3o Legislativa", "autoria": "Ga\u00facho", "texto_original": "http://sapl.conceicaodemacabu.rj.leg.br/media/sapl/public/materialegislativa/2023/2443/pre_23-2023.pdf", "ementa": "Concede T\u00edtulo de Cidad\u00e3 Macabuense a Senhora Maria Alzin\u00e9a Zaniboni Machado."}, {"id": "2442", "ano": "2023", "numero": "24", "tipo__sigla": "PRL", "tipo__descricao": "Projeto de Resolu\u00e7\u00e3o Legislativa", "autoria": "Nath\u00e1lia Braga", "texto_original": "http://sapl.conceicaodemacabu.rj.leg.br/media/sapl/public/materialegislativa/2023/2442/pre_24-2023.pdf", "ementa": "Concede T\u00edtulo de Honra ao M\u00e9rito a Senhora M\u00e1rcia Delgado Alves Ferreira."}, {"id": "2444", "ano": "2023", "numero": "25", "tipo__sigla": "PRL", "tipo__descricao": "Projeto de Resolu\u00e7\u00e3o Legislativa", "autoria": "Ga\u00facho", "texto_original": "http://sapl.conceicaodemacabu.rj.leg.br/media/sapl/public/materialegislativa/2023/2444/pre_25-2023.pdf", "ementa": "Concede T\u00edtulo de Honra ao M\u00e9rito a Senhora Lorena Negreiros de Souza."}, {"id": "2445", "ano": "2023", "numero": "26", "tipo__sigla": "PRL", "tipo__descricao": "Projeto de Resolu\u00e7\u00e3o Legislativa", "autoria": "Dr. Fernando", "texto_original": "http://sapl.conceicaodemacabu.rj.leg.br/media/sapl/public/materialegislativa/2023/2445/pre_26-2023.pdf", "ementa": "Concede T\u00edtulo de Honra ao M\u00e9rito ao Senhor S\u00e1vio Azevedo Tavares."}, {"id": "2446", "ano": "2023", "numero": "27", "tipo__sigla": "PRL", "tipo__descricao": "Projeto de Resolu\u00e7\u00e3o Legislativa", "autoria": "Dr. Fernando", "texto_original": "http://sapl.conceicaodemacabu.rj.leg.br/media/sapl/public/materialegislativa/2023/2446/pre_27-2023.pdf", "ementa": "Concede T\u00edtulo de Honra ao M\u00e9rito ao Senhor Hugo Xavier de Freitas."}, {"id": "2447", "ano": "2023", "numero": "28", "tipo__sigla": "PRL", "tipo__descricao": "Projeto de Resolu\u00e7\u00e3o Legislativa", "autoria": "Dr. Fernando", "texto_original": "http://sapl.conceicaodemacabu.rj.leg.br/media/sapl/public/materialegislativa/2023/2447/pre_28-2023.pdf", "ementa": "Concede T\u00edtulo de Honra ao M\u00e9rito a Senhora Nilza Cardinot."}, {"id": "2448", "ano": "2023", "numero": "29", "tipo__sigla": "PRL", "tipo__descricao": "Projeto de Resolu\u00e7\u00e3o Legislativa", "autoria": "Dr. Fernando", "texto_original": "http://sapl.conceicaodemacabu.rj.leg.br/media/sapl/public/materialegislativa/2023/2448/pre_29-2023.pdf", "ementa": "Concede Mo\u00e7\u00e3o de Aplausos a Senhorita Maria Lu\u00edza Silva Castro."}, {"id": "2451", "ano": "2023", "numero": "30", "tipo__sigla": "PRL", "tipo__descricao": "Projeto de Resolu\u00e7\u00e3o Legislativa", "autoria": "Tic\u00f3", "texto_original": "http://sapl.conceicaodemacabu.rj.leg.br/media/sapl/public/materialegislativa/2023/2451/pre_30-2023.pdf", "ementa": "Concede T\u00edtulo de Honra ao M\u00e9rito ao Senhor Carlos Dannyel Fernandes Cardoso."}, {"id": "2452", "ano": "2023", "numero": "31", "tipo__sigla": "PRL", "tipo__descricao": "Projeto de Resolu\u00e7\u00e3o Legislativa", "autoria": "Nath\u00e1lia Braga", "texto_original": "http://sapl.conceicaodemacabu.rj.leg.br/media/sapl/public/materialegislativa/2023/2452/pre_31-2023.pdf", "ementa": "Concede T\u00edtulo de Cidad\u00e3o Macabuense ao Sr. Jos\u00e9 Norberto Alfenas Milagres."}, {"id": "2453", "ano": "2023", "numero": "32", "tipo__sigla": "PRL", "tipo__descricao": "Projeto de Resolu\u00e7\u00e3o Legislativa", "autoria": "Guta", "texto_original": "http://sapl.conceicaodemacabu.rj.leg.br/media/sapl/public/materialegislativa/2023/2453/pre_32-2023.pdf", "ementa": "Concede T\u00edtulo de Honra ao M\u00e9rito ao Sr. Marco Antonio Oliveira da Silva."}, {"id": "2454", "ano": "2023", "numero": "33", "tipo__sigla": "PRL", "tipo__descricao": "Projeto de Resolu\u00e7\u00e3o Legislativa", "autoria": "Tic\u00f3", "texto_original": "http://sapl.conceicaodemacabu.rj.leg.br/media/sapl/public/materialegislativa/2023/2454/pre_33-2023.pdf", "ementa": "Concede T\u00edtulo de Honra ao M\u00e9rito ao Senhor Jos\u00e9 de Pinho Corr\u00eaa J\u00fanior."}, {"id": "2455", "ano": "2023", "numero": "34", "tipo__sigla": "PRL", "tipo__descricao": "Projeto de Resolu\u00e7\u00e3o Legislativa", "autoria": "Nath\u00e1lia Braga", "texto_original": "http://sapl.conceicaodemacabu.rj.leg.br/media/sapl/public/materialegislativa/2023/2455/pre_34-2023.pdf", "ementa": "Concede Diploma Cidad\u00e3-Centen\u00e1ria \u00e0 Senhora Dorvalina de Ara\u00fajo Pereira."}, {"id": "2457", "ano": "2023", "numero": "35", "tipo__sigla": "PRL", "tipo__descricao": "Projeto de Resolu\u00e7\u00e3o Legislativa", "autoria": "Guta", "texto_original": "http://sapl.conceicaodemacabu.rj.leg.br/media/sapl/public/materialegislativa/2023/2457/pre_35-2023.pdf", "ementa": "Concede Mo\u00e7\u00e3o de Aplausos ao Sr. Claudio Marcio Daumas Berto."}, {"id": "2458", "ano": "2023", "numero": "36", "tipo__sigla": "PRL", "tipo__descricao": "Projeto de Resolu\u00e7\u00e3o Legislativa", "autoria": "Nath\u00e1lia Braga", "texto_original": "http://sapl.conceicaodemacabu.rj.leg.br/media/sapl/public/materialegislativa/2023/2458/pre_36-2023.pdf", "ementa": "Concede T\u00edtulo de Cidad\u00e3 Macabuense a Sra. Aurizelia Silveira Ramos Braga."}, {"id": "2459", "ano": "2023", "numero": "37", "tipo__sigla": "PRL", "tipo__descricao": "Projeto de Resolu\u00e7\u00e3o Legislativa", "autoria": "Guta", "texto_original": "http://sapl.conceicaodemacabu.rj.leg.br/media/sapl/public/materialegislativa/2023/2459/pre_37-2023.pdf", "ementa": "Concede T\u00edtulo de Cidad\u00e3o Macabuense ao Sr. Matheus Marlon Pereira de Faria Couto."}, {"id": "2461", "ano": "2023", "numero": "38", "tipo__sigla": "PRL", "tipo__descricao": "Projeto de Resolu\u00e7\u00e3o Legislativa", "autoria": "Dr. Fernando", "texto_original": "http://sapl.conceicaodemacabu.rj.leg.br/media/sapl/public/materialegislativa/2023/2461/pre_38-2023.pdf", "ementa": "Concede T\u00edtulo de Honra ao M\u00e9rito ao Sr. Pedro Henrique Coelho Folly."}, {"id": "2471", "ano": "2023", "numero": "39", "tipo__sigla": "PRL", "tipo__descricao": "Projeto de Resolu\u00e7\u00e3o Legislativa", "autoria": "Vaguinho", "texto_original": "http://sapl.conceicaodemacabu.rj.leg.br/media/sapl/public/materialegislativa/2023/2471/pre_39-2023.pdf", "ementa": "Concede T\u00edtulo de Honra ao M\u00e9rito ao Cabo Guilherme Ribeiro Machado."}, {"id": "2472", "ano": "2023", "numero": "40", "tipo__sigla": "PRL", "tipo__descricao": "Projeto de Resolu\u00e7\u00e3o Legislativa", "autoria": "Vaguinho", "texto_original": "http://sapl.conceicaodemacabu.rj.leg.br/media/sapl/public/materialegislativa/2023/2472/pre_40-2023.pdf", "ementa": "Concede T\u00edtulo de Honra ao M\u00e9rito ao Soldado Gabriel de Souza Santos."}, {"id": "2473", "ano": "2023", "numero": "41", "tipo__sigla": "PRL", "tipo__descricao": "Projeto de Resolu\u00e7\u00e3o Legislativa", "autoria": "Vaguinho", "texto_original": "http://sapl.conceicaodemacabu.rj.leg.br/media/sapl/public/materialegislativa/2023/2473/pre_41-2023.pdf", "ementa": "Concede T\u00edtulo de Honra ao M\u00e9rito ao Sargento Lucas Constantino de Melo."}, {"id": "2474", "ano": "2023", "numero": "42", "tipo__sigla": "PRL", "tipo__descricao": "Projeto de Resolu\u00e7\u00e3o Legislativa", "autoria": "Vaguinho", "texto_original": "http://sapl.conceicaodemacabu.rj.leg.br/media/sapl/public/materialegislativa/2023/2474/pre_42-2023.pdf", "ementa": "Concede T\u00edtulo de Honra ao M\u00e9rito ao Soldado Jonatan Sainato Feitosa."}, {"id": "2475", "ano": "2023", "numero": "43", "tipo__sigla": "PRL", "tipo__descricao": "Projeto de Resolu\u00e7\u00e3o Legislativa", "autoria": "Vaguinho", "texto_original": "http://sapl.conceicaodemacabu.rj.leg.br/media/sapl/public/materialegislativa/2023/2475/pre_43-2023.pdf", "ementa": "Concede T\u00edtulo de Honra ao M\u00e9rito ao Sr. Valmir Tavares Lessa."}, {"id": "2476", "ano": "2023", "numero": "44", "tipo__sigla": "PRL", "tipo__descricao": "Projeto de Resolu\u00e7\u00e3o Legislativa", "autoria": "Coutinho", "texto_original": "http://sapl.conceicaodemacabu.rj.leg.br/media/sapl/public/materialegislativa/2023/2476/pre_44-2023.pdf", "ementa": "Concede T\u00edtulo de Cidad\u00e3o Macabuense ao Senhor Uruan Cintra de Andrade."}, {"id": "2477", "ano": "2023", "numero": "45", "tipo__sigla": "PRL", "tipo__descricao": "Projeto de Resolu\u00e7\u00e3o Legislativa", "autoria": "Coutinho", "texto_original": "http://sapl.conceicaodemacabu.rj.leg.br/media/sapl/public/materialegislativa/2023/2477/pre_45-2023.pdf", "ementa": "Concede T\u00edtulo de Cidad\u00e3 Macabuense a Senhora Waltayr Lucimar Freitas Ramos F\u00e9lix."}, {"id": "2478", "ano": "2023", "numero": "46", "tipo__sigla": "PRL", "tipo__descricao": "Projeto de Resolu\u00e7\u00e3o Legislativa", "autoria": "Coutinho", "texto_original": "http://sapl.conceicaodemacabu.rj.leg.br/media/sapl/public/materialegislativa/2023/2478/pre_46-2023.pdf", "ementa": "Concede T\u00edtulo de Honra ao M\u00e9rito a Senhora Nelma Negreiros de Oliveira Veiga."}, {"id": "2479", "ano": "2023", "numero": "47", "tipo__sigla": "PRL", "tipo__descricao": "Projeto de Resolu\u00e7\u00e3o Legislativa", "autoria": "Coutinho", "texto_original": "http://sapl.conceicaodemacabu.rj.leg.br/media/sapl/public/materialegislativa/2023/2479/pre_47-2023.pdf", "ementa": "Concede T\u00edtulo de Honra ao M\u00e9rito a Senhora Edina Celia da Silva Santos de Oliveira."}, {"id": "2480", "ano": "2023", "numero": "48", "tipo__sigla": "PRL", "tipo__descricao": "Projeto de Resolu\u00e7\u00e3o Legislativa", "autoria": "Coutinho", "texto_original": "http://sapl.conceicaodemacabu.rj.leg.br/media/sapl/public/materialegislativa/2023/2480/pre_48-2023.pdf", "ementa": "Concede Comenda Dr. Jos\u00e9 de Castro ao M\u00e9dico Doutor Leopoldo Cesar da Silva."}, {"id": "2488", "ano": "2023", "numero": "49", "tipo__sigla": "PRL", "tipo__descricao": "Projeto de Resolu\u00e7\u00e3o Legislativa", "autoria": "Sandro Daumas", "texto_original": "http://sapl.conceicaodemacabu.rj.leg.br/media/sapl/public/materialegislativa/2023/2488/pre_49-2023.pdf", "ementa": "Concede T\u00edtulo de Cidad\u00e3 Macabuense a Sra. Kelly Noemia Amancio Neves."}, {"id": "2482", "ano": "2023", "numero": "50", "tipo__sigla": "PRL", "tipo__descricao": "Projeto de Resolu\u00e7\u00e3o Legislativa", "autoria": "Guta", "texto_original": "http://sapl.conceicaodemacabu.rj.leg.br/media/sapl/public/materialegislativa/2023/2482/pre_50-2023.pdf", "ementa": "Concede Mo\u00e7\u00e3o de Aplausos ao Sr. Sandro Arlei dos Santos Santiago."}, {"id": "2483", "ano": "2023", "numero": "51", "tipo__sigla": "PRL", "tipo__descricao": "Projeto de Resolu\u00e7\u00e3o Legislativa", "autoria": "Tcharles", "texto_original": "http://sapl.conceicaodemacabu.rj.leg.br/media/sapl/public/materialegislativa/2023/2483/pre_51-2023.pdf", "ementa": "Concede T\u00edtulo de Honra ao M\u00e9rito \u00e0 Sra. Sandra Regina Alves dos Santos Martins."}, {"id": "2484", "ano": "2023", "numero": "52", "tipo__sigla": "PRL", "tipo__descricao": "Projeto de Resolu\u00e7\u00e3o Legislativa", "autoria": "Tcharles", "texto_original": "http://sapl.conceicaodemacabu.rj.leg.br/media/sapl/public/materialegislativa/2023/2484/pre_52-2023.pdf", "ementa": "Concede T\u00edtulo de Honra ao M\u00e9rito ao Sr. Marcelo Rodrigues dos Santos."}, {"id": "2486", "ano": "2023", "numero": "53", "tipo__sigla": "PRL", "tipo__descricao": "Projeto de Resolu\u00e7\u00e3o Legislativa", "autoria": "Tcharles", "texto_original": "http://sapl.conceicaodemacabu.rj.leg.br/media/sapl/public/materialegislativa/2023/2486/pre_53-2023.pdf", "ementa": "Concede o Diploma de M\u00e9rito Esportivo ao Sr. Leonardo Seixas Barbosa."}, {"id": "2490", "ano": "2023", "numero": "54", "tipo__sigla": "PRL", "tipo__descricao": "Projeto de Resolu\u00e7\u00e3o Legislativa", "autoria": "Dhal", "texto_original": "http://sapl.conceicaodemacabu.rj.leg.br/media/sapl/public/materialegislativa/2023/2490/pre_54-2023.pdf", "ementa": "Concede T\u00edtulo de Honra ao M\u00e9rito ao Sr. Geovane dos Santos Andrade."}, {"id": "2491", "ano": "2023", "numero": "55", "tipo__sigla": "PRL", "tipo__descricao": "Projeto de Resolu\u00e7\u00e3o Legislativa", "autoria": "Dhal", "texto_original": "http://sapl.conceicaodemacabu.rj.leg.br/media/sapl/public/materialegislativa/2023/2491/pre_55-2023_-_jose_ricardo.pdf", "ementa": "Concede T\u00edtulo de Cidad\u00e3o Macabuense ao Sr. Jos\u00e9 Ricardo Barcellos Dos Santos."}, {"id": "2492", "ano": "2023", "numero": "56", "tipo__sigla": "PRL", "tipo__descricao": "Projeto de Resolu\u00e7\u00e3o Legislativa", "autoria": "Sandro Daumas", "texto_original": "http://sapl.conceicaodemacabu.rj.leg.br/media/sapl/public/materialegislativa/2023/2492/pre_56-2023.pdf", "ementa": "Concede T\u00edtulo de Cidad\u00e3o Macabuense ao Sr. J\u00falio Gama Fernandes."}, {"id": "2493", "ano": "2023", "numero": "57", "tipo__sigla": "PRL", "tipo__descricao": "Projeto de Resolu\u00e7\u00e3o Legislativa", "autoria": "Tic\u00f3", "texto_original": "http://sapl.conceicaodemacabu.rj.leg.br/media/sapl/public/materialegislativa/2023/2493/pre_57-2023.pdf", "ementa": "Concede o Diploma de M\u00e9rito Esportivo ao Sr. Elcimar Madureira de Souza."}, {"id": "2494", "ano": "2023", "numero": "58", "tipo__sigla": "PRL", "tipo__descricao": "Projeto de Resolu\u00e7\u00e3o Legislativa", "autoria": "Sandro Daumas", "texto_original": "http://sapl.conceicaodemacabu.rj.leg.br/media/sapl/public/materialegislativa/2023/2494/pre_58-2023.pdf", "ementa": "Concede Comenda Professora Celina Bellas a Sra. Suely de Oliveira Daumas."}, {"id": "2497", "ano": "2023", "numero": "59", "tipo__sigla": "PRL", "tipo__descricao": "Projeto de Resolu\u00e7\u00e3o Legislativa", "autoria": "Lucas Madureira", "texto_original": "http://sapl.conceicaodemacabu.rj.leg.br/media/sapl/public/materialegislativa/2023/2497/pre_59-2023.pdf", "ementa": "Concede T\u00edtulo de Honra ao M\u00e9rito ao Sr. Paulo C\u00e9sar Carvalho Pires."}, {"id": "2500", "ano": "2023", "numero": "60", "tipo__sigla": "PRL", "tipo__descricao": "Projeto de Resolu\u00e7\u00e3o Legislativa", "autoria": "Guta", "texto_original": "http://sapl.conceicaodemacabu.rj.leg.br/media/sapl/public/materialegislativa/2023/2500/pre_60-2023.pdf", "ementa": "Concede Mo\u00e7\u00e3o de Aplausos ao Sr. Rodrigo Eduardo Rezende."}, {"id": "2501", "ano": "2023", "numero": "61", "tipo__sigla": "PRL", "tipo__descricao": "Projeto de Resolu\u00e7\u00e3o Legislativa", "autoria": "Dhal", "texto_original": "http://sapl.conceicaodemacabu.rj.leg.br/media/sapl/public/materialegislativa/2023/2501/pre_61-2023.pdf", "ementa": "Concede T\u00edtulo de Honra ao M\u00e9rito a Senhora Marileyd Viana Neves Monteiro de Aquino."}, {"id": "2502", "ano": "2023", "numero": "62", "tipo__sigla": "PRL", "tipo__descricao": "Projeto de Resolu\u00e7\u00e3o Legislativa", "autoria": "Dhal", "texto_original": "http://sapl.conceicaodemacabu.rj.leg.br/media/sapl/public/materialegislativa/2023/2502/pre_62-2023.pdf", "ementa": "Concede Mo\u00e7\u00e3o de Aplausos ao Senhor Jefferson dos Santos Silva, pelos relevantes servi\u00e7os prestados \u00e0 comunidade como barbeiro e propriet\u00e1rio do empreendimento \"JF do Corte\"."}, {"id": "2504", "ano": "2023", "numero": "63", "tipo__sigla": "PRL", "tipo__descricao": "Projeto de Resolu\u00e7\u00e3o Legislativa", "autoria": "Nath\u00e1lia Braga", "texto_original": "http://sapl.conceicaodemacabu.rj.leg.br/media/sapl/public/materialegislativa/2023/2504/pre_63-2023.pdf", "ementa": "Cria a \"Galeria das Vereadoras\", em homenagem \u00e0s mulheres do Poder Legislativo do Munic\u00edpio de Concei\u00e7\u00e3o de Macabu."}, {"id": "2510", "ano": "2023", "numero": "64", "tipo__sigla": "PRL", "tipo__descricao": "Projeto de Resolu\u00e7\u00e3o Legislativa", "autoria": "Lucas Madureira", "texto_original": "http://sapl.conceicaodemacabu.rj.leg.br/media/sapl/public/materialegislativa/2023/2510/pre_64-2023.pdf", "ementa": "Concede T\u00edtulo de Honra ao M\u00e9rito ao Senhor Alexei Pinheiro Lisboa."}, {"id": "2521", "ano": "2023", "numero": "65", "tipo__sigla": "PRL", "tipo__descricao": "Projeto de Resolu\u00e7\u00e3o Legislativa", "autoria": "Sandro Daumas", "texto_original": "http://sapl.conceicaodemacabu.rj.leg.br/media/sapl/public/materialegislativa/2023/2521/pre_65-2023.pdf", "ementa": "Concede T\u00edtulo de Cidad\u00e3o Macabuense ao Sr. Rodrigo Diniz Ferreira Vilas Boas."}, {"id": "2512", "ano": "2023", "numero": "66", "tipo__sigla": "PRL", "tipo__descricao": "Projeto de Resolu\u00e7\u00e3o Legislativa", "autoria": "Sandro Daumas", "texto_original": "http://sapl.conceicaodemacabu.rj.leg.br/media/sapl/public/materialegislativa/2023/2512/pre_66-2023.pdf", "ementa": "Concede Diploma Cidad\u00e3-Centen\u00e1ria \u00e0 Senhora Yolanda Maria Tavares Bastos."}, {"id": "2513", "ano": "2023", "numero": "67", "tipo__sigla": "PRL", "tipo__descricao": "Projeto de Resolu\u00e7\u00e3o Legislativa", "autoria": "Tcharles", "texto_original": "http://sapl.conceicaodemacabu.rj.leg.br/media/sapl/public/materialegislativa/2023/2513/pre_67-2023.pdf", "ementa": "Concede Mo\u00e7\u00e3o de Aplausos ao Senhor Jomar Pinheiro de Paula."}, {"id": "2518", "ano": "2023", "numero": "68", "tipo__sigla": "PRL", "tipo__descricao": "Projeto de Resolu\u00e7\u00e3o Legislativa", "autoria": "Ga\u00facho", "texto_original": "http://sapl.conceicaodemacabu.rj.leg.br/media/sapl/public/materialegislativa/2023/2518/pre_68-2023.pdf", "ementa": "Concede T\u00edtulo de Cidad\u00e3o Macabuense ao Senhor Thiago Pampolha Gon\u00e7alves, natural do Rio de Janeiro/RJ e atual vice-governador do Estado do Rio de Janeiro, pelos relevantes servi\u00e7os prestados ao munic\u00edpio de Concei\u00e7\u00e3o de Macabu/RJ."}, {"id": "2560", "ano": "2023", "numero": "69", "tipo__sigla": "PRL", "tipo__descricao": "Projeto de Resolu\u00e7\u00e3o Legislativa", "autoria": "Dhal", "texto_original": "http://sapl.conceicaodemacabu.rj.leg.br/media/sapl/public/materialegislativa/2023/2560/pre_69-2023.pdf", "ementa": "Concede T\u00edtulo de Honra ao M\u00e9rito ao Cabo Wesley Andr\u00e9 Gomes."}, {"id": "2561", "ano": "2023", "numero": "70", "tipo__sigla": "PRL", "tipo__descricao": "Projeto de Resolu\u00e7\u00e3o Legislativa", "autoria": "Dhal", "texto_original": "http://sapl.conceicaodemacabu.rj.leg.br/media/sapl/public/materialegislativa/2023/2561/pre_70-2023.pdf", "ementa": "Concede T\u00edtulo de Honra ao M\u00e9rito ao Cabo Paulo Fernando e Silva Brito."}, {"id": "2562", "ano": "2023", "numero": "71", "tipo__sigla": "PRL", "tipo__descricao": "Projeto de Resolu\u00e7\u00e3o Legislativa", "autoria": "Dhal", "texto_original": "http://sapl.conceicaodemacabu.rj.leg.br/media/sapl/public/materialegislativa/2023/2562/pre_71-2023.pdf", "ementa": "Concede T\u00edtulo de Honra ao M\u00e9rito ao Sargento F\u00e1bio Silva Machado."}, {"id": "2570", "ano": "2023", "numero": "72", "tipo__sigla": "PRL", "tipo__descricao": "Projeto de Resolu\u00e7\u00e3o Legislativa", "autoria": "Nath\u00e1lia Sandro Tcharles Lucas Tic\u00f3", "texto_original": "http://sapl.conceicaodemacabu.rj.leg.br/media/sapl/public/materialegislativa/2023/2570/pre_72-2023.pdf", "ementa": "Disp\u00f5e sobre prorroga\u00e7\u00e3o do prazo de funcionamento da Comiss\u00e3o Especial de Revis\u00e3o do Regimento Interno da C\u00e2mara Municipal de Concei\u00e7\u00e3o de Macabu, institu\u00edda pela Resolu\u00e7\u00e3o Legislativa n\u00ba 13/2023."}, {"id": "2251", "ano": "2023", "numero": "1", "tipo__sigla": "REQ", "tipo__descricao": "Requerimento de Informa\u00e7\u00e3o", "autoria": "Guta, Lucas Madureira", "texto_original": "http://sapl.conceicaodemacabu.rj.leg.br/media/sapl/public/materialegislativa/2023/2251/req_01-2023_-_informacoes_acerca_do_quantitativo_de_servidores_e_relacoes_de_investidura_contratos_temporarios_vacancias_e_convocacoes.pdf", "ementa": "Requer na forma regimental, ap\u00f3s aprova\u00e7\u00e3o do Plen\u00e1rio, que seja encaminhado ao Prefeito, o presente Requerimento de Informa\u00e7\u00e3o, objetivando que sejam prestadas informa\u00e7\u00f5es acerca do quantitativo de servidores e rela\u00e7\u00f5es de investidura, contratos tempor\u00e1rios, vac\u00e2ncias e convoca\u00e7\u00f5es."}, {"id": "2253", "ano": "2023", "numero": "2", "tipo__sigla": "REQ", "tipo__descricao": "Requerimento de Informa\u00e7\u00e3o", "autoria": "Dhal", "texto_original": "http://sapl.conceicaodemacabu.rj.leg.br/media/sapl/public/materialegislativa/2023/2253/req_02-2023_-_quantidade_de_material_de_assistencia_recebido_e_qual_material_receberam_da_ajuda_humanitaria.pdf", "ementa": "Informa\u00e7\u00e3o e presta\u00e7\u00e3o de contas, com a rela\u00e7\u00e3o dos nomes dos benefici\u00e1rios, RG ou CPF, com endere\u00e7o, quantidade de material de assist\u00eancia recebido e qual material receberam da ajuda humanit\u00e1ria, atendido pelos Termos de Doa\u00e7\u00e3o n\u00ba 48 de 03/12/2022 (43779992)."}, {"id": "2254", "ano": "2023", "numero": "3", "tipo__sigla": "REQ", "tipo__descricao": "Requerimento de Informa\u00e7\u00e3o", "autoria": "Dhal", "texto_original": "http://sapl.conceicaodemacabu.rj.leg.br/media/sapl/public/materialegislativa/2023/2254/req_03-2023_-__informacoes_sobre_a_unidade_basica_de_saude_de_macabuzinho.pdf", "ementa": "Solicita informa\u00e7\u00f5es sobre a Unidade B\u00e1sica de Sa\u00fade de Macabuzinho, no que concerne a exist\u00eancia de: atendimento m\u00e9dico/odontol\u00f3gico, especialidades, periodicidade e vagas para atendimento."}, {"id": "2255", "ano": "2023", "numero": "4", "tipo__sigla": "REQ", "tipo__descricao": "Requerimento de Informa\u00e7\u00e3o", "autoria": "Dhal", "texto_original": "http://sapl.conceicaodemacabu.rj.leg.br/media/sapl/public/materialegislativa/2023/2255/req_04-2023_-_informacao_sobre_a_unidade_basica_de_saude_do_bairro_vila_esperanca.pdf", "ementa": "Solicita informa\u00e7\u00e3o sobre a Unidade B\u00e1sica de Sa\u00fade do Bairro Vila Esperan\u00e7a, no que concerne a exist\u00eancia de: atendimento m\u00e9dico/odontol\u00f3gico, especialidades, periodicidade e vagas para atendimento."}, {"id": "2257", "ano": "2023", "numero": "5", "tipo__sigla": "REQ", "tipo__descricao": "Requerimento de Informa\u00e7\u00e3o", "autoria": "Dhal", "texto_original": "http://sapl.conceicaodemacabu.rj.leg.br/media/sapl/public/materialegislativa/2023/2257/req_05-2023_-_informacoes_acerca_da_unidade_de_saude_do_bairro_rhodia.pdf", "ementa": "Solicita informa\u00e7\u00f5es acerca da Unidade de Sa\u00fade do bairro Rhodia, no que concerne a exist\u00eancia de: atendimento m\u00e9dico/odontol\u00f3gico, especificidades, periodicidade e vagas para atendimento."}, {"id": "2260", "ano": "2023", "numero": "6", "tipo__sigla": "REQ", "tipo__descricao": "Requerimento de Informa\u00e7\u00e3o", "autoria": "Dhal", "texto_original": "http://sapl.conceicaodemacabu.rj.leg.br/media/sapl/public/materialegislativa/2023/2260/req_06-2023.pdf", "ementa": "Solicita informa\u00e7\u00f5es acerca da Unidade B\u00e1sica de Sa\u00fade do bairro Curato de Santa Catarina, no que concerne a exist\u00eancia de: atendimento m\u00e9dico/odontol\u00f3gico, especialidades, periodicidade e vagas para atendimento."}, {"id": "2256", "ano": "2023", "numero": "7", "tipo__sigla": "REQ", "tipo__descricao": "Requerimento de Informa\u00e7\u00e3o", "autoria": "Dhal", "texto_original": "http://sapl.conceicaodemacabu.rj.leg.br/media/sapl/public/materialegislativa/2023/2256/req_07-2023.pdf", "ementa": "Solicito informa\u00e7\u00e3o sobre a Unidade B\u00e1sica de Sa\u00fade do Bairro da Piteira, no que concerne a exist\u00eancia de: atendimento m\u00e9dico/odontol\u00f3gico, especialidades, periodicidade e vagas para atendimento."}, {"id": "2258", "ano": "2023", "numero": "8", "tipo__sigla": "REQ", "tipo__descricao": "Requerimento de Informa\u00e7\u00e3o", "autoria": "Dhal", "texto_original": "http://sapl.conceicaodemacabu.rj.leg.br/media/sapl/public/materialegislativa/2023/2258/req_08-2023_-_dhal_atendimento_medico-odontologico_especialidades_periodicidade_e_vagas_para_atend.pdf", "ementa": "Solicito informa\u00e7\u00e3o sobre a Unidade B\u00e1sica de Sa\u00fade do Bairro da Vila Tavares, no que concerne a exist\u00eancia de: atendimento m\u00e9dico/odontol\u00f3gico, especialidades, periodicidade e vagas para atendimento."}, {"id": "2259", "ano": "2023", "numero": "9", "tipo__sigla": "REQ", "tipo__descricao": "Requerimento de Informa\u00e7\u00e3o", "autoria": "Dhal", "texto_original": "http://sapl.conceicaodemacabu.rj.leg.br/media/sapl/public/materialegislativa/2023/2259/req_09-2023.pdf", "ementa": "Solicito informa\u00e7\u00e3o sobre a Unidade B\u00e1sica de Sa\u00fade do Bairro da Cal\u00e7adinha, no que concerne a exist\u00eancia de: atendimento m\u00e9dico/odontol\u00f3gico, especialidades, periodicidade e vagas para atendimento."}, {"id": "2261", "ano": "2023", "numero": "10", "tipo__sigla": "REQ", "tipo__descricao": "Requerimento de Informa\u00e7\u00e3o", "autoria": "Dhal", "texto_original": "http://sapl.conceicaodemacabu.rj.leg.br/media/sapl/public/materialegislativa/2023/2261/req_10-2023.pdf", "ementa": "Solicita informa\u00e7\u00e3o e presta\u00e7\u00e3o de contas, com rela\u00e7\u00e3o as festividades de comemora\u00e7\u00e3o de anivers\u00e1rio de 71 anos da cidade: por que a tradicional Gincana Cultural e Esportiva n\u00e3o se realizar\u00e1 no ano de 2023?"}, {"id": "2262", "ano": "2023", "numero": "11", "tipo__sigla": "REQ", "tipo__descricao": "Requerimento de Informa\u00e7\u00e3o", "autoria": "Dhal", "texto_original": "http://sapl.conceicaodemacabu.rj.leg.br/media/sapl/public/materialegislativa/2023/2262/req_11-2023_-_dhal_falta_de_ar_condicionados_na_escola_estadual_municipalizada_umbelina_aquino_de_oliveira.pdf", "ementa": "Solicita informa\u00e7\u00e3o e presta\u00e7\u00e3o de contas em rela\u00e7\u00e3o a falta de ar condicionados na Escola Estadual Municipalizada Umbelina Aquino de Oliveira."}, {"id": "2263", "ano": "2023", "numero": "12", "tipo__sigla": "REQ", "tipo__descricao": "Requerimento de Informa\u00e7\u00e3o", "autoria": "Dhal", "texto_original": "http://sapl.conceicaodemacabu.rj.leg.br/media/sapl/public/materialegislativa/2023/2263/req_12-2023_-_dhal_com_relacao_as_condicoes_ate_a_presente_data_do_ar_condicionado_instalado_na_clinica_da_familia_no_bairro.pdf", "ementa": "Solicita informa\u00e7\u00e3o e presta\u00e7\u00e3o de contas, com rela\u00e7\u00e3o as condi\u00e7\u00f5es at\u00e9 a presente data do ar condicionado instalado na Cl\u00ednica da Fam\u00edlia no Bairro S\u00e3o Henri."}, {"id": "2264", "ano": "2023", "numero": "13", "tipo__sigla": "REQ", "tipo__descricao": "Requerimento de Informa\u00e7\u00e3o", "autoria": "Dhal", "texto_original": "http://sapl.conceicaodemacabu.rj.leg.br/media/sapl/public/materialegislativa/2023/2264/req_13-2023_-_dhal_colocacao_de_quebra-molas_na_rua_francisco_lims_12052023.pdf", "ementa": "Solicita informa\u00e7\u00e3o e presta\u00e7\u00e3o de contas, com rela\u00e7\u00e3o a coloca\u00e7\u00e3o de quebra-molas na Rua Francisco Lima."}, {"id": "2265", "ano": "2023", "numero": "14", "tipo__sigla": "REQ", "tipo__descricao": "Requerimento de Informa\u00e7\u00e3o", "autoria": "Dhal", "texto_original": "http://sapl.conceicaodemacabu.rj.leg.br/media/sapl/public/materialegislativa/2023/2265/req_14-2023_-_dhal_apresentacao_da_sociedade_musical_professor_jorge_luiz_sardinha.pdf", "ementa": "Solicita informa\u00e7\u00e3o e presta\u00e7\u00e3o de contas, com rela\u00e7\u00e3o a realiza\u00e7\u00e3o do Concerto Musical: faz parte do calend\u00e1rio de eventos da cidade a apresenta\u00e7\u00e3o da Sociedade Musical Professor Jorge Luiz Sardinha no m\u00ednimo tr\u00eas vezes por ano em nossa cidade."}, {"id": "2266", "ano": "2023", "numero": "15", "tipo__sigla": "REQ", "tipo__descricao": "Requerimento de Informa\u00e7\u00e3o", "autoria": "Dhal", "texto_original": "http://sapl.conceicaodemacabu.rj.leg.br/media/sapl/public/materialegislativa/2023/2266/req_15-2023_-_dhal_colocacao_de_quebra-molas_na_rua_francisco_lims_12052023.pdf", "ementa": "Solicita informa\u00e7\u00e3o e presta\u00e7\u00e3o de contas, com rela\u00e7\u00e3o a coloca\u00e7\u00e3o de quebra-molas na Rua Guilherme Barbos."}, {"id": "2273", "ano": "2023", "numero": "16", "tipo__sigla": "REQ", "tipo__descricao": "Requerimento de Informa\u00e7\u00e3o", "autoria": "Sandro Daumas", "texto_original": "http://sapl.conceicaodemacabu.rj.leg.br/media/sapl/public/materialegislativa/2023/2273/req_16-2023_-_sandro_todas_as_solicitacoes_protocoladas_na_secretaria_municipal_de_servicos_urbanos_e_limpeza_publica_nos_ano.pdf", "ementa": "Rela\u00e7\u00e3o de todas as solicita\u00e7\u00f5es protocoladas na Secretaria Municipal de Servi\u00e7os Urbanos e Limpeza P\u00fablica nos anos de 2022 e 2023 at\u00e9 a presente data contendo: o n\u00famero do protocolo com a respectiva data, o servi\u00e7o solicitado e a data da realiza\u00e7\u00e3o do servi\u00e7o."}, {"id": "2275", "ano": "2023", "numero": "17", "tipo__sigla": "REQ", "tipo__descricao": "Requerimento de Informa\u00e7\u00e3o", "autoria": "Dhal", "texto_original": "http://sapl.conceicaodemacabu.rj.leg.br/media/sapl/public/materialegislativa/2023/2275/req_17-2023_-_roteiro_turistico_apresentado_no_evento_workshop_rota_turistica_regional.pdf", "ementa": "Solicita informa\u00e7\u00e3o, c\u00f3pia e presta\u00e7\u00e3o de contas, com rela\u00e7\u00e3o ao roteiro tur\u00edstico apresentado no evento Workshop Rota Tur\u00edstica Regional."}, {"id": "2276", "ano": "2023", "numero": "18", "tipo__sigla": "REQ", "tipo__descricao": "Requerimento de Informa\u00e7\u00e3o", "autoria": "Dhal", "texto_original": "http://sapl.conceicaodemacabu.rj.leg.br/media/sapl/public/materialegislativa/2023/2276/req_18-2023_-_informacao_com_a_relacao_dos_nomes_e_datas_de_todas_as_proclamacoes_do_calendario_de_eventos_da_cidade_para_o.pdf", "ementa": "Solicita informa\u00e7\u00e3o, com a rela\u00e7\u00e3o dos nomes e datas, de todas as proclama\u00e7\u00f5es do calend\u00e1rio de eventos da cidade para o ano de 2023."}, {"id": "2277", "ano": "2023", "numero": "19", "tipo__sigla": "REQ", "tipo__descricao": "Requerimento de Informa\u00e7\u00e3o", "autoria": "Dhal", "texto_original": "http://sapl.conceicaodemacabu.rj.leg.br/media/sapl/public/materialegislativa/2023/2277/req_19-2023_-_quantidade_de_horas-plantao_realizadas_individualmente_por_farmaceuticos_que_atuam_no_servico_publico_em_concei.pdf", "ementa": "Objetiva informa\u00e7\u00f5es quanto \u00e0 quantidade de horas-plant\u00e3o realizadas individualmente por farmac\u00eauticos que atuam no servi\u00e7o p\u00fablico em Concei\u00e7\u00e3o de Macabu"}, {"id": "2278", "ano": "2023", "numero": "20", "tipo__sigla": "REQ", "tipo__descricao": "Requerimento de Informa\u00e7\u00e3o", "autoria": "Dhal", "texto_original": "http://sapl.conceicaodemacabu.rj.leg.br/media/sapl/public/materialegislativa/2023/2278/req_20-2023_-_quantidade_de_horas-plantao_realizadas_individualmente_por_tecnico_de_radiologia_que_atuam_no_servico_publico_e.pdf", "ementa": "Objetiva informa\u00e7\u00f5es quanto \u00e0 quantidade de horas-plant\u00e3o realizadas individualmente por t\u00e9cnico de radiologia que atuam no servi\u00e7o p\u00fablico em Concei\u00e7\u00e3o de Macabu"}, {"id": "2279", "ano": "2023", "numero": "21", "tipo__sigla": "REQ", "tipo__descricao": "Requerimento de Informa\u00e7\u00e3o", "autoria": "Dhal", "texto_original": "http://sapl.conceicaodemacabu.rj.leg.br/media/sapl/public/materialegislativa/2023/2279/req_21-2023_-_dhal_andamento_do_pedido_constante_da_indicacao_legislativa_n.o_143-2022.pdf", "ementa": "Objetiva informa\u00e7\u00f5es com rela\u00e7\u00e3o ao andamento do pedido constante da Indica\u00e7\u00e3o Legislativa n.\u00ba 143/2022."}, {"id": "2280", "ano": "2023", "numero": "22", "tipo__sigla": "REQ", "tipo__descricao": "Requerimento de Informa\u00e7\u00e3o", "autoria": "Dhal", "texto_original": "http://sapl.conceicaodemacabu.rj.leg.br/media/sapl/public/materialegislativa/2023/2280/req_22-2023_-_dhal_informacoes_sobre_o_projeto_de_capoeira.pdf", "ementa": "Objetiva informa\u00e7\u00f5es  sobre o Projeto de Capoeira."}, {"id": "2281", "ano": "2023", "numero": "23", "tipo__sigla": "REQ", "tipo__descricao": "Requerimento de Informa\u00e7\u00e3o", "autoria": "Dhal", "texto_original": "http://sapl.conceicaodemacabu.rj.leg.br/media/sapl/public/materialegislativa/2023/2281/req_23-2023_-_dhal_objetiva_informacoes_quanto_ao_andamento_da_indicacao_legislativa_n.o_154-2022.pdf", "ementa": "Objetiva informa\u00e7\u00f5es quanto ao andamento da Indica\u00e7\u00e3o Legislativa n.\u00ba 154/2022."}, {"id": "2285", "ano": "2023", "numero": "24", "tipo__sigla": "REQ", "tipo__descricao": "Requerimento de Informa\u00e7\u00e3o", "autoria": "Lucas Madureira", "texto_original": "http://sapl.conceicaodemacabu.rj.leg.br/media/sapl/public/materialegislativa/2023/2285/req_24-2023_-_objetiva_que_sejam_prestadas_as_informacoes_com_relacao_a_implantacao_do_servico_municipal_de_transporte_coletivo_urbano.pdf", "ementa": "Objetiva que sejam prestadas as informa\u00e7\u00f5es com rela\u00e7\u00e3o \u00e0 implanta\u00e7\u00e3o do servi\u00e7o municipal de transporte coletivo urbano."}, {"id": "2297", "ano": "2023", "numero": "25", "tipo__sigla": "REQ", "tipo__descricao": "Requerimento de Informa\u00e7\u00e3o", "autoria": "Dhal", "texto_original": "http://sapl.conceicaodemacabu.rj.leg.br/media/sapl/public/materialegislativa/2023/2297/req_25-2023_-_se_existe_medico_ortopedista_realizando_atendimento.pdf", "ementa": "Questiona se existe m\u00e9dico ortopedista realizando atendimento em nossa cidade."}, {"id": "2298", "ano": "2023", "numero": "26", "tipo__sigla": "REQ", "tipo__descricao": "Requerimento de Informa\u00e7\u00e3o", "autoria": "Dhal", "texto_original": "http://sapl.conceicaodemacabu.rj.leg.br/media/sapl/public/materialegislativa/2023/2298/req_26-2023_-_passagem_de_maquina_e_colocacao_de_bica_corrida_na_estrada_rural_do_sertao.pdf", "ementa": "Requer Informa\u00e7\u00f5es acerca de passagem de m\u00e1quina e coloca\u00e7\u00e3o de bica corrida  na estrada rural do Sert\u00e3o."}, {"id": "2299", "ano": "2023", "numero": "27", "tipo__sigla": "REQ", "tipo__descricao": "Requerimento de Informa\u00e7\u00e3o", "autoria": "Dhal", "texto_original": "http://sapl.conceicaodemacabu.rj.leg.br/media/sapl/public/materialegislativa/2023/2299/req_27-2023_-solicita_a_secretaria_municipal_de_esporte_e_lazer_para_que_viabilize_um_veiculo_para_l_000037.pdf", "ementa": "Solicita \u00e0 Secretaria Municipal de Esporte e Lazer para que viabilize um ve\u00edculo para levar atletas macabuenses da modalidade Bicicross ao Ssul-americano que acontecer\u00e1 em Idaiatuba/SP."}, {"id": "2300", "ano": "2023", "numero": "28", "tipo__sigla": "REQ", "tipo__descricao": "Requerimento de Informa\u00e7\u00e3o", "autoria": "Dhal", "texto_original": "http://sapl.conceicaodemacabu.rj.leg.br/media/sapl/public/materialegislativa/2023/2300/req_28-2023_-_questiona_se_ha_planejamento_de_obras_no_bairro_sao_henri_para_evitar_transtornos_ocas_07072023_091609.pdf", "ementa": "Questiona se h\u00e1 planejamento de obras no bairro S\u00e3o Henri para evitar transtornos ocasionados por enchentes."}, {"id": "2301", "ano": "2023", "numero": "29", "tipo__sigla": "REQ", "tipo__descricao": "Requerimento de Informa\u00e7\u00e3o", "autoria": "Dhal", "texto_original": "http://sapl.conceicaodemacabu.rj.leg.br/media/sapl/public/materialegislativa/2023/2301/req_29-2023_-_requer_informacoes_acerca_de_equipes_de_psf.pdf", "ementa": "Requer informa\u00e7\u00f5es acerca de Equipes de PSF"}, {"id": "2302", "ano": "2023", "numero": "30", "tipo__sigla": "REQ", "tipo__descricao": "Requerimento de Informa\u00e7\u00e3o", "autoria": "Dhal", "texto_original": "http://sapl.conceicaodemacabu.rj.leg.br/media/sapl/public/materialegislativa/2023/2302/req_30-2023_-_quantos_coveiros_prestam_servicos_e_qual_a_jornada_de_trabalho_.pdf", "ementa": "Questiona quantos coveiros prestam servi\u00e7os e qual a jornada de trabalho de cada um e se existe a possibilidade de aumentar este n\u00famero."}, {"id": "2303", "ano": "2023", "numero": "31", "tipo__sigla": "REQ", "tipo__descricao": "Requerimento de Informa\u00e7\u00e3o", "autoria": "Dhal", "texto_original": "http://sapl.conceicaodemacabu.rj.leg.br/media/sapl/public/materialegislativa/2023/2303/req_31-2023_-_sobre_as_lampadas_queimadas_na_rua_ranulfo_monteiro_gomes.pdf", "ementa": "Questiona sobre as l\u00e2mpadas queimadas na Rua Ranulfo Monteiro Gomes e todas as ruas do Conjunto Habitacional S\u00e3o Crist\u00f3v\u00e3o."}, {"id": "2304", "ano": "2023", "numero": "32", "tipo__sigla": "REQ", "tipo__descricao": "Requerimento de Informa\u00e7\u00e3o", "autoria": "Dhal", "texto_original": "http://sapl.conceicaodemacabu.rj.leg.br/media/sapl/public/materialegislativa/2023/2304/req_32-2023_-_informacoes_acerca_da_existencia_de_medico_pediatra_realizando_atendimento.pdf", "ementa": "Requer informa\u00e7\u00f5es acerca da exist\u00eancia de m\u00e9dico pediatra realizando atendimento p\u00fablico especializado na cidade."}, {"id": "2305", "ano": "2023", "numero": "33", "tipo__sigla": "REQ", "tipo__descricao": "Requerimento de Informa\u00e7\u00e3o", "autoria": "Dhal", "texto_original": "http://sapl.conceicaodemacabu.rj.leg.br/media/sapl/public/materialegislativa/2023/2305/req_33-2023__se_o_poder_executivo_ira_alterar_a_lei_municipal_no_1600.93_de_acordo_com_as_inovacoes.pdf", "ementa": "Questiona se o Poder Executivo ir\u00e1 alterar a Lei Municipal n\u00ba 1600/93 de acordo com as inova\u00e7\u00f5es estabelecidas pela Resolu\u00e7\u00e3o Federal n\u00ba 231/2022."}, {"id": "2307", "ano": "2023", "numero": "34", "tipo__sigla": "REQ", "tipo__descricao": "Requerimento de Informa\u00e7\u00e3o", "autoria": "CET1/3 - Comiss\u00e3o Especial Tempor\u00e1ria do 1/3 Extraclasse", "texto_original": "http://sapl.conceicaodemacabu.rj.leg.br/media/sapl/public/materialegislativa/2023/2307/req_34-2023_-_cetpla_-_solicitacao_acerca_do_cumprimento_do_um_terco_extraclasse.pdf", "ementa": "Solicita que informe, no prazo supramencionado, o seguinte: Quantas novas matr\u00edculas de professores s\u00e3o necess\u00e1rias para que o Poder Executivo Municipal implemente, na jornada de trabalho dos nossos profissionais do magist\u00e9rio p\u00fablico da educa\u00e7\u00e3o b\u00e1sica, o 1/3 extraclasse?; Qual ser\u00e1 o impacto or\u00e7ament\u00e1rio-financeiro relativo \u00e0 posse de tal quantitativo de professores?"}, {"id": "2319", "ano": "2023", "numero": "35", "tipo__sigla": "REQ", "tipo__descricao": "Requerimento de Informa\u00e7\u00e3o", "autoria": "Dhal", "texto_original": "http://sapl.conceicaodemacabu.rj.leg.br/media/sapl/public/materialegislativa/2023/2319/req_35-2023_-_doacao_de_kits_esportivos_para_os_times_femininos_de_futebol_amador_000039.pdf", "ementa": "Questiona sobre a possibilidade de doa\u00e7\u00e3o de kits esportivos para os times femininos de futebol amador que ir\u00e3o disputar o campeonato local organizado pela Secretaria Municipal de Esporte e Lazer."}, {"id": "2320", "ano": "2023", "numero": "36", "tipo__sigla": "REQ", "tipo__descricao": "Requerimento de Informa\u00e7\u00e3o", "autoria": "Dhal", "texto_original": "http://sapl.conceicaodemacabu.rj.leg.br/media/sapl/public/materialegislativa/2023/2320/req_36-2023_-_sobre_o_repasse_do_governo_federal_atraves_do_fundo_nacional_de_saude.pdf", "ementa": "Questiona sobre o repasse do Governo Federal, atrav\u00e9s do Fundo Nacional de Sa\u00fade, destinado ao pagamento de incentivo financeiro aos ACS."}, {"id": "2321", "ano": "2023", "numero": "37", "tipo__sigla": "REQ", "tipo__descricao": "Requerimento de Informa\u00e7\u00e3o", "autoria": "Dhal", "texto_original": "http://sapl.conceicaodemacabu.rj.leg.br/media/sapl/public/materialegislativa/2023/2321/req_37-2023_-_questiona_sobre_atendimento_odontologico_realizado_neste_municipio.pdf", "ementa": "Questiona sobre atendimento odontol\u00f3gico realizado neste Munic\u00edpio."}, {"id": "2343", "ano": "2023", "numero": "38", "tipo__sigla": "REQ", "tipo__descricao": "Requerimento de Informa\u00e7\u00e3o", "autoria": "Dhal", "texto_original": "http://sapl.conceicaodemacabu.rj.leg.br/media/sapl/public/materialegislativa/2023/2343/req_38-2023_-_requer_informacoes_acerca_de_calendario_de_pagamento_dos_servidores_publicos_par_ao_an_26062023_085226.pdf", "ementa": "Requer informa\u00e7\u00f5es acerca de calend\u00e1rio de pagamento dos servidores p\u00fablicos par ao ano de 2023"}, {"id": "2344", "ano": "2023", "numero": "39", "tipo__sigla": "REQ", "tipo__descricao": "Requerimento de Informa\u00e7\u00e3o", "autoria": "Dhal", "texto_original": "http://sapl.conceicaodemacabu.rj.leg.br/media/sapl/public/materialegislativa/2023/2344/req_39-2023_-_dhal_22062023_153737.pdf", "ementa": "Requer informa\u00e7\u00f5es acerca de visita da vigil\u00e2ncia sanit\u00e1ria ao bairro S\u00e3o Henri"}, {"id": "2346", "ano": "2023", "numero": "40", "tipo__sigla": "REQ", "tipo__descricao": "Requerimento de Informa\u00e7\u00e3o", "autoria": "Dhal", "texto_original": "http://sapl.conceicaodemacabu.rj.leg.br/media/sapl/public/materialegislativa/2023/2346/req_40-2023_-_informacoes_acerca_de_visita_da_equipe_de_vigilancia_sanitaria_a_clinica_da_familia_no_bairro_sao_henri.pdf", "ementa": "Requer informa\u00e7\u00f5es acerca de visita da equipe de vigil\u00e2ncia sanit\u00e1ria \u00e0 cl\u00ednica da fam\u00edlia no bairro S\u00e3o Henri"}, {"id": "2347", "ano": "2023", "numero": "41", "tipo__sigla": "REQ", "tipo__descricao": "Requerimento de Informa\u00e7\u00e3o", "autoria": "Dhal", "texto_original": "http://sapl.conceicaodemacabu.rj.leg.br/media/sapl/public/materialegislativa/2023/2347/req_41-2023_-_retirado_000040.pdf", "ementa": "Solicita informa\u00e7\u00e3o e presta\u00e7\u00e3o de contas, se h\u00e1, por parte do poder executivo, cronograma com dia e m\u00eas para realiza\u00e7\u00e3o de capina, ro\u00e7ada, poda de \u00e1rvores e limpeza no p\u00e1tio da Creche Fadinha Encantada no Bairro S\u00e3o Henri."}, {"id": "2348", "ano": "2023", "numero": "42", "tipo__sigla": "REQ", "tipo__descricao": "Requerimento de Informa\u00e7\u00e3o", "autoria": "Dhal", "texto_original": "http://sapl.conceicaodemacabu.rj.leg.br/media/sapl/public/materialegislativa/2023/2348/req_42-2023_-_retirado_000041.pdf", "ementa": "Solicita informa\u00e7\u00e3o e presta\u00e7\u00e3o de contas, se h\u00e1, por parte do poder executivo, cronograma com dia e m\u00eas para realiza\u00e7\u00e3o de capina, ro\u00e7ada, poda de \u00e1rvores e limpeza no p\u00e1tio da Escola Municipal Rosa Sence no Bairro S\u00e3o Henri."}, {"id": "2398", "ano": "2023", "numero": "43", "tipo__sigla": "REQ", "tipo__descricao": "Requerimento de Informa\u00e7\u00e3o", "autoria": "Nath\u00e1lia Braga", "texto_original": "http://sapl.conceicaodemacabu.rj.leg.br/media/sapl/public/materialegislativa/2023/2398/req_43-2023_-__26062023_095308.pdf", "ementa": "Que o Prefeito Municipal informe se a Prefeitura do Munic\u00edpio de Macabu procedeu a notifica\u00e7\u00e3o dos partidos pol\u00edticos, sindicatos dos trabalhadores e as entidades empresariais, com sede no Munic\u00edpio, acerca da libera\u00e7\u00e3o da verba federal."}, {"id": "2413", "ano": "2023", "numero": "44", "tipo__sigla": "REQ", "tipo__descricao": "Requerimento de Informa\u00e7\u00e3o", "autoria": "Tcharles", "texto_original": "http://sapl.conceicaodemacabu.rj.leg.br/media/sapl/public/materialegislativa/2023/2413/req_44-2023_-_solicita_informacoes_acerca_da_forma_de_calculo_do_iptu_em_atrasojuros_multa_de_mora_07072023_102710.pdf", "ementa": "Solicita informa\u00e7\u00f5es acerca da forma de c\u00e1lculo do IPTU em atraso(juros, multa de mora e atualiza\u00e7\u00e3o monet\u00e1ria)."}, {"id": "2426", "ano": "2023", "numero": "45", "tipo__sigla": "REQ", "tipo__descricao": "Requerimento de Informa\u00e7\u00e3o", "autoria": "Nath\u00e1lia Braga", "texto_original": "http://sapl.conceicaodemacabu.rj.leg.br/media/sapl/public/materialegislativa/2023/2426/req_45-2023_-__informacoes_acerca_de_prazo_ou_previsao_para_recebimento_de_materiais_de_construcao_pelos_municipes_hipossuficientes_atendidos_junto_ao_cras.pdf", "ementa": "Solicita informa\u00e7\u00f5es acerca de prazo, ou previs\u00e3o, para recebimento de materiais de constru\u00e7\u00e3o pelos mun\u00edcipes hipossuficientes atendidos junto ao Centro de Refer\u00eancia de Assist\u00eancia Social (CRAS), de Concei\u00e7\u00e3o de Macabu/RJ."}, {"id": "2435", "ano": "2023", "numero": "46", "tipo__sigla": "REQ", "tipo__descricao": "Requerimento de Informa\u00e7\u00e3o", "autoria": "Dhal", "texto_original": "http://sapl.conceicaodemacabu.rj.leg.br/media/sapl/public/materialegislativa/2023/2435/req46-1.pdf", "ementa": "Requer informa\u00e7\u00f5es acerca da exist\u00eancia de cronograma da Secretaria Municipal de Esporte e Lazer para realiza\u00e7\u00e3o, no ano de 2023, da etapa de motocross, na pista do bairro S\u00e3o Henri, que acontece junto a tradicional festa da comunidade que j\u00e1 consta do Calend\u00e1rio de Eventos da Secretaria Municipal de Turismo."}, {"id": "2450", "ano": "2023", "numero": "47", "tipo__sigla": "REQ", "tipo__descricao": "Requerimento de Informa\u00e7\u00e3o", "autoria": "Nath\u00e1lia Braga", "texto_original": "http://sapl.conceicaodemacabu.rj.leg.br/media/sapl/public/materialegislativa/2023/2450/req47-1.pdf", "ementa": "Solicita que sejam informadas quais medidas est\u00e3o sendo tomadas para evitar alagamentos na \u00e1rea do novo hospital, que est\u00e1 sendo constru\u00eddo no bairro Porto."}, {"id": "2489", "ano": "2023", "numero": "48", "tipo__sigla": "REQ", "tipo__descricao": "Requerimento de Informa\u00e7\u00e3o", "autoria": "Tic\u00f3", "texto_original": "http://sapl.conceicaodemacabu.rj.leg.br/media/sapl/public/materialegislativa/2023/2489/req_48-2023.pdf", "ementa": "Solicita que sejam encaminhadas c\u00f3pias de todos os procedimentos administrativos e contratos celebrados em raz\u00e3o da realiza\u00e7\u00e3o da 35\u00aa Exposi\u00e7\u00e3o Agropecu\u00e1ria do munic\u00edpio de Concei\u00e7\u00e3o de Macabu."}, {"id": "2507", "ano": "2023", "numero": "49", "tipo__sigla": "REQ", "tipo__descricao": "Requerimento de Informa\u00e7\u00e3o", "autoria": "Dhal", "texto_original": "http://sapl.conceicaodemacabu.rj.leg.br/media/sapl/public/materialegislativa/2023/2507/req_49-2023_-_processo_administrativo_n._10.509-23.pdf", "ementa": "Requer c\u00f3pia de inteiro teor do processo administrativo n.\u00ba 10.509/23"}, {"id": "2508", "ano": "2023", "numero": "50", "tipo__sigla": "REQ", "tipo__descricao": "Requerimento de Informa\u00e7\u00e3o", "autoria": "Dhal", "texto_original": "http://sapl.conceicaodemacabu.rj.leg.br/media/sapl/public/materialegislativa/2023/2508/req_50-2023_-_requer_copia_do_processo_administrativo_n.11.414-23.pdf", "ementa": "Requer c\u00f3pia do processo administrativo n.\u00ba 11.414/23"}, {"id": "2514", "ano": "2023", "numero": "51", "tipo__sigla": "REQ", "tipo__descricao": "Requerimento de Informa\u00e7\u00e3o", "autoria": "Nath\u00e1lia Braga", "texto_original": "http://sapl.conceicaodemacabu.rj.leg.br/media/sapl/public/materialegislativa/2023/2514/req_51-2023_-_questiona_sobre_proximo_processo_seletivo_para_ingresso_de_di.pdf", "ementa": "Questiona sobre pr\u00f3ximo Processo Seletivo, para ingresso de discentes, da Escola Macabuense de M\u00fasica e Arte."}, {"id": "2520", "ano": "2023", "numero": "52", "tipo__sigla": "REQ", "tipo__descricao": "Requerimento de Informa\u00e7\u00e3o", "autoria": "Vaguinho", "texto_original": "http://sapl.conceicaodemacabu.rj.leg.br/media/sapl/public/materialegislativa/2023/2520/declaracao_vagner_pen_drive_req_52-2023.pdf", "ementa": "Requer c\u00f3pia de inteiro teor dos processos licitat\u00f3rios da C\u00e2mara Municipal de Concei\u00e7\u00e3o de Macabu, do per\u00edodo de janeiro de 2023 at\u00e9 a presente data"}, {"id": "2538", "ano": "2023", "numero": "53", "tipo__sigla": "REQ", "tipo__descricao": "Requerimento de Informa\u00e7\u00e3o", "autoria": "Nath\u00e1lia Braga", "texto_original": "http://sapl.conceicaodemacabu.rj.leg.br/media/sapl/public/materialegislativa/2023/2538/req_53-2023_-_casa_do_autista.pdf", "ementa": "Solicita informa\u00e7\u00f5es acerca do centro especializado para pessoas com Transtorno do Espectro Autista (TEA) em Concei\u00e7\u00e3o de Macabu, conhecido como \u201cCasa do Autista\u201d."}, {"id": "2542", "ano": "2023", "numero": "54", "tipo__sigla": "REQ", "tipo__descricao": "Requerimento de Informa\u00e7\u00e3o", "autoria": "Sala das Comiss\u00f5es - SC", "texto_original": "http://sapl.conceicaodemacabu.rj.leg.br/media/sapl/public/materialegislativa/2023/2542/req_54-2023_-__transporte_remunerado_privado_de_passageiros_irregular.pdf", "ementa": "Questiona acerca das medidas tomadas em rela\u00e7\u00e3o ao transporte remunerado privado de passageiros irregular."}, {"id": "2548", "ano": "2023", "numero": "55", "tipo__sigla": "REQ", "tipo__descricao": "Requerimento de Informa\u00e7\u00e3o", "autoria": "Ga\u00facho", "texto_original": "http://sapl.conceicaodemacabu.rj.leg.br/media/sapl/public/materialegislativa/2023/2548/req_55-2023_-_creche_vovo.pdf", "ementa": "Requer informa\u00e7\u00f5es quanto \u00e0 situa\u00e7\u00e3o atual da obra da Creche Vov\u00f3 Cedinha, localizada no bairro Eldorado, bem como se h\u00e1 previs\u00e3o de conclus\u00e3o e retorno do funcionamento da referida unidade escolar"}, {"id": "2552", "ano": "2023", "numero": "56", "tipo__sigla": "REQ", "tipo__descricao": "Requerimento de Informa\u00e7\u00e3o", "autoria": "Nath\u00e1lia Braga", "texto_original": "http://sapl.conceicaodemacabu.rj.leg.br/media/sapl/public/materialegislativa/2023/2552/req_56-2023_-_questiona_sobre_processo_de_pavimentacao_e_recapeamento_no_municipio..pdf", "ementa": "Questiona sobre processo de pavimenta\u00e7\u00e3o e recapeamento no munic\u00edpio."}, {"id": "2555", "ano": "2023", "numero": "57", "tipo__sigla": "REQ", "tipo__descricao": "Requerimento de Informa\u00e7\u00e3o", "autoria": "Vaguinho", "texto_original": "http://sapl.conceicaodemacabu.rj.leg.br/media/sapl/public/materialegislativa/2023/2555/req_57-2023_-_copias_de_processos_referentes_ao_transporte_universitario..pdf", "ementa": "Requer c\u00f3pias de processos referentes ao transporte universit\u00e1rio."}, {"id": "2556", "ano": "2023", "numero": "58", "tipo__sigla": "REQ", "tipo__descricao": "Requerimento de Informa\u00e7\u00e3o", "autoria": "Vaguinho", "texto_original": "http://sapl.conceicaodemacabu.rj.leg.br/media/sapl/public/materialegislativa/2023/2556/req_58-2023_-_documentos_relativos_ao_transporte_municipal_gratuito..pdf", "ementa": "Requer c\u00f3pias de documentos relativos ao transporte municipal gratuito."}, {"id": "2557", "ano": "2023", "numero": "59", "tipo__sigla": "REQ", "tipo__descricao": "Requerimento de Informa\u00e7\u00e3o", "autoria": "Vaguinho", "texto_original": "http://sapl.conceicaodemacabu.rj.leg.br/media/sapl/public/materialegislativa/2023/2557/req_59-2023_-_manutencao_dos_veiculos_da_pmcm.pdf", "ementa": "Requer c\u00f3pia de inteiro teor da ata de ades\u00e3o referente ao conserto e manuten\u00e7\u00e3o dos ve\u00edculos da PMCM."}, {"id": "2558", "ano": "2023", "numero": "60", "tipo__sigla": "REQ", "tipo__descricao": "Requerimento de Informa\u00e7\u00e3o", "autoria": "Vaguinho", "texto_original": "http://sapl.conceicaodemacabu.rj.leg.br/media/sapl/public/materialegislativa/2023/2558/req_60-2023_-_sobre_obra_de_drenagem_da_bocaina.pdf", "ementa": "Requer informa\u00e7\u00f5es sobre obra de drenagem da bocaina."}, {"id": "2569", "ano": "2023", "numero": "61", "tipo__sigla": "REQ", "tipo__descricao": "Requerimento de Informa\u00e7\u00e3o", "autoria": "Nath\u00e1lia Braga", "texto_original": "http://sapl.conceicaodemacabu.rj.leg.br/media/sapl/public/materialegislativa/2023/2569/req_61-2023_-_brinquedos_de_parque_infantil.pdf", "ementa": "Requer informa\u00e7\u00f5es quanto \u00e0 instala\u00e7\u00e3o de brinquedos de parque infantil (\"playground\" infantil de madeira) adquiridos para serem instalados nas pra\u00e7as dos bairros da cidade."}, {"id": "2576", "ano": "2023", "numero": "62", "tipo__sigla": "REQ", "tipo__descricao": "Requerimento de Informa\u00e7\u00e3o", "autoria": "Tic\u00f3", "texto_original": "http://sapl.conceicaodemacabu.rj.leg.br/media/sapl/public/materialegislativa/2023/2576/req_62-2023_-_proibicao_da_soltura_de_fogos_de_artificio.pdf", "ementa": "Solicita informa\u00e7\u00f5es sobre as medidas tomadas pela Prefeitura com fins de viabilizar a execu\u00e7\u00e3o da Lei n\u00ba 1.862/2023, que \u201cDisp\u00f5e sobre a proibi\u00e7\u00e3o da soltura de fogos de artif\u00edcio e artefatos pirot\u00e9cnicos, que produzam estampido, no \u00e2mbito do Munic\u00edpio de Concei\u00e7\u00e3o de Macabu e d\u00e1 outras provid\u00eancias\u201d."}, {"id": "2577", "ano": "2023", "numero": "63", "tipo__sigla": "REQ", "tipo__descricao": "Requerimento de Informa\u00e7\u00e3o", "autoria": "Tic\u00f3", "texto_original": "http://sapl.conceicaodemacabu.rj.leg.br/media/sapl/public/materialegislativa/2023/2577/req_63-2023_-_questionario_m-chat.pdf", "ementa": "Requer informa\u00e7\u00f5es acerca da aplica\u00e7\u00e3o do Question\u00e1rio M-CHAT no Munic\u00edpio, institu\u00eddo pela Lei Municipal n\u00ba 1.681/2021."}, {"id": "2237", "ano": "2023", "numero": "1", "tipo__sigla": "IND", "tipo__descricao": "Indica\u00e7\u00e3o Legislativa", "autoria": "Nath\u00e1lia Braga", "texto_original": "http://sapl.conceicaodemacabu.rj.leg.br/media/sapl/public/materialegislativa/2023/2237/ind_01-2023.pdf", "ementa": "Indico ao poder executivo que seja convocado os aprovados no concurso de 2019 no cargo de professor afim de regularizar o comprimento da lei de 1//3 extraclasse."}, {"id": "2238", "ano": "2023", "numero": "2", "tipo__sigla": "IND", "tipo__descricao": "Indica\u00e7\u00e3o Legislativa", "autoria": "Nath\u00e1lia Braga", "texto_original": "http://sapl.conceicaodemacabu.rj.leg.br/media/sapl/public/materialegislativa/2023/2238/02-2023.pdf", "ementa": "Indico ao poder executivo que seja convocado os aprovados no concurso de 2019 no cargo de auxiliares de servi\u00e7os gerais."}, {"id": "2240", "ano": "2023", "numero": "3", "tipo__sigla": "IND", "tipo__descricao": "Indica\u00e7\u00e3o Legislativa", "autoria": "Nath\u00e1lia Braga", "texto_original": "http://sapl.conceicaodemacabu.rj.leg.br/media/sapl/public/materialegislativa/2023/2240/ind_03-2023_-_sejam_instaladas_tendas_e_cadeiras_na_frente_do_posto_central_ou_que_seja_mudado_hor..pdf", "ementa": "Indico ao Poder Executivo que sejam instaladas tendas e cadeiras na frente do posto central ou que seja mudado o hor\u00e1rio de marca\u00e7\u00e3o para a tarde."}, {"id": "2243", "ano": "2023", "numero": "4", "tipo__sigla": "IND", "tipo__descricao": "Indica\u00e7\u00e3o Legislativa", "autoria": "Sandro Daumas", "texto_original": "http://sapl.conceicaodemacabu.rj.leg.br/media/sapl/public/materialegislativa/2023/2243/ind_04-2023_-_construcao_de_capela_mortuaria_publica_no_antigo_posto_de_saude_macabuzinho.pdf", "ementa": "Indica ao Poder Executivo constru\u00e7\u00e3o de Capela Mortu\u00e1ria P\u00fablica no Antigo Posto de Sa\u00fade Macabuzinho."}, {"id": "2244", "ano": "2023", "numero": "5", "tipo__sigla": "IND", "tipo__descricao": "Indica\u00e7\u00e3o Legislativa", "autoria": "Tcharles", "texto_original": "http://sapl.conceicaodemacabu.rj.leg.br/media/sapl/public/materialegislativa/2023/2244/ind_05-2023_-_incluir_o_cargo_de_motorista_na_classe_b.pdf", "ementa": "Indica ao Poder Executivo Municipal minuta de Projeto de Lei, com a seguinte ementa: \"Altera o anexo II da Lei Municipal n\u00ba 1.554/2018, que trata do Plano de Cargos, Carreiras e Sal\u00e1rios da Administra\u00e7\u00e3o Direta e Indireta do Munic\u00edpio de Concei\u00e7\u00e3o de Macabu, para incluir o Cargo de Motorista na Classe 'B'.\""}, {"id": "2246", "ano": "2023", "numero": "6", "tipo__sigla": "IND", "tipo__descricao": "Indica\u00e7\u00e3o Legislativa", "autoria": "Ga\u00facho", "texto_original": "http://sapl.conceicaodemacabu.rj.leg.br/media/sapl/public/materialegislativa/2023/2246/indicacao_legislativa_06-2023_-_indica_que_sejam_adquiridos_para_o_municipio_conteiner_de_lixo_com_tampa.pdf", "ementa": "Indica ao Poder Executivo Municipal que sejam adquiridos para o munic\u00edpio cont\u00eainer de lixo 1000 litros com tampa para material reciclado."}, {"id": "2249", "ano": "2023", "numero": "7", "tipo__sigla": "IND", "tipo__descricao": "Indica\u00e7\u00e3o Legislativa", "autoria": "Guta", "texto_original": "http://sapl.conceicaodemacabu.rj.leg.br/media/sapl/public/materialegislativa/2023/2249/indicacao_legislativa_07-2023_-_sugere_ao_poder_executivo_municipal_que_distribua_kit-lanches_aos_pacientes_que_viajam_para_fora_do_municipio.pdf", "ementa": "Sugere ao Poder Executivo Municipal que distribua kit-lanches aos pacientes que viajam para fora do munic\u00edpio."}, {"id": "2250", "ano": "2023", "numero": "8", "tipo__sigla": "IND", "tipo__descricao": "Indica\u00e7\u00e3o Legislativa", "autoria": "Guta", "texto_original": "http://sapl.conceicaodemacabu.rj.leg.br/media/", "ementa": "Sugere a altera\u00e7\u00e3o do art. 3\u00ba - B da lei 1.584/2019, objetivando a exclus\u00e3o da veda\u00e7\u00e3o ao recebimento do aux\u00edlio alimenta\u00e7\u00e3o o servidor em gozo de licen\u00e7a pr\u00eamio."}, {"id": "2252", "ano": "2023", "numero": "9", "tipo__sigla": "IND", "tipo__descricao": "Indica\u00e7\u00e3o Legislativa", "autoria": "Tic\u00f3", "texto_original": "http://sapl.conceicaodemacabu.rj.leg.br/media/sapl/public/materialegislativa/2023/2252/indicacao_legislativa_09-2023_-_indica_ao_poder_executivo_municipal_a_contratacao_de_empresa_especializada_para_prestacao_de_servicos_tecnicos_especializados.pdf", "ementa": "Indica ao Poder Executivo Municipal a contrata\u00e7\u00e3o de empresa especializada para presta\u00e7\u00e3o de servi\u00e7os t\u00e9cnicos especializados (projetos esportivos em diversas modalidades), a fim de atender as necessidades da Secretaria Municipal de Esporte e Lazer. Destaca-se que a empresa contratada dever\u00e1 apresentar profissionais na \u00e1rea de Educa\u00e7\u00e3o F\u00edsica devidamente cadastrados no CREF, bem como dispor de todos os aparatos esportivos imprescind\u00edveis \u00e0 pr\u00e1tica desportiva."}, {"id": "2268", "ano": "2023", "numero": "10", "tipo__sigla": "IND", "tipo__descricao": "Indica\u00e7\u00e3o Legislativa", "autoria": "Sandro Daumas", "texto_original": "http://sapl.conceicaodemacabu.rj.leg.br/media/sapl/public/materialegislativa/2023/2268/ind_10-2023_-_reforma_e_funcionamento_do_centro_de_convivencia_de_macabuzinho_2o_distrito_.pdf", "ementa": "Indica ao poder executivo a reforma e funcionamento do Centro de Conviv\u00eancia de Macabuzinho, 2\u00ba Distrito do munic\u00edpio."}, {"id": "2274", "ano": "2023", "numero": "11", "tipo__sigla": "IND", "tipo__descricao": "Indica\u00e7\u00e3o Legislativa", "autoria": "Tcharles", "texto_original": "http://sapl.conceicaodemacabu.rj.leg.br/media/sapl/public/materialegislativa/2023/2274/ind_11-2023_-_implantacao_da_politica_de_incentivo_aos_atletas_e_aos_tecnicos__denominadas_bolsa-at.pdf", "ementa": "Indica ao Poder Executivo Municipal a implanta\u00e7\u00e3o da pol\u00edtica de incentivo aos atletas e aos t\u00e9cnicos \u2013 denominadas Bolsa-Atleta e Bolsa-T\u00e9cnico \u2013 no \u00e2mbito do munic\u00edpio de Concei\u00e7\u00e3o de Macabu/RJ."}, {"id": "2288", "ano": "2023", "numero": "12", "tipo__sigla": "IND", "tipo__descricao": "Indica\u00e7\u00e3o Legislativa", "autoria": "Dhal", "texto_original": "http://sapl.conceicaodemacabu.rj.leg.br/media/sapl/public/materialegislativa/2023/2288/indicacao_legislativa_12-2023.pdf", "ementa": "Indica cria\u00e7\u00e3o de gratifica\u00e7\u00e3o por local de trabalho em \u00e1reas de risco e de dif\u00edcil acesso"}, {"id": "2289", "ano": "2023", "numero": "13", "tipo__sigla": "IND", "tipo__descricao": "Indica\u00e7\u00e3o Legislativa", "autoria": "Ga\u00facho", "texto_original": "http://sapl.conceicaodemacabu.rj.leg.br/media/sapl/public/materialegislativa/2023/2289/indicacao_legislativa_13-2023.pdf", "ementa": "sugerindo ao Poder Executivo Municipal cria\u00e7\u00e3o e implanta\u00e7\u00e3o do Projeto Inclus\u00e3o Digital Terceira Idade"}, {"id": "2308", "ano": "2023", "numero": "14", "tipo__sigla": "IND", "tipo__descricao": "Indica\u00e7\u00e3o Legislativa", "autoria": "Guta", "texto_original": "http://sapl.conceicaodemacabu.rj.leg.br/media/sapl/public/materialegislativa/2023/2308/ind_14-2023_-_indica_construcao__de_protecao_ma_praca_do_bairro_rhodia.pdf", "ementa": "Indica a constru\u00e7\u00e3o de uma prote\u00e7\u00e3o na pra\u00e7a do bairro Rhodia."}, {"id": "2309", "ano": "2023", "numero": "15", "tipo__sigla": "IND", "tipo__descricao": "Indica\u00e7\u00e3o Legislativa", "autoria": "Guta", "texto_original": "http://sapl.conceicaodemacabu.rj.leg.br/media/sapl/public/materialegislativa/2023/2309/ind_15-2023_-_sugere_atendimento_do_castramovel_em_todos_os_bairros_da_cidade.pdf", "ementa": "Sugere ao Poder Executivo que, ap\u00f3s a legaliza\u00e7\u00e3o, o castram\u00f3vel atenda a todos os bairros da cidade."}, {"id": "2310", "ano": "2023", "numero": "16", "tipo__sigla": "IND", "tipo__descricao": "Indica\u00e7\u00e3o Legislativa", "autoria": "Guta", "texto_original": "http://sapl.conceicaodemacabu.rj.leg.br/media/sapl/public/materialegislativa/2023/2310/ind_16-2023__-_indica_elaboracao_de_projeto_de_protecao_das_nascentes_dos_rios_0_guta.pdf", "ementa": "Indica ao Poder Executivo que, atrav\u00e9s da Secretaria Municipal de Meio Ambiente, elabore projeto de prote\u00e7\u00e3o das nascentes dos rios do munic\u00edpio."}, {"id": "2311", "ano": "2023", "numero": "17", "tipo__sigla": "IND", "tipo__descricao": "Indica\u00e7\u00e3o Legislativa", "autoria": "Guta", "texto_original": "http://sapl.conceicaodemacabu.rj.leg.br/media/sapl/public/materialegislativa/2023/2311/ind_17-2023_-_grampeamento_do_solo_-_guta.pdf", "ementa": "Indica ao Poder Executivo Municipal, atrav\u00e9s da Secretaria Municipal de Obras, grampeamento do solo nos morros do bairro Rhodia e Mutir\u00e3o, bem como em outros bairros da cidade."}, {"id": "2312", "ano": "2023", "numero": "18", "tipo__sigla": "IND", "tipo__descricao": "Indica\u00e7\u00e3o Legislativa", "autoria": "Guta", "texto_original": "http://sapl.conceicaodemacabu.rj.leg.br/media/sapl/public/materialegislativa/2023/2312/ind_18-2023_-_instalacao_de_escovodromo_-_guta.pdf", "ementa": "Indica ao Poder Executivo, atrav\u00e9s da Secretaria Municipal de Educa\u00e7\u00e3o e Cultura, a instala\u00e7\u00e3o de escov\u00f3dromo nas escolas da rede municipal de ensino."}, {"id": "2313", "ano": "2023", "numero": "19", "tipo__sigla": "IND", "tipo__descricao": "Indica\u00e7\u00e3o Legislativa", "autoria": "Guta", "texto_original": "http://sapl.conceicaodemacabu.rj.leg.br/media/", "ementa": "Reitera a Indica\u00e7\u00e3o Legislativa n\u00ba 08/2023, sugerindo que seja editada mat\u00e9ria legislativa nos termos regimentais, para altera\u00e7\u00e3o do art. 3\u00ba - B da lei 1584/2019, objetivando a exclus\u00e3o da veda\u00e7\u00e3o ao recebimento do aux\u00edlio alimenta\u00e7\u00e3o ao servidor em gozo de licen\u00e7a pr\u00eamio."}, {"id": "2314", "ano": "2023", "numero": "20", "tipo__sigla": "IND", "tipo__descricao": "Indica\u00e7\u00e3o Legislativa", "autoria": "Nath\u00e1lia Braga", "texto_original": "http://sapl.conceicaodemacabu.rj.leg.br/media/sapl/public/materialegislativa/2023/2314/ind_20-2023_-_disponibilizacao_de_recipientes_para_coleta_de_oleo_-_nathalia_braga.pdf", "ementa": "Indica ao Poder Executivo a disponibiliza\u00e7\u00e3o de recipientes para coleta de \u00f3leo de cozinha nas escolas municipais."}, {"id": "2315", "ano": "2023", "numero": "21", "tipo__sigla": "IND", "tipo__descricao": "Indica\u00e7\u00e3o Legislativa", "autoria": "Nath\u00e1lia Braga", "texto_original": "http://sapl.conceicaodemacabu.rj.leg.br/media/sapl/public/materialegislativa/2023/2315/ind_21-2023_-_pintura_de_meio_fio_postes_..._-_nathalia.pdf", "ementa": "Indica ao Poder Executivo que seja feita a pintura de meio fio, postes e coloca\u00e7\u00e3o de lixeiras suspensas nas principais vias municipais."}, {"id": "2317", "ano": "2023", "numero": "22", "tipo__sigla": "IND", "tipo__descricao": "Indica\u00e7\u00e3o Legislativa", "autoria": "Coutinho", "texto_original": "http://sapl.conceicaodemacabu.rj.leg.br/media/sapl/public/materialegislativa/2023/2317/ind_22-2023_-_convocacao_de_cuidador_-_coutinho.pdf", "ementa": "Indica ao Poder Executivo, atrav\u00e9s da SEMEC, a convoca\u00e7\u00e3o de ao menos um Cuidador para da unidade escolar da rede municipal de ensino, dentre os aprovados no \u00faltimo PSS."}, {"id": "2318", "ano": "2023", "numero": "23", "tipo__sigla": "IND", "tipo__descricao": "Indica\u00e7\u00e3o Legislativa", "autoria": "Coutinho", "texto_original": "http://sapl.conceicaodemacabu.rj.leg.br/media/", "ementa": "Indica ao Poder Legislativo a implanta\u00e7\u00e3o de tradu\u00e7\u00e3o simult\u00e2nea em LIBRAS nas transmiss\u00f5es online das sess\u00f5es desta C\u00e2mara."}, {"id": "2322", "ano": "2023", "numero": "24", "tipo__sigla": "IND", "tipo__descricao": "Indica\u00e7\u00e3o Legislativa", "autoria": "Tic\u00f3", "texto_original": "http://sapl.conceicaodemacabu.rj.leg.br/media/sapl/public/materialegislativa/2023/2322/ind_24-2023_-_sugere_contratacao_de_mediadores.pdf", "ementa": "Sugere contrata\u00e7\u00e3o de Mediadores Escolares, a fim de cumprir a Lei Federal n\u00b0 12.764/2012, a qual determina que a pessoa com Transtorno do Espectro Autista (TEA) inclu\u00edda nas classes comuns de ensino regular ter\u00e1 direito \u00e0 acompanhante especializado, caso comprovada a necessidade."}, {"id": "2324", "ano": "2023", "numero": "25", "tipo__sigla": "IND", "tipo__descricao": "Indica\u00e7\u00e3o Legislativa", "autoria": "Coutinho", "texto_original": "http://sapl.conceicaodemacabu.rj.leg.br/media/sapl/public/materialegislativa/2023/2324/ind_25-2023_-_indica_criacao_de_programa_da_secretaria_de_educacao_e_saude_para_realizacao_de_teste_de_glicemia_-_coutinho.pdf", "ementa": "Indica ao Poder Executivo cria\u00e7\u00e3o de programa em parceria entre as secretarias de educa\u00e7\u00e3o e sa\u00fade para realiza\u00e7\u00e3o de teste de glicemia nos alunos da rede p\u00fablica municipal."}, {"id": "2325", "ano": "2023", "numero": "26", "tipo__sigla": "IND", "tipo__descricao": "Indica\u00e7\u00e3o Legislativa", "autoria": "Nath\u00e1lia Braga", "texto_original": "http://sapl.conceicaodemacabu.rj.leg.br/media/sapl/public/materialegislativa/2023/2325/ind_26-2023_-_indica_instalacao_de_placas_com_os_nomes_dos_logradouros_nas_ruas_do_municipio_-_nathalia.pdf", "ementa": "Indica ao Poder Executivo que sejam instaladas placas, com os nomes dos logradouros, nas ruas do munic\u00edpio."}, {"id": "2326", "ano": "2023", "numero": "27", "tipo__sigla": "IND", "tipo__descricao": "Indica\u00e7\u00e3o Legislativa", "autoria": "Nath\u00e1lia Braga", "texto_original": "http://sapl.conceicaodemacabu.rj.leg.br/media/sapl/public/materialegislativa/2023/2326/ind_27-2023_-_indica_criacao_de_sala_para_patrulha_maria_da_penha.pdf", "ementa": "Indica ao Poder Executivo que seja criada uma sala, em anexo com a guarda municipal, para a patrulha maria da penha."}, {"id": "2327", "ano": "2023", "numero": "28", "tipo__sigla": "IND", "tipo__descricao": "Indica\u00e7\u00e3o Legislativa", "autoria": "Ga\u00facho", "texto_original": "http://sapl.conceicaodemacabu.rj.leg.br/media/sapl/public/materialegislativa/2023/2327/ind_28-2023_-_indica_contratacao_de_vigilantes_para_as_unidades_de_ensino_da_rede_municipal..pdf", "ementa": "Indica contrata\u00e7\u00e3o de vigilantes para as unidades de ensino da rede municipal."}, {"id": "2328", "ano": "2023", "numero": "29", "tipo__sigla": "IND", "tipo__descricao": "Indica\u00e7\u00e3o Legislativa", "autoria": "Ga\u00facho", "texto_original": "http://sapl.conceicaodemacabu.rj.leg.br/media/sapl/public/materialegislativa/2023/2328/ind_29-2023.pdf", "ementa": "Indica realiza\u00e7\u00e3o de cadastro de doadores de sangue em Concei\u00e7\u00e3o de Macabu/RJ."}, {"id": "2329", "ano": "2023", "numero": "30", "tipo__sigla": "IND", "tipo__descricao": "Indica\u00e7\u00e3o Legislativa", "autoria": "Nath\u00e1lia Braga", "texto_original": "http://sapl.conceicaodemacabu.rj.leg.br/media/sapl/public/materialegislativa/2023/2329/ind_30-23_-_sugere_que_sejam_contratados_segurancas_para_as_escolas_municipais..pdf", "ementa": "Sugere que sejam contratados seguran\u00e7as para as escolas municipais."}, {"id": "2333", "ano": "2023", "numero": "31", "tipo__sigla": "IND", "tipo__descricao": "Indica\u00e7\u00e3o Legislativa", "autoria": "Nath\u00e1lia Braga", "texto_original": "http://sapl.conceicaodemacabu.rj.leg.br/media/sapl/public/materialegislativa/2023/2333/ind_31-2023_-_indica_ao_poder_executivo_a_implantacao_de_tratamento_de_para_pessoas_com_necessidades_especiais.pdf", "ementa": "Indica ao Poder Executivo a Implanta\u00e7\u00e3o de tratamento de equoterapia para Pessoas com Necessidades Especiais."}, {"id": "2334", "ano": "2023", "numero": "32", "tipo__sigla": "IND", "tipo__descricao": "Indica\u00e7\u00e3o Legislativa", "autoria": "Nath\u00e1lia Braga", "texto_original": "http://sapl.conceicaodemacabu.rj.leg.br/media/sapl/public/materialegislativa/2023/2334/ind_32-2023_-_indica_que_seja_locado_espaco_para_ser_utilizado_como_creche_vovo_cedinha.pdf", "ementa": "Indica que seja locado espa\u00e7o para ser utilizado como \"Creche Vov\u00f3 Cedinha\"."}, {"id": "2335", "ano": "2023", "numero": "33", "tipo__sigla": "IND", "tipo__descricao": "Indica\u00e7\u00e3o Legislativa", "autoria": "Nath\u00e1lia Braga", "texto_original": "http://sapl.conceicaodemacabu.rj.leg.br/media/sapl/public/materialegislativa/2023/2335/ind_33-2023_-_indica_ao_poder_executivo_que_reforme_a_praga_do_curato_de_santa_catarina.pdf", "ementa": "Indica ao Poder Executivo que reforme a pra\u00e7a do Curato de Santa Catarina."}, {"id": "2341", "ano": "2023", "numero": "34", "tipo__sigla": "IND", "tipo__descricao": "Indica\u00e7\u00e3o Legislativa", "autoria": "Sandro Daumas", "texto_original": "http://sapl.conceicaodemacabu.rj.leg.br/media/sapl/public/materialegislativa/2023/2341/ind_34-2023_-_sandro_daumas.pdf", "ementa": "Indica ao Poder Executivo a coloca\u00e7\u00e3o de duas guaritas, nas localidades de Capelinha RJ 182 sentido Maca\u00e9 e Capelinha II."}, {"id": "2342", "ano": "2023", "numero": "35", "tipo__sigla": "IND", "tipo__descricao": "Indica\u00e7\u00e3o Legislativa", "autoria": "Sandro Daumas", "texto_original": "http://sapl.conceicaodemacabu.rj.leg.br/media/sapl/public/materialegislativa/2023/2342/ind_35-2023_-_sandro_daumas.pdf", "ementa": "Indica ao Poder Executivo a coloca\u00e7\u00e3o de uma guarita no bairro da Usina - em frente a Creche Vov\u00f3 Udinha - sentido ao centro."}, {"id": "2349", "ano": "2023", "numero": "36", "tipo__sigla": "IND", "tipo__descricao": "Indica\u00e7\u00e3o Legislativa", "autoria": "Nath\u00e1lia Braga", "texto_original": "http://sapl.conceicaodemacabu.rj.leg.br/media/sapl/public/materialegislativa/2023/2349/ind_36-2023_-_sandro_daumas.pdf", "ementa": "Indica ao Poder Executivo a coloca\u00e7\u00e3o de um quebra-molas na Rua Evaristo - Centro."}, {"id": "2350", "ano": "2023", "numero": "37", "tipo__sigla": "IND", "tipo__descricao": "Indica\u00e7\u00e3o Legislativa", "autoria": "Nath\u00e1lia Braga", "texto_original": "http://sapl.conceicaodemacabu.rj.leg.br/media/sapl/public/materialegislativa/2023/2350/ind_37-2023_-_nathalia_braga.pdf", "ementa": "Indica ao Poder Executivo a coloca\u00e7\u00e3o de mais um poste de ilumina\u00e7\u00e3o na Vila Isaura - Centro."}, {"id": "2351", "ano": "2023", "numero": "38", "tipo__sigla": "IND", "tipo__descricao": "Indica\u00e7\u00e3o Legislativa", "autoria": "Nath\u00e1lia Braga", "texto_original": "http://sapl.conceicaodemacabu.rj.leg.br/media/sapl/public/materialegislativa/2023/2351/ind_38-2023_-_nathalia_braga.pdf", "ementa": "Indica\u00e7\u00e3o para que o Poder Executivo proponha Projeto de Lei com a seguinte ementa: \"Disp\u00f5e sobre a obrigatoriedade de contrata\u00e7\u00e3o de artistas locais em shows, manifesta\u00e7\u00f5es musicais, culturais, art\u00edsticas, exposi\u00e7\u00f5es e similares, realizados em Concei\u00e7\u00e3o de Macabu\u201d."}, {"id": "2353", "ano": "2023", "numero": "39", "tipo__sigla": "IND", "tipo__descricao": "Indica\u00e7\u00e3o Legislativa", "autoria": "Ga\u00facho", "texto_original": "http://sapl.conceicaodemacabu.rj.leg.br/media/sapl/public/materialegislativa/2023/2353/ind_39-2023_-_indica_ampliacao_da_cozinha_da_escola_municipal_umbelinda_aquino_de_oliveira.pdf", "ementa": "Indica amplia\u00e7\u00e3o da cozinha da Escola Municipal Umbelina Aquino de Oliveira."}, {"id": "2355", "ano": "2023", "numero": "40", "tipo__sigla": "IND", "tipo__descricao": "Indica\u00e7\u00e3o Legislativa", "autoria": "Guta", "texto_original": "http://sapl.conceicaodemacabu.rj.leg.br/media/sapl/public/materialegislativa/2023/2355/ind_40-2023_-_indica_a_construcao_de_ralo_na_rua_maria_julia_gomeslemos.pdf", "ementa": "Indica ao Poder Executivo a constru\u00e7\u00e3o de ralo na Rua Esmeraldo Alfenas Da Fonseca no Para\u00edso (Pr\u00f3ximo \u00e0 R\u00e1dio Modelo FM)."}, {"id": "2356", "ano": "2023", "numero": "41", "tipo__sigla": "IND", "tipo__descricao": "Indica\u00e7\u00e3o Legislativa", "autoria": "Guta", "texto_original": "http://sapl.conceicaodemacabu.rj.leg.br/media/sapl/public/materialegislativa/2023/2356/ind_41-2023_-_indica_instacao_da_parquinho.pdf", "ementa": "Indica ao poder executivo instala\u00e7\u00e3o de parquinho em frente \u00e0 creche vov\u00f3 Undinha."}, {"id": "2357", "ano": "2023", "numero": "42", "tipo__sigla": "IND", "tipo__descricao": "Indica\u00e7\u00e3o Legislativa", "autoria": "Guta", "texto_original": "http://sapl.conceicaodemacabu.rj.leg.br/media/sapl/public/materialegislativa/2023/2357/ind_42-2023_-_indica_a_instalacao_de_parquinho_no_conjunto_habitacional_silvivo_soares_tavares.pdf", "ementa": "Indica ao Poder Executivo a instala\u00e7\u00e3o de parquinho no Conjunto Habitacional Silvio Soares Tavares."}, {"id": "2358", "ano": "2023", "numero": "43", "tipo__sigla": "IND", "tipo__descricao": "Indica\u00e7\u00e3o Legislativa", "autoria": "Guta", "texto_original": "http://sapl.conceicaodemacabu.rj.leg.br/media/sapl/public/materialegislativa/2023/2358/ind_43-2023_-_indica_ao_poder_executivo_construcao_de_quadra_no_conjunto_habitacional_nossa_senhora_de_lurdes.pdf", "ementa": "Indica ao poder executivo constru\u00e7\u00e3o de uma quadra coberta no Conjunto Habitacional Nossa Senhora de Lurdes."}, {"id": "2359", "ano": "2023", "numero": "44", "tipo__sigla": "IND", "tipo__descricao": "Indica\u00e7\u00e3o Legislativa", "autoria": "Ga\u00facho", "texto_original": "http://sapl.conceicaodemacabu.rj.leg.br/media/sapl/public/materialegislativa/2023/2359/ind_44-2023_-_indica_celebracao_de_parceria_tendo_em_vista_a_doacao_do_imposto_de_renda_para_o_fundo_da_crianca_e_do_adolescente.pdf", "ementa": "Indica ao Poder Executivo a celebra\u00e7\u00e3o de parceria com os \u00f3rg\u00e3os competentes para ades\u00e3o do fundo de doa\u00e7\u00f5es de imposto de renda de pessoa f\u00edsica ao Fundo Municipal dos Direitos da Crian\u00e7a e do Adolescente."}, {"id": "2360", "ano": "2023", "numero": "45", "tipo__sigla": "IND", "tipo__descricao": "Indica\u00e7\u00e3o Legislativa", "autoria": "Nath\u00e1lia Braga", "texto_original": "http://sapl.conceicaodemacabu.rj.leg.br/media/sapl/public/materialegislativa/2023/2360/ind_45_-_2023_-_indica_a_contratacao_de_empresa_de_paisagismo_na_entrada_da_cidade.pdf", "ementa": "Indica contrata\u00e7\u00e3o de empresa de paisagismo na entrada da cidade."}, {"id": "2361", "ano": "2023", "numero": "46", "tipo__sigla": "IND", "tipo__descricao": "Indica\u00e7\u00e3o Legislativa", "autoria": "Nath\u00e1lia Braga", "texto_original": "http://sapl.conceicaodemacabu.rj.leg.br/media/sapl/public/materialegislativa/2023/2361/ind_46-2023_-__indica_criacao_do_dia_de_encontro_de_agricultores_no_horto_municipal.pdf", "ementa": "Indica seja criado o \u201cEncontro dos Agricultores\u201d, a ocorrer semestralmente no Horto Municipal Vereador H\u00e9lio Ara\u00fajo, objetivando que os nossos produtores interajam entre si e sejam aproximados da gest\u00e3o municipal."}, {"id": "2362", "ano": "2023", "numero": "47", "tipo__sigla": "IND", "tipo__descricao": "Indica\u00e7\u00e3o Legislativa", "autoria": "Nath\u00e1lia Braga", "texto_original": "http://sapl.conceicaodemacabu.rj.leg.br/media/sapl/public/materialegislativa/2023/2362/ind_47-2023_-_indica_que_seja_criado_o_projeto_cinema_para_todos_aos_fins_de_semana.pdf", "ementa": "Indica que, em parceria com a Secretaria de Estado de Cultura e Economia Criativa (SECEC-RJ), o Poder Executivo envide esfor\u00e7os para trazer sala cinematogr\u00e1fica para o munic\u00edpio, atrav\u00e9s de programas como \u201cCinema da Cidade\u201d, \u201cCine+\u201d ou similar."}, {"id": "2363", "ano": "2023", "numero": "48", "tipo__sigla": "IND", "tipo__descricao": "Indica\u00e7\u00e3o Legislativa", "autoria": "Guta", "texto_original": "http://sapl.conceicaodemacabu.rj.leg.br/media/sapl/public/materialegislativa/2023/2363/ind_48-2023_-_indica_a_colocacao_de_grama_na_praca_da_calcadinha.pdf", "ementa": "Indica ao Poder Executivo a coloca\u00e7\u00e3o de Grama na  Pra\u00e7a da Cal\u00e7adinha."}, {"id": "2364", "ano": "2023", "numero": "49", "tipo__sigla": "IND", "tipo__descricao": "Indica\u00e7\u00e3o Legislativa", "autoria": "Guta", "texto_original": "http://sapl.conceicaodemacabu.rj.leg.br/media/sapl/public/materialegislativa/2023/2364/ind_49-2023_-_indica_a_instalacao_de_braco_de_luz_na_calcadinha.pdf", "ementa": "Indica ao Poder Executivo, por interm\u00e9dio da Secretaria respons\u00e1vel, a instala\u00e7\u00e3o de bra\u00e7o de luz na Cal\u00e7adinha."}, {"id": "2365", "ano": "2023", "numero": "50", "tipo__sigla": "IND", "tipo__descricao": "Indica\u00e7\u00e3o Legislativa", "autoria": "Guta", "texto_original": "http://sapl.conceicaodemacabu.rj.leg.br/media/sapl/public/materialegislativa/2023/2365/ind_50-2023_-_indica_a_construcao_de_cobertura_na_escola_rosa_sence.pdf", "ementa": "Indica ao Poder Executivo a constru\u00e7\u00e3o de uma cobertura na Escola Municipal Rosa Sence."}, {"id": "2366", "ano": "2023", "numero": "51", "tipo__sigla": "IND", "tipo__descricao": "Indica\u00e7\u00e3o Legislativa", "autoria": "Sandro Daumas", "texto_original": "http://sapl.conceicaodemacabu.rj.leg.br/media/sapl/public/materialegislativa/2023/2366/ind_51-2023_-_indica_a_realizacao_de_festa_junina_no_bairro_barata..pdf", "ementa": "Indica ao Poder Executivo a realiza\u00e7\u00e3o de festa junina no bairro Barata."}, {"id": "2367", "ano": "2023", "numero": "52", "tipo__sigla": "IND", "tipo__descricao": "Indica\u00e7\u00e3o Legislativa", "autoria": "Sandro Daumas", "texto_original": "http://sapl.conceicaodemacabu.rj.leg.br/media/sapl/public/materialegislativa/2023/2367/ind_52_-_2023_-_indica_a_realizacao_de_festa_junina_em_macabuzinho.pdf", "ementa": "Indica ao Poder Executivo a realiza\u00e7\u00e3o de festa junina no 2\u00ba distrito Macabuzinho."}, {"id": "2370", "ano": "2023", "numero": "53", "tipo__sigla": "IND", "tipo__descricao": "Indica\u00e7\u00e3o Legislativa", "autoria": "Guta", "texto_original": "http://sapl.conceicaodemacabu.rj.leg.br/media/sapl/public/materialegislativa/2023/2370/ind_53-2023_-_indica_realizacao_de_atividar.pdf", "ementa": "Indica ao Poder Executivo a realiza\u00e7\u00e3o de atividades de mobiliza\u00e7\u00e3o contra a pedofilia nos termos das lei municipais 1525/2018 e 1691/2021."}, {"id": "2371", "ano": "2023", "numero": "54", "tipo__sigla": "IND", "tipo__descricao": "Indica\u00e7\u00e3o Legislativa", "autoria": "Guta", "texto_original": "http://sapl.conceicaodemacabu.rj.leg.br/media/sapl/public/materialegislativa/2023/2371/ind_54-2023_-_indica_que__trofeu_do_campeonao_de_futsal_feminino_tenha_o_nome_valmo_neves.pdf", "ementa": "Que o Trof\u00e9u do Campeonato de Futsal Feminino tenha o nome \u201cValmo Neves\u201d."}, {"id": "2372", "ano": "2023", "numero": "55", "tipo__sigla": "IND", "tipo__descricao": "Indica\u00e7\u00e3o Legislativa", "autoria": "Guta", "texto_original": "http://sapl.conceicaodemacabu.rj.leg.br/media/sapl/public/materialegislativa/2023/2372/ind_55-2023_-_indica_a_construcao_de_uma_pista_de_malha_no_bairro_porto.pdf", "ementa": "Constru\u00e7\u00e3o de uma Pista de Malha no bairro Porto."}, {"id": "2373", "ano": "2023", "numero": "56", "tipo__sigla": "IND", "tipo__descricao": "Indica\u00e7\u00e3o Legislativa", "autoria": "Nath\u00e1lia Braga", "texto_original": "http://sapl.conceicaodemacabu.rj.leg.br/media/sapl/public/materialegislativa/2023/2373/ind_56_-_2023_-_indica_a_contratacao_de_responsavel_para_receber_as_correspondencias_no_bairro_curato_de_santa_catarina.pdf", "ementa": "Indica contrata\u00e7\u00e3o de um respons\u00e1vel para receber as correspond\u00eancias no bairro Curato de Santa Catarina"}, {"id": "2374", "ano": "2023", "numero": "57", "tipo__sigla": "IND", "tipo__descricao": "Indica\u00e7\u00e3o Legislativa", "autoria": "Tcharles", "texto_original": "http://sapl.conceicaodemacabu.rj.leg.br/media/sapl/public/materialegislativa/2023/2374/ind_57_-_2023_-_indica_a_construcao_de_um_estacionamento_no_parquinho_desativado_para_os_veiculso_dos_servidores_publicos_municipais_da_escola_victor_sence.pdf", "ementa": "Indica ao Poder Executivo, por interm\u00e9dio da secretaria respons\u00e1vel, constru\u00e7\u00e3o de um estacionamento (no parquinho desativado) para os ve\u00edculos dos servidores p\u00fablicos municipais da Escola Victor Sence."}, {"id": "2379", "ano": "2023", "numero": "58", "tipo__sigla": "IND", "tipo__descricao": "Indica\u00e7\u00e3o Legislativa", "autoria": "Guta", "texto_original": "http://sapl.conceicaodemacabu.rj.leg.br/media/sapl/public/materialegislativa/2023/2379/ind_58-2023_-_colocacao_de_semaforo_ou_redutor_de_velocidade_proximo_a_escola_de_dona_jima.pdf", "ementa": "Indica ao Poder Executivo coloca\u00e7\u00e3o de sem\u00e1foro ou redutor de velocidade pr\u00f3ximo ao Centro Educacional S\u00e3o Francisco."}, {"id": "2377", "ano": "2023", "numero": "59", "tipo__sigla": "IND", "tipo__descricao": "Indica\u00e7\u00e3o Legislativa", "autoria": "Nath\u00e1lia Braga", "texto_original": "http://sapl.conceicaodemacabu.rj.leg.br/media/sapl/public/materialegislativa/2023/2377/ind_59-2023_-_sugere_que_seja_construida_pracinha_no_terreno_da_praca_no_bairro_da_vila_nova.pdf", "ementa": "Sugere que seja constru\u00edda uma pracinha no terreno da pra\u00e7a, no bairro da Vila S\u00e3o Jos\u00e9."}, {"id": "2378", "ano": "2023", "numero": "60", "tipo__sigla": "IND", "tipo__descricao": "Indica\u00e7\u00e3o Legislativa", "autoria": "Nath\u00e1lia Braga", "texto_original": "http://sapl.conceicaodemacabu.rj.leg.br/media/sapl/public/materialegislativa/2023/2378/ind_60-2023_-_sugere_que_seja_consertada_a_calha_na_rodoviaria_na_plataforma_1..pdf", "ementa": "Sugere que seja consertada a calha da rodovi\u00e1ria, na plataforma 1."}, {"id": "2384", "ano": "2023", "numero": "61", "tipo__sigla": "IND", "tipo__descricao": "Indica\u00e7\u00e3o Legislativa", "autoria": "Dr. Fernando", "texto_original": "http://sapl.conceicaodemacabu.rj.leg.br/media/sapl/public/materialegislativa/2023/2384/ind_61-2023_-_construcao_de_galerias_na_vala_do_parque_de_exposicoes.pdf", "ementa": "Indica ao Poder Executivo a constru\u00e7\u00e3o de galerias na vala que corta a \u00e1rea do Parque de Exposi\u00e7\u00f5es do Munic\u00edpio, assim como a promo\u00e7\u00e3o dos aterramentos necess\u00e1rios ao espa\u00e7o."}, {"id": "2385", "ano": "2023", "numero": "62", "tipo__sigla": "IND", "tipo__descricao": "Indica\u00e7\u00e3o Legislativa", "autoria": "Dr. Fernando", "texto_original": "http://sapl.conceicaodemacabu.rj.leg.br/media/sapl/public/materialegislativa/2023/2385/ind_62-2023_-_realizacao_de_planejamento_e_estruturacao_com_enfoque_turistico_na_localidade_da_torre_da_televisao.pdf", "ementa": "Indica ao Poder Executivo a realiza\u00e7\u00e3o de planejamento e estrutura\u00e7\u00e3o, com enfoque tur\u00edstico, na localidade da Torre de Televis\u00e3o."}, {"id": "2386", "ano": "2023", "numero": "63", "tipo__sigla": "IND", "tipo__descricao": "Indica\u00e7\u00e3o Legislativa", "autoria": "Nath\u00e1lia Braga", "texto_original": "http://sapl.conceicaodemacabu.rj.leg.br/media/sapl/public/materialegislativa/2023/2386/ind_63-2023_-_desconto_40_multas.pdf", "ementa": "Indica ao Poder Executivo a adequa\u00e7\u00e3o \u00e0 sistema/programa de notifica\u00e7\u00e3o que permita ao cidad\u00e3o autuado a realiza\u00e7\u00e3o de pagamento de multas com 40% de desconto."}, {"id": "2387", "ano": "2023", "numero": "64", "tipo__sigla": "IND", "tipo__descricao": "Indica\u00e7\u00e3o Legislativa", "autoria": "Nath\u00e1lia Braga", "texto_original": "http://sapl.conceicaodemacabu.rj.leg.br/media/sapl/public/materialegislativa/2023/2387/ind_64-2023_-_que_seja_incentivada_a_atividade_de_psicultura_no_municipio_de_conceicao_de_macabu.pdf", "ementa": "Indica ao poder executivo que seja incentivada a atividade de piscicultura no Munic\u00edpio de Concei\u00e7\u00e3o de Macabu."}, {"id": "2388", "ano": "2023", "numero": "65", "tipo__sigla": "IND", "tipo__descricao": "Indica\u00e7\u00e3o Legislativa", "autoria": "Nath\u00e1lia Braga", "texto_original": "http://sapl.conceicaodemacabu.rj.leg.br/media/sapl/public/materialegislativa/2023/2388/ind_65-2023_-_designacao_de_profissional_de_educacao_fisica_para_quadra_do.pdf", "ementa": "Indica designa\u00e7\u00e3o de profissional de educa\u00e7\u00e3o f\u00edsica para ministrar treinamento funcional na quadra de esportes da Vila S\u00e3o Jos\u00e9."}, {"id": "2399", "ano": "2023", "numero": "66", "tipo__sigla": "IND", "tipo__descricao": "Indica\u00e7\u00e3o Legislativa", "autoria": "Nath\u00e1lia Braga", "texto_original": "http://sapl.conceicaodemacabu.rj.leg.br/media/sapl/public/materialegislativa/2023/2399/ind_66-2023_-_sugere_contratacao_de_empresa_para_manutencao_dos_predios_utilizados_pela_secretaria_de_saude.pdf", "ementa": "Sugere que seja contratada uma empresa de manuten\u00e7\u00e3o e servi\u00e7os para os pr\u00e9dios respons\u00e1veis pela Secretaria Municipal de Sa\u00fade."}, {"id": "2400", "ano": "2023", "numero": "67", "tipo__sigla": "IND", "tipo__descricao": "Indica\u00e7\u00e3o Legislativa", "autoria": "Nath\u00e1lia Braga", "texto_original": "http://sapl.conceicaodemacabu.rj.leg.br/media/sapl/public/materialegislativa/2023/2400/ind_67-2023_-_sugere_contratacao_de_empresa_para_manutencao_e_servicos_dos_predios_utilizados_pela_sec_mun_de_educ_e_cultura.pdf", "ementa": "Sugere que seja contratada uma empresa de manuten\u00e7\u00e3o e servi\u00e7os para os pr\u00e9dios respons\u00e1veis pela Secretaria Municipal de Educa\u00e7\u00e3o e Cultura."}, {"id": "2401", "ano": "2023", "numero": "68", "tipo__sigla": "IND", "tipo__descricao": "Indica\u00e7\u00e3o Legislativa", "autoria": "Nath\u00e1lia Braga", "texto_original": "http://sapl.conceicaodemacabu.rj.leg.br/media/sapl/public/materialegislativa/2023/2401/ind_68-2023_-_sugere_instalacao_de_academia_popular__na_praca_da_calcadinha.pdf", "ementa": "Sugere a instala\u00e7\u00e3o de uma academia popular, na pra\u00e7a do bairro da Cal\u00e7adinha."}, {"id": "2402", "ano": "2023", "numero": "69", "tipo__sigla": "IND", "tipo__descricao": "Indica\u00e7\u00e3o Legislativa", "autoria": "Nath\u00e1lia Braga", "texto_original": "http://sapl.conceicaodemacabu.rj.leg.br/media/sapl/public/materialegislativa/2023/2402/ind_69-2023_-_indica_que_seja_utilizado_o_predio_da_antiga_escola_macauba_para_fins_de_interesse_publico..pdf", "ementa": "Indica que seja utilizado o pr\u00e9dio do antiga Escola Maca\u00faba para fins de interesse p\u00fablico."}, {"id": "2405", "ano": "2023", "numero": "70", "tipo__sigla": "IND", "tipo__descricao": "Indica\u00e7\u00e3o Legislativa", "autoria": "Nath\u00e1lia Braga", "texto_original": "http://sapl.conceicaodemacabu.rj.leg.br/media/sapl/public/materialegislativa/2023/2405/ind_70-2023_-_realizacao_da_mostra_de_arte_e_cultura_em_05_de_novembro_do_ano_vigente.pdf", "ementa": "Realiza\u00e7\u00e3o da \"Mostra de Arte & Cultura\" no dia 05 de novembro do ano vigente - nos moldes da Lei Municipal n\u00ba 1.091/2011."}, {"id": "2408", "ano": "2023", "numero": "71", "tipo__sigla": "IND", "tipo__descricao": "Indica\u00e7\u00e3o Legislativa", "autoria": "Ga\u00facho", "texto_original": "http://sapl.conceicaodemacabu.rj.leg.br/media/sapl/public/materialegislativa/2023/2408/ind_71-2023_-_implementacao_da_feira_do_artesao_e_do_microempreendedor.pdf", "ementa": "Indica que seja executada a Lei Municipal n\u00ba 1.750/2021, que disp\u00f5e sobre a implementa\u00e7\u00e3o da Feira Municipal do Artes\u00e3o e do Pequeno e Microempreendedor Individual Macabuense."}, {"id": "2409", "ano": "2023", "numero": "72", "tipo__sigla": "IND", "tipo__descricao": "Indica\u00e7\u00e3o Legislativa", "autoria": "Ga\u00facho", "texto_original": "http://sapl.conceicaodemacabu.rj.leg.br/media/sapl/public/materialegislativa/2023/2409/ind_72-2023_-_melhorias_no_campo_da_vila_nova.pdf", "ementa": "Indica ao poder executivo que sejam promovidas melhorias estruturais no campo de futebol da Vila Nova, sugerindo-se a coloca\u00e7\u00e3o de alambrado, assentos, vesti\u00e1rios e ilumina\u00e7\u00e3o com refletores, bem como a constru\u00e7\u00e3o de um ponto para vendas (cantina) no entorno do espa\u00e7o esportivo."}, {"id": "2410", "ano": "2023", "numero": "73", "tipo__sigla": "IND", "tipo__descricao": "Indica\u00e7\u00e3o Legislativa", "autoria": "Ga\u00facho", "texto_original": "http://sapl.conceicaodemacabu.rj.leg.br/media/sapl/public/materialegislativa/2023/2410/ind_73_-2023_-_reformas_nas_quadras_esporivas_no_municipio.pdf", "ementa": "Indica ao poder executivo que sejam realizadas reformas nas quadras esportivas de todo o munic\u00edpio, com adequa\u00e7\u00e3o das coberturas, tabelas para basquete, redes das traves, marca\u00e7\u00f5es necess\u00e1rias para sinaliza\u00e7\u00e3o e demais estruturas danificadas."}, {"id": "2411", "ano": "2023", "numero": "74", "tipo__sigla": "IND", "tipo__descricao": "Indica\u00e7\u00e3o Legislativa", "autoria": "Ga\u00facho", "texto_original": "http://sapl.conceicaodemacabu.rj.leg.br/media/sapl/public/materialegislativa/2023/2411/ind_74-2023_-_construcao_de_estadio_na_rhodia.pdf", "ementa": "Indica ao poder executivo que seja constru\u00eddo, no bairro Rh\u00f3dia, um campo de futebol contendo grama sint\u00e9tica, alambrado no entorno, ilumina\u00e7\u00e3o com refletores, assentos para o p\u00fablico, e um ponto para vendas (cantina)."}, {"id": "2414", "ano": "2023", "numero": "75", "tipo__sigla": "IND", "tipo__descricao": "Indica\u00e7\u00e3o Legislativa", "autoria": "Tcharles", "texto_original": "http://sapl.conceicaodemacabu.rj.leg.br/media/sapl/public/materialegislativa/2023/2414/ind_75-2023_-_sugere_implantacao_do_progarama_de_recuperacao_fiscal_refis-municipal.pdf", "ementa": "Sugere implanta\u00e7\u00e3o do Programa de Recupera\u00e7\u00e3o Fiscal Municipal (REFIS-MUNICIPAL)."}, {"id": "2417", "ano": "2023", "numero": "76", "tipo__sigla": "IND", "tipo__descricao": "Indica\u00e7\u00e3o Legislativa", "autoria": "Dr. Fernando", "texto_original": "http://sapl.conceicaodemacabu.rj.leg.br/media/sapl/public/materialegislativa/2023/2417/ind_76-2023_-_colocacao_de_onibus_para_a_amorosa.pdf", "ementa": "Indica ao Poder Executivo coloca\u00e7\u00e3o de \u00f4nibus a fim de levar as pessoas para a Cachoeira Amorosa, no per\u00edodo do ver\u00e3o."}, {"id": "2421", "ano": "2023", "numero": "77", "tipo__sigla": "IND", "tipo__descricao": "Indica\u00e7\u00e3o Legislativa", "autoria": "Nath\u00e1lia Braga", "texto_original": "http://sapl.conceicaodemacabu.rj.leg.br/media/sapl/public/materialegislativa/2023/2421/ind_77-2023_-_criacao_da_secretaria_da_mulher_e_da_juventude.pdf", "ementa": "Sugere a cria\u00e7\u00e3o da Secretaria da Mulher e da Juventude."}, {"id": "2419", "ano": "2023", "numero": "78", "tipo__sigla": "IND", "tipo__descricao": "Indica\u00e7\u00e3o Legislativa", "autoria": "Guta", "texto_original": "http://sapl.conceicaodemacabu.rj.leg.br/media/sapl/public/materialegislativa/2023/2419/ind_78-2023_-_criacao_na_estrutura_administrativa_de_departamento_d_eprotecao_ao_consumidor_-_procon_municipal.pdf", "ementa": "Indica ao Poder Executivo que seja criado, na estrutura administrativa do Munic\u00edpio de Concei\u00e7\u00e3o de Macabu/RJ, o Departamento de Prote\u00e7\u00e3o ao Consumidor - PROCON."}, {"id": "2420", "ano": "2023", "numero": "79", "tipo__sigla": "IND", "tipo__descricao": "Indica\u00e7\u00e3o Legislativa", "autoria": "Ga\u00facho", "texto_original": "http://sapl.conceicaodemacabu.rj.leg.br/media/sapl/public/materialegislativa/2023/2420/ind_79-2023_-.pdf", "ementa": "Seja implementado, com projeto paisag\u00edstico, um espa\u00e7o p\u00fablico de conviv\u00eancia cont\u00edguo ao Terminal Rodovi\u00e1rio Francisco Barbosa de Andrade, equipado com bancos, biciclet\u00e1rio e postes de ilumina\u00e7\u00e3o."}, {"id": "2423", "ano": "2023", "numero": "80", "tipo__sigla": "IND", "tipo__descricao": "Indica\u00e7\u00e3o Legislativa", "autoria": "Nath\u00e1lia Braga", "texto_original": "http://sapl.conceicaodemacabu.rj.leg.br/media/sapl/public/materialegislativa/2023/2423/ind_80-2023_-_sugere_a_implantacao_de_atendimento_de_urologista_no_posto_de_saude_central.pdf", "ementa": "Sugere a implanta\u00e7\u00e3o de atendimento de Urologista no Posto de Sa\u00fade Central."}, {"id": "2424", "ano": "2023", "numero": "81", "tipo__sigla": "IND", "tipo__descricao": "Indica\u00e7\u00e3o Legislativa", "autoria": "Nath\u00e1lia Braga", "texto_original": "http://sapl.conceicaodemacabu.rj.leg.br/media/sapl/public/materialegislativa/2023/2424/ind_81-2023_-_indica_ceiacao_de_programa_pre-vestibular_gratuito.pdf", "ementa": "Indica cria\u00e7\u00e3o de Programa Pr\u00e9-Vestibular gratuito."}, {"id": "2425", "ano": "2023", "numero": "82", "tipo__sigla": "IND", "tipo__descricao": "Indica\u00e7\u00e3o Legislativa", "autoria": "Nath\u00e1lia Braga", "texto_original": "http://sapl.conceicaodemacabu.rj.leg.br/media/sapl/public/materialegislativa/2023/2425/ind_82-2023_-_indica_instalacao_de_placas_indicativas_nos_logradouros_publicos.pdf", "ementa": "Indica que sejam instaladas nas vias p\u00fablicas do munic\u00edpio, placas indicativas com os nomes dos logradouros."}, {"id": "2428", "ano": "2023", "numero": "83", "tipo__sigla": "IND", "tipo__descricao": "Indica\u00e7\u00e3o Legislativa", "autoria": "Guta", "texto_original": "http://sapl.conceicaodemacabu.rj.leg.br/media/sapl/public/materialegislativa/2023/2428/ind_83-2023_-_acumulacao_de_100.pdf", "ementa": "Indica que seja feita altera\u00e7\u00e3o na legisla\u00e7\u00e3o vigente para que possibilite ao servidor efetivo, nomeado em cargo em comiss\u00e3o ou agente pol\u00edtico, a percep\u00e7\u00e3o acumulada de 100% do vencimento do cargo ao inv\u00e9s dos aos atuais 80%."}, {"id": "2430", "ano": "2023", "numero": "84", "tipo__sigla": "IND", "tipo__descricao": "Indica\u00e7\u00e3o Legislativa", "autoria": "Guta", "texto_original": "http://sapl.conceicaodemacabu.rj.leg.br/media/sapl/public/materialegislativa/2023/2430/ind_84-2023_-_aplicacao_de_inseticida_para_carrapatos.pdf", "ementa": "Indico aplica\u00e7\u00e3o de inseticida natural ou industrializado, atrav\u00e9s de pulveriza\u00e7\u00e3o em determinadas \u00e1reas do munic\u00edpio, com vistas a exterminar carrapatos transmissores da febre maculosa."}, {"id": "2431", "ano": "2023", "numero": "85", "tipo__sigla": "IND", "tipo__descricao": "Indica\u00e7\u00e3o Legislativa", "autoria": "Guta", "texto_original": "http://sapl.conceicaodemacabu.rj.leg.br/media/sapl/public/materialegislativa/2023/2431/ind_85-2023_-_indica_obra_de_pavimentacao_na_rua_amaro_matos.pdf", "ementa": "Indica realiza\u00e7\u00e3o de obra de pavimenta\u00e7\u00e3o na Rua Amaro Matos, localizada no bairro Porto, pr\u00f3ximo \u00e0 Igreja Cat\u00f3lica."}, {"id": "2432", "ano": "2023", "numero": "86", "tipo__sigla": "IND", "tipo__descricao": "Indica\u00e7\u00e3o Legislativa", "autoria": "Guta", "texto_original": "http://sapl.conceicaodemacabu.rj.leg.br/media/sapl/public/materialegislativa/2023/2432/ind_86-2023_-_distribuicao_de_cesta_de_alimentos_a_alunos_da_rede_municpal_de_ensino_durante_o_recesso_escolar.pdf", "ementa": "Indico distribui\u00e7\u00e3o de 01 (uma) cesta de alimentos a alunos da rede municipal de ensino durante o per\u00edodo de recesso escolar."}, {"id": "2433", "ano": "2023", "numero": "87", "tipo__sigla": "IND", "tipo__descricao": "Indica\u00e7\u00e3o Legislativa", "autoria": "Dhal", "texto_original": "http://sapl.conceicaodemacabu.rj.leg.br/media/sapl/public/materialegislativa/2023/2433/ind_87-2023_-_fornecimendo_de_transporte_para_candidatos_para_realizacao_de_concurso_publico_da_policia_militar_no_rio_de_janeiro_no_dia_27_de_agosto_do_corrente_ano.pdf", "ementa": "Indico fornecimento de transporte, atrav\u00e9s de micro-\u00f4nibus, para levar candidatos para realiza\u00e7\u00e3o de concurso p\u00fablico da pol\u00edcia militar no rio de janeiro no dia 27 de agosto do corrente ano"}, {"id": "2449", "ano": "2023", "numero": "88", "tipo__sigla": "IND", "tipo__descricao": "Indica\u00e7\u00e3o Legislativa", "autoria": "Nath\u00e1lia Braga", "texto_original": "http://sapl.conceicaodemacabu.rj.leg.br/media/sapl/public/materialegislativa/2023/2449/ind_88-2023_-_sugere_estruturacao_na_ubs_de_vila_tavares_-.pdf", "ementa": "Sugere seja realizada uma estrutura\u00e7\u00e3o na UBS de Vila Tavares, no sentido de tornar a unidade de sa\u00fade vi\u00e1vel para a realiza\u00e7\u00e3o de exames. Para tanto, ser\u00e3o necess\u00e1rias adequa\u00e7\u00f5es na inform\u00e1tica da mesma."}, {"id": "2460", "ano": "2023", "numero": "89", "tipo__sigla": "IND", "tipo__descricao": "Indica\u00e7\u00e3o Legislativa", "autoria": "Nath\u00e1lia Braga", "texto_original": "http://sapl.conceicaodemacabu.rj.leg.br/media/sapl/public/materialegislativa/2023/2460/ind_89-2023_indica_a_aplicabilida_e_implementa_ao_de_gratificacao_especial_para_os_plantonistas_que_laboram_na_recepcao_do_hospital_municipal_ana_moreira..pdf", "ementa": "Indica a averigua\u00e7\u00e3o de aplicabilidade, seguida pela implementa\u00e7\u00e3o, de gratifica\u00e7\u00e3o especial para os plantonistas que laboram na recep\u00e7\u00e3o do Hospital Municipal Ana Moreira."}, {"id": "2462", "ano": "2023", "numero": "90", "tipo__sigla": "IND", "tipo__descricao": "Indica\u00e7\u00e3o Legislativa", "autoria": "Nath\u00e1lia Braga", "texto_original": "http://sapl.conceicaodemacabu.rj.leg.br/media/sapl/public/materialegislativa/2023/2462/ind_90-2023_-_indica_disponibizacao_de_onibus_para_a_exposicao_agropecuaria_e_encontro_de_motociclistas.pdf", "ementa": "Indica que sejam disponibilizados \u00f4nibus em diversos hor\u00e1rios, nos dias de realiza\u00e7\u00e3o da Exposi\u00e7\u00e3o Agropecu\u00e1ria e Encontro de Motociclistas, para transporte dos mun\u00edcipes que residem em localidades distantes."}, {"id": "2463", "ano": "2023", "numero": "91", "tipo__sigla": "IND", "tipo__descricao": "Indica\u00e7\u00e3o Legislativa", "autoria": "Nath\u00e1lia Braga", "texto_original": "http://sapl.conceicaodemacabu.rj.leg.br/media/sapl/public/materialegislativa/2023/2463/ind_91-2023_-_indica_recapeamento_asfaltico_na_rua_alcide_fidelis_ribeiro.pdf", "ementa": "Indica que seja realizado servi\u00e7o de recapeamento asf\u00e1ltico na Rua Alc\u00eddes Fid\u00e9lis Ribeiro, no bairro Bocaina."}, {"id": "2465", "ano": "2023", "numero": "92", "tipo__sigla": "IND", "tipo__descricao": "Indica\u00e7\u00e3o Legislativa", "autoria": "Nath\u00e1lia Braga", "texto_original": "http://sapl.conceicaodemacabu.rj.leg.br/media/sapl/public/materialegislativa/2023/2465/ind_92-2023_-_indica_que_onibus_adentrem_no_sao_geraldo.pdf", "ementa": "Indica que sejam disponibilizadas linhas de \u00f4nibus que adentrem \u00e0 localidade de S\u00e3o Geraldo para transporte dos Mun\u00edcipes que residem em \u00e1reas de dif\u00edcil acesso em Concei\u00e7\u00e3o de Macabu."}, {"id": "2466", "ano": "2023", "numero": "93", "tipo__sigla": "IND", "tipo__descricao": "Indica\u00e7\u00e3o Legislativa", "autoria": "Coutinho", "texto_original": "http://sapl.conceicaodemacabu.rj.leg.br/media/sapl/public/materialegislativa/2023/2466/ind_93-2023_-_indica_abertura_de_programa_paradesportivo_em_conceicao_de_macabu.pdf", "ementa": "Indica ao Poder Executivo atrav\u00e9s da Secretaria de Esporte a abertura de Programa Paradesportivo em Concei\u00e7\u00e3o de Macabu."}, {"id": "2467", "ano": "2023", "numero": "94", "tipo__sigla": "IND", "tipo__descricao": "Indica\u00e7\u00e3o Legislativa", "autoria": "Coutinho", "texto_original": "http://sapl.conceicaodemacabu.rj.leg.br/media/sapl/public/materialegislativa/2023/2467/ind_94-2023_-_indica_whatsapp_para_a_ouvidoria_da_saude.pdf", "ementa": "Indica ao Poder Executivo, atrav\u00e9s da Secretaria de Sa\u00fade, a abertura de n\u00famero de aplicativo whatsapp para a ouvidoria da Secretaria Municipal de Sa\u00fade."}, {"id": "2469", "ano": "2023", "numero": "95", "tipo__sigla": "IND", "tipo__descricao": "Indica\u00e7\u00e3o Legislativa", "autoria": "Tcharles", "texto_original": "http://sapl.conceicaodemacabu.rj.leg.br/media/sapl/public/materialegislativa/2023/2469/ind_95-2023_-_indica_realizacao_de_reajuste_no_cartao_alimentacao_dos_servidores_do_executivo.pdf", "ementa": "Indica realiza\u00e7\u00e3o de reajuste no valor creditado no \u201cCart\u00e3o Alimenta\u00e7\u00e3o\u201d dos Servidores P\u00fablicos do Poder Executivo Municipal."}, {"id": "2470", "ano": "2023", "numero": "96", "tipo__sigla": "IND", "tipo__descricao": "Indica\u00e7\u00e3o Legislativa", "autoria": "Tcharles", "texto_original": "http://sapl.conceicaodemacabu.rj.leg.br/media/sapl/public/materialegislativa/2023/2470/ind_96-2023_-_indica_pagamento_de_abono_ao_fim_do_ano_de_2023.pdf", "ementa": "Indica pagamento de abono ao final do ano de 2023 para os Servidores P\u00fablicos do Munic\u00edpio de Concei\u00e7\u00e3o de Macabu."}, {"id": "2485", "ano": "2023", "numero": "97", "tipo__sigla": "IND", "tipo__descricao": "Indica\u00e7\u00e3o Legislativa", "autoria": "Nath\u00e1lia Braga", "texto_original": "http://sapl.conceicaodemacabu.rj.leg.br/media/sapl/public/materialegislativa/2023/2485/ind_97-2023_-_indica_reativacao_do_conselho_municipal_dos_direitos_da_mulher.pdf", "ementa": "Indica a reativa\u00e7\u00e3o do Conselho Municipal dos Direitos da Mulher, criado por meio da Lei n\u00ba 375, de 11 de maio de 2000, no munic\u00edpio de Concei\u00e7\u00e3o de Macabu."}, {"id": "2495", "ano": "2023", "numero": "98", "tipo__sigla": "IND", "tipo__descricao": "Indica\u00e7\u00e3o Legislativa", "autoria": "Coutinho", "texto_original": "http://sapl.conceicaodemacabu.rj.leg.br/media/sapl/public/materialegislativa/2023/2495/ind_98-2023_-_indica_local_para_os_artesaos_no_municipio.pdf", "ementa": "Indica a estrutura\u00e7\u00e3o de espa\u00e7os gratuitos em eventos oficiais de nosso munic\u00edpio para que os artes\u00e3os locais possam anunciar, exibir e comercializar seus produtos."}, {"id": "2496", "ano": "2023", "numero": "99", "tipo__sigla": "IND", "tipo__descricao": "Indica\u00e7\u00e3o Legislativa", "autoria": "Coutinho", "texto_original": "http://sapl.conceicaodemacabu.rj.leg.br/media/sapl/public/materialegislativa/2023/2496/ind_99-2023_-_indica_abertura_de_posto_do_inss_e_conceicao_de_macabu-rj.pdf", "ementa": "Indica que se encaminhe ao Minist\u00e9rio do Trabalho e outros departamentos competentes solicita\u00e7\u00e3o para a abertura de posto do INSS em Concei\u00e7\u00e3o de Macabu."}, {"id": "2503", "ano": "2023", "numero": "100", "tipo__sigla": "IND", "tipo__descricao": "Indica\u00e7\u00e3o Legislativa", "autoria": "Tcharles", "texto_original": "http://sapl.conceicaodemacabu.rj.leg.br/media/", "ementa": "Indica o pagamento de Adicional Extraordin\u00e1rio (abono) ao final do ano de 2023 para os servidores da C\u00e2mara Municipal."}, {"id": "2505", "ano": "2023", "numero": "101", "tipo__sigla": "IND", "tipo__descricao": "Indica\u00e7\u00e3o Legislativa", "autoria": "Nath\u00e1lia Braga", "texto_original": "http://sapl.conceicaodemacabu.rj.leg.br/media/sapl/public/materialegislativa/2023/2505/ind_101-2023_-_indica_pavimentacao_em_frente_ao_posto_silvio_soares.pdf", "ementa": "Indica que a frente do Posto de Sa\u00fade Silvio Soares Tavares (Curato) seja pavimentada (com cimento, ou material que melhor convier para os fins expostos na justificativa)."}, {"id": "2506", "ano": "2023", "numero": "102", "tipo__sigla": "IND", "tipo__descricao": "Indica\u00e7\u00e3o Legislativa", "autoria": "Guta", "texto_original": "http://sapl.conceicaodemacabu.rj.leg.br/media/sapl/public/materialegislativa/2023/2506/ind_102-2023_-_indica_professor_de_musica_para_o_clube_da_terceira_idade_mensageiros_do_amor.pdf", "ementa": "Indica que seja disponibilizado Professor de Dan\u00e7a de sal\u00e3o para atender o Clube da Terceira Idade - Mensageiros do Amor,  de utilidade p\u00fablica."}, {"id": "2515", "ano": "2023", "numero": "103", "tipo__sigla": "IND", "tipo__descricao": "Indica\u00e7\u00e3o Legislativa", "autoria": "Coutinho", "texto_original": "http://sapl.conceicaodemacabu.rj.leg.br/media/sapl/public/materialegislativa/2023/2515/ind_103-2023_-_indica_a_inclusao_das_despesas_necessarias_para_o_cumprimento_da_lei_de_um_terco.pdf", "ementa": "Indico a inclus\u00e3o das despesas necess\u00e1rias para o cumprimento da Lei 11.738/2008, (Lei de 1/3) na LOA (Lei Or\u00e7ament\u00e1ria Anual)."}, {"id": "2516", "ano": "2023", "numero": "104", "tipo__sigla": "IND", "tipo__descricao": "Indica\u00e7\u00e3o Legislativa", "autoria": "Dhal", "texto_original": "http://sapl.conceicaodemacabu.rj.leg.br/media/sapl/public/materialegislativa/2023/2516/ind_104-2023_-_indica_instalacao_de_um_quebra.molas_na_rua_ranulfo_monteiro_gomes.pdf", "ementa": "Indica instala\u00e7\u00e3o de um quebra molas na rua Ranulfo Monteiro Gomes \u2013 em frente ao n.\u00ba 94, bairro S\u00e3o Henri (em frente \u00e0 mercearia do Ant\u00f4nio."}, {"id": "2519", "ano": "2023", "numero": "105", "tipo__sigla": "IND", "tipo__descricao": "Indica\u00e7\u00e3o Legislativa", "autoria": "Ga\u00facho", "texto_original": "http://sapl.conceicaodemacabu.rj.leg.br/media/sapl/public/materialegislativa/2023/2519/ind_105-2023_-_providencias_quanto_a_veiculos_abandonados_em_vias_publicas.pdf", "ementa": "Indica que sejam tomadas provid\u00eancias em rela\u00e7\u00e3o aos ve\u00edculos abandonados em vias e logradouros p\u00fablicos do munic\u00edpio."}, {"id": "2522", "ano": "2023", "numero": "106", "tipo__sigla": "IND", "tipo__descricao": "Indica\u00e7\u00e3o Legislativa", "autoria": "Ga\u00facho", "texto_original": "http://sapl.conceicaodemacabu.rj.leg.br/media/sapl/public/materialegislativa/2023/2522/ind_106-2023_-_indica_que_sejam_tomadas_providencias_quanto_ao_canal_de_atendimento_do_hospital_ana_moreira.pdf", "ementa": "Indica que sejam tomadas provid\u00eancias para o aprimoramento e a atualiza\u00e7\u00e3o do canal de atendimento do Hospital Municipal Ana Moreira, com a devida distribui\u00e7\u00e3o de ramais da linha telef\u00f4nica para cada setor, especificamente."}, {"id": "2523", "ano": "2023", "numero": "107", "tipo__sigla": "IND", "tipo__descricao": "Indica\u00e7\u00e3o Legislativa", "autoria": "Guta", "texto_original": "http://sapl.conceicaodemacabu.rj.leg.br/media/sapl/public/materialegislativa/2023/2523/ind_107-2023_-_indica_modernizacao_da_forma_de_atendimento_no_hospital_ana_moreira.pdf", "ementa": "Indica que seja assegurado/institu\u00eddo o atendimento eletr\u00f4nico (ou autoatendimento) na recep\u00e7\u00e3o do Hospital Municipal Ana Moreira, por meio de estudo de viabilidade da moderniza\u00e7\u00e3o/informatiza\u00e7\u00e3o dos sistemas de prontu\u00e1rio e suporte ao paciente na unidade de sa\u00fade."}, {"id": "2524", "ano": "2023", "numero": "108", "tipo__sigla": "IND", "tipo__descricao": "Indica\u00e7\u00e3o Legislativa", "autoria": "Dr. Fernando", "texto_original": "http://sapl.conceicaodemacabu.rj.leg.br/media/sapl/public/materialegislativa/2023/2524/ind_108-2023_-_reitera_a_indicacao_legislativa_62-2023_remete_a_torre_de_televisao.pdf", "ementa": "Reitera a Indica\u00e7\u00e3o Legislativa n\u00ba 62/2023, solicitando a realiza\u00e7\u00e3o de planejamento e estrutura\u00e7\u00e3o, com enfoque tur\u00edstico, na localidade da Torre de Televis\u00e3o."}, {"id": "2526", "ano": "2023", "numero": "109", "tipo__sigla": "IND", "tipo__descricao": "Indica\u00e7\u00e3o Legislativa", "autoria": "Dhal", "texto_original": "http://sapl.conceicaodemacabu.rj.leg.br/media/sapl/public/materialegislativa/2023/2526/ind_109-2023_-_indica_realizacao_de_vistoria_na_parte_eletrica_e_estrutural_da_e._m._rozendo_fontes_tavares.pdf", "ementa": "Indica a realiza\u00e7\u00e3o de vistoria na parte el\u00e9trica e estrutural da Escola Municipal Rozendo Fontes Tavares."}, {"id": "2525", "ano": "2023", "numero": "110", "tipo__sigla": "IND", "tipo__descricao": "Indica\u00e7\u00e3o Legislativa", "autoria": "Dr. Fernando", "texto_original": "http://sapl.conceicaodemacabu.rj.leg.br/media/sapl/public/materialegislativa/2023/2525/ind_110-2023_-_indica_a_criacao_do_programa_pro_rebanho.pdf", "ementa": "Indica cria\u00e7\u00e3o do Pr\u00f3 Rebanho, Programa de Subs\u00eddio Veterin\u00e1rio e de Insemina\u00e7\u00e3o Artificial para rebanhos dos Produtores Rurais do Munic\u00edpio de Concei\u00e7\u00e3o de Macabu e d\u00e1 outras provid\u00eancias\u201d."}, {"id": "2527", "ano": "2023", "numero": "111", "tipo__sigla": "IND", "tipo__descricao": "Indica\u00e7\u00e3o Legislativa", "autoria": "Nath\u00e1lia Braga", "texto_original": "http://sapl.conceicaodemacabu.rj.leg.br/media/sapl/public/materialegislativa/2023/2527/ind_111-2023_-_indica_realizacao_de_obras_de_pavimentacao_asfaltica_ou_recuperacao_na_rua_salvador_carino.pdf", "ementa": "Que sejam executadas obras de pavimenta\u00e7\u00e3o asf\u00e1ltica ou recupera\u00e7\u00e3o de cal\u00e7amento na Rua Salvador Carino, localizada pr\u00f3ximo \u00e0 rodovi\u00e1ria, ao lado da \u201cCasa de Ra\u00e7\u00e3o Tamoyo\u201d."}, {"id": "2528", "ano": "2023", "numero": "112", "tipo__sigla": "IND", "tipo__descricao": "Indica\u00e7\u00e3o Legislativa", "autoria": "Nath\u00e1lia Braga", "texto_original": "http://sapl.conceicaodemacabu.rj.leg.br/media/sapl/public/materialegislativa/2023/2528/ind_112-2023_-_indica_que_sejam_executadas_obras_de_pavimentacao_asfaltica_ou_recuperacao_de_calcamento_na_rua_manoel_de_carvalho.pdf", "ementa": "Que sejam executadas obras de pavimenta\u00e7\u00e3o asf\u00e1ltica ou recupera\u00e7\u00e3o de cal\u00e7amento na Rua Manoel de Carvalho, localizada \u00e0 lateral da \u201cCasa da Cultura\u201d."}, {"id": "2529", "ano": "2023", "numero": "113", "tipo__sigla": "IND", "tipo__descricao": "Indica\u00e7\u00e3o Legislativa", "autoria": "Dr. Fernando", "texto_original": "http://sapl.conceicaodemacabu.rj.leg.br/media/sapl/public/materialegislativa/2023/2529/ind_113-2023_-_indica_convenio_com_macae_para_recuperacao_de_ponte.pdf", "ementa": "Indica a celebra\u00e7\u00e3o de parceria com o munic\u00edpio de Maca\u00e9 para constru\u00e7\u00e3o da ponte na localidade de Santa Maria."}, {"id": "2532", "ano": "2023", "numero": "114", "tipo__sigla": "IND", "tipo__descricao": "Indica\u00e7\u00e3o Legislativa", "autoria": "Nath\u00e1lia Braga", "texto_original": "http://sapl.conceicaodemacabu.rj.leg.br/media/sapl/public/materialegislativa/2023/2532/ind_114-2023_-_indica_revisao_de_laudos_tecnicos_de_insalubridade.pdf", "ementa": "Indica que, nos termos do art. 23 da lei municipal n\u00ba 1554/2018, que sejam revisados/atualizados os laudos t\u00e9cnicos correspondentes \u00e0s atividades insalubres exercidas pelos servidores lotados na Secretaria Municipal de Educa\u00e7\u00e3o e Cultura."}, {"id": "2533", "ano": "2023", "numero": "115", "tipo__sigla": "IND", "tipo__descricao": "Indica\u00e7\u00e3o Legislativa", "autoria": "Ga\u00facho", "texto_original": "http://sapl.conceicaodemacabu.rj.leg.br/media/sapl/public/materialegislativa/2023/2533/ind_115-2023_-_indica_instalacao_de_guaritas_nos_pontos_de_onibus_que_realizam_o_transporte_coletivo_urbano_no_municipio.pdf", "ementa": "Indica que sejam instaladas guaritas nos pontos de parada dos \u00f4nibus que realizam o transporte coletivo urbano no munic\u00edpio de Concei\u00e7\u00e3o de Macabu."}, {"id": "2536", "ano": "2023", "numero": "117", "tipo__sigla": "IND", "tipo__descricao": "Indica\u00e7\u00e3o Legislativa", "autoria": "Nath\u00e1lia Braga", "texto_original": "http://sapl.conceicaodemacabu.rj.leg.br/media/sapl/public/materialegislativa/2023/2536/ind_117-2023_-_realizacao_de_festa_comemorativa_ao_dia_das_criancas.pdf", "ementa": "Indica a realiza\u00e7\u00e3o de festa comemorativa ao Dia das Crian\u00e7as para os alunos do munic\u00edpio, no dia 12 de outubro, na Pra\u00e7a Dr. Jos\u00e9 Bonif\u00e1cio Tassara."}, {"id": "2537", "ano": "2023", "numero": "118", "tipo__sigla": "IND", "tipo__descricao": "Indica\u00e7\u00e3o Legislativa", "autoria": "Coutinho", "texto_original": "http://sapl.conceicaodemacabu.rj.leg.br/media/sapl/public/materialegislativa/2023/2537/ind_118-2023_-_indica_que_o_executivo_disponibilize_transporte_gratuito_e_forneca_caneta_e_lanche_para_aqueles_que_forem_fazer_o_enem_tal_como_o_processo_seletivo_do_iff.pdf", "ementa": "Sugiro que a Secretaria Municipal de educa\u00e7\u00e3o e cultura disponibilize transporte gratuito e forne\u00e7a caneta e lanche para aqueles que forem fazer o ENEM tal como o processo seletivo do IFF."}, {"id": "2539", "ano": "2023", "numero": "119", "tipo__sigla": "IND", "tipo__descricao": "Indica\u00e7\u00e3o Legislativa", "autoria": "Ga\u00facho", "texto_original": "http://sapl.conceicaodemacabu.rj.leg.br/media/sapl/public/materialegislativa/2023/2539/ind_119-2023_-_indica_a_criacao_do_programa__pai_programa_de_apoio_ao_idoso.pdf", "ementa": "Indica a cria\u00e7\u00e3o do Programa PAI (PROGRAMA DE APOIO AO IDOSO)"}, {"id": "2540", "ano": "2023", "numero": "120", "tipo__sigla": "IND", "tipo__descricao": "Indica\u00e7\u00e3o Legislativa", "autoria": "Coutinho", "texto_original": "http://sapl.conceicaodemacabu.rj.leg.br/media/sapl/public/materialegislativa/2023/2540/ind_120-2023_-_indica_fornecimento_de_oculos_e_aparelhos_auditivos_para_alunos_da_rede_publica_municipal.pdf", "ementa": "Indica que a Secretaria Municipal de Educa\u00e7\u00e3o e Cultura forne\u00e7a \u00f3culos e aparelhos auditivos para alunos da rede p\u00fablica municipal que mediante apresenta\u00e7\u00e3o de laudo m\u00e9dico comprovem a necessidade da utiliza\u00e7\u00e3o dos mesmos"}, {"id": "2544", "ano": "2023", "numero": "121", "tipo__sigla": "IND", "tipo__descricao": "Indica\u00e7\u00e3o Legislativa", "autoria": "Nath\u00e1lia Braga", "texto_original": "http://sapl.conceicaodemacabu.rj.leg.br/media/sapl/public/materialegislativa/2023/2544/ind_121-2023_-_iluminacao_na_vila_isaura.pdf", "ementa": "Indica que sejam tomadas provid\u00eancias a fim de melhorar a ilumina\u00e7\u00e3o da entrada da Vila Isaura In\u00e1cio, localizada na rua Evaristo Ribeiro, tais como a instala\u00e7\u00e3o de lumin\u00e1rias com refletores ou bra\u00e7o de luz."}, {"id": "2545", "ano": "2023", "numero": "122", "tipo__sigla": "IND", "tipo__descricao": "Indica\u00e7\u00e3o Legislativa", "autoria": "Nath\u00e1lia Braga", "texto_original": "http://sapl.conceicaodemacabu.rj.leg.br/media/sapl/public/materialegislativa/2023/2545/ind_122-2023_-_auxilio_aluguel_mulheres.pdf", "ementa": "Seja criado e implementado o aux\u00edlio-aluguel \u00e0s mulheres v\u00edtimas de viol\u00eancia dom\u00e9stica e familiar no munic\u00edpio."}, {"id": "2547", "ano": "2023", "numero": "123", "tipo__sigla": "IND", "tipo__descricao": "Indica\u00e7\u00e3o Legislativa", "autoria": "Nath\u00e1lia Braga", "texto_original": "http://sapl.conceicaodemacabu.rj.leg.br/media/sapl/public/materialegislativa/2023/2547/ind_123-2023.pdf", "ementa": "Seja o vencimento do cargo efetivo de Eletricista da Prefeitura Municipal de Concei\u00e7\u00e3o de Macabu/RJ reajustado de acordo com o piso salarial convencionado pela SINTRAINDISTAL/RJ para a categoria."}, {"id": "2549", "ano": "2023", "numero": "124", "tipo__sigla": "IND", "tipo__descricao": "Indica\u00e7\u00e3o Legislativa", "autoria": "Coutinho", "texto_original": "http://sapl.conceicaodemacabu.rj.leg.br/media/sapl/public/materialegislativa/2023/2549/ind_124-2023_-_indica_implantacao_do_modelo_de_gestao_democratica.pdf", "ementa": "Sugiro que a Secretaria Municipal de Educa\u00e7\u00e3o e Cultura implante modelo de gest\u00e3o democr\u00e1tica nas unidades escolares da rede municipal de ensino com participa\u00e7\u00e3o de toda comunidade escolar."}, {"id": "2551", "ano": "2023", "numero": "125", "tipo__sigla": "IND", "tipo__descricao": "Indica\u00e7\u00e3o Legislativa", "autoria": "Guta", "texto_original": "http://sapl.conceicaodemacabu.rj.leg.br/media/sapl/public/materialegislativa/2023/2551/ind_125-2023_-_indica_instalacao_de_quebra_molas.pdf", "ementa": "Indica instala\u00e7\u00e3o de quebra-molas nas ruas que est\u00e3o recebendo recapeamento asf\u00e1ltico."}, {"id": "2554", "ano": "2023", "numero": "126", "tipo__sigla": "IND", "tipo__descricao": "Indica\u00e7\u00e3o Legislativa", "autoria": "Nath\u00e1lia Braga", "texto_original": "http://sapl.conceicaodemacabu.rj.leg.br/media/sapl/public/materialegislativa/2023/2554/ind_126-2023_-_atividades_fisicas_na_quadra_do_curato.pdf", "ementa": "Indica que, na quadra esportiva do Curato de Santa Catarina, sejam ofertadas atividades f\u00edsicas."}, {"id": "2563", "ano": "2023", "numero": "127", "tipo__sigla": "IND", "tipo__descricao": "Indica\u00e7\u00e3o Legislativa", "autoria": "Coutinho", "texto_original": "http://sapl.conceicaodemacabu.rj.leg.br/media/sapl/public/materialegislativa/2023/2563/ind_127-2023_-_indica_biblioteca_intinerante.pdf", "ementa": "Sugere que a Secretaria Municipal de Educa\u00e7\u00e3o e Cultura promova programa de Biblioteca Itinerante para atender escolas e creches de nosso munic\u00edpio."}, {"id": "2568", "ano": "2023", "numero": "128", "tipo__sigla": "IND", "tipo__descricao": "Indica\u00e7\u00e3o Legislativa", "autoria": "Nath\u00e1lia Braga", "texto_original": "http://sapl.conceicaodemacabu.rj.leg.br/media/sapl/public/materialegislativa/2023/2568/ind_128-2023_-__indica_pavimentacao_asfaltica_em_logradouros_diversos.pdf", "ementa": "Indica que sejam executadas obras de pavimenta\u00e7\u00e3o asf\u00e1ltica ou recupera\u00e7\u00e3o de cal\u00e7amento nos seguintes logradouros p\u00fablicos: Rua Jos\u00e9 de Ara\u00fajo Rosa; Rua Alcides Fid\u00e9lis Ribeiro; e Rua Maria Luisa Folly."}, {"id": "2571", "ano": "2023", "numero": "129", "tipo__sigla": "IND", "tipo__descricao": "Indica\u00e7\u00e3o Legislativa", "autoria": "Ga\u00facho", "texto_original": "http://sapl.conceicaodemacabu.rj.leg.br/media/sapl/public/materialegislativa/2023/2571/ind_129-2023_-_indica_continuidade_de_atendimento_no_setor_de_marcacao_de_exames_durante_o_horario_de_almoco.pdf", "ementa": "Indica continuidade de atendimento no setor de marca\u00e7\u00e3o de exames durante o hor\u00e1rio de almo\u00e7o."}, {"id": "2572", "ano": "2023", "numero": "130", "tipo__sigla": "IND", "tipo__descricao": "Indica\u00e7\u00e3o Legislativa", "autoria": "Nath\u00e1lia Braga", "texto_original": "http://sapl.conceicaodemacabu.rj.leg.br/media/sapl/public/materialegislativa/2023/2572/ind_130-2023_-_sejam_promovidas_melhorias_na_estrada_do_procura_um_-_jose_nunes_ementa_ramos.pdf", "ementa": "Indica que sejam promovidas melhorias na Estrada do Procura Um \u2013 denominada Jos\u00e9 Nunes Ramos \u2013, nas \u00e1reas que se encontram sem cal\u00e7amento, em Concei\u00e7\u00e3o de Macabu."}, {"id": "2573", "ano": "2023", "numero": "131", "tipo__sigla": "IND", "tipo__descricao": "Indica\u00e7\u00e3o Legislativa", "autoria": "Nath\u00e1lia Braga", "texto_original": "http://sapl.conceicaodemacabu.rj.leg.br/media/sapl/public/materialegislativa/2023/2573/ind_131-2023_-_indica_que_sejam_executadas_obras_de_recapeamento_asfiltico_em_logradouros_publicos_de_conceicao_de_macabu..pdf", "ementa": "Indica que sejam executadas obras de recapeamento asf\u00e1ltico em logradouros p\u00fablicos de Concei\u00e7\u00e3o de Macabu."}, {"id": "2574", "ano": "2023", "numero": "132", "tipo__sigla": "IND", "tipo__descricao": "Indica\u00e7\u00e3o Legislativa", "autoria": "Dhal", "texto_original": "http://sapl.conceicaodemacabu.rj.leg.br/media/sapl/public/materialegislativa/2023/2574/ind_132-2023_-_indicacao_sugirindo_realizacao_de_reparos_e_conserto_do_calcamento_da_rua_edio_silva_antiga_rua_d_localizada_no_conjunto_habitacional_sao_cristovao_bairro_sao_henri.pdf", "ementa": "Indica\u00e7\u00e3o sugirindo realiza\u00e7\u00e3o de reparos e conserto do cal\u00e7amento da Rua Edio Silva (antiga rua D), localizada no Conjunto Habitacional S\u00e3o Crist\u00f3v\u00e3o, bairro S\u00e3o Henri."}, {"id": "2575", "ano": "2023", "numero": "133", "tipo__sigla": "IND", "tipo__descricao": "Indica\u00e7\u00e3o Legislativa", "autoria": "Dhal", "texto_original": "http://sapl.conceicaodemacabu.rj.leg.br/media/sapl/public/materialegislativa/2023/2575/ind_133-2023_-_indica_reforma_da_quadra_esportiva_manoel_dos_santos_localizada_no_conjunto_habitacional_sao_cristovao_bairro_sao_henri.pdf", "ementa": "Indica reforma da quadra esportiva Manoel dos Santos, localizada no Conjunto Habitacional S\u00e3o Crist\u00f3v\u00e3o, bairro S\u00e3o Henri"}, {"id": "2578", "ano": "2023", "numero": "134", "tipo__sigla": "IND", "tipo__descricao": "Indica\u00e7\u00e3o Legislativa", "autoria": "Nath\u00e1lia Braga", "texto_original": "http://sapl.conceicaodemacabu.rj.leg.br/media/sapl/public/materialegislativa/2023/2578/ind_134-2023_-_indica_que_sejam_promovidos_quinzenalmente_eventos_na_rua_da_casa_de_cultura.pdf", "ementa": "Indica que sejam promovidos, quinzenalmente, eventos na rua da Casa de Cultura."}, {"id": "2579", "ano": "2023", "numero": "135", "tipo__sigla": "IND", "tipo__descricao": "Indica\u00e7\u00e3o Legislativa", "autoria": "Tcharles", "texto_original": "http://sapl.conceicaodemacabu.rj.leg.br/media/sapl/public/materialegislativa/2023/2579/ind_135-2023_-_sugere_providencias_em_relacao_as_grades_das_sacadas_do_conjunto_habitacional_silvio_soares_tavares.pdf", "ementa": "Sugere provid\u00eancias em rela\u00e7\u00e3o \u00e0s grades das sacadas do Conjunto Habitacional Silvio Soares Tavares."}, {"id": "2580", "ano": "2023", "numero": "136", "tipo__sigla": "IND", "tipo__descricao": "Indica\u00e7\u00e3o Legislativa", "autoria": "Ga\u00facho", "texto_original": "http://sapl.conceicaodemacabu.rj.leg.br/media/sapl/public/materialegislativa/2023/2580/ind_136-2023_-_indica_instalacao_de_placas_informativas_na_amorosa.pdf", "ementa": "Indica que se proceda \u00e0 realiza\u00e7\u00e3o de orienta\u00e7\u00f5es, instala\u00e7\u00e3o de placas informativas e/ou semelhantes na localidade da Amorosa, principalmente no ver\u00e3o vindouro."}, {"id": "2590", "ano": "2023", "numero": "137", "tipo__sigla": "IND", "tipo__descricao": "Indica\u00e7\u00e3o Legislativa", "autoria": "Nath\u00e1lia Braga", "texto_original": "http://sapl.conceicaodemacabu.rj.leg.br/media/sapl/public/materialegislativa/2023/2590/ind_137-2023_-_indica_fornecimento_de_uniformes_para_a_guarda_municipal.pdf", "ementa": "Considerando as ondas de calor intensas, que sejam fornecidos uniformes mais frescos para os integrantes da Guarda Municipal."}, {"id": "2581", "ano": "2023", "numero": "138", "tipo__sigla": "IND", "tipo__descricao": "Indica\u00e7\u00e3o Legislativa", "autoria": "Nath\u00e1lia Braga", "texto_original": "http://sapl.conceicaodemacabu.rj.leg.br/media/sapl/public/materialegislativa/2023/2581/ind_138-2023_-_indica_realizacao_de_avaliacao_para_instalacao_de_quabra_molas_nas_ruas_recentemente_asfaltadas.pdf", "ementa": "Indica que seja realizada avalia\u00e7\u00e3o, junto \u00e0 Secretaria de Seguran\u00e7a P\u00fablica, para instala\u00e7\u00e3o de quebra-molas, visando a redu\u00e7\u00e3o da velocidade dos ve\u00edculos, nas ruas recentemente asfaltadas em Concei\u00e7\u00e3o de Macabu."}, {"id": "2582", "ano": "2023", "numero": "139", "tipo__sigla": "IND", "tipo__descricao": "Indica\u00e7\u00e3o Legislativa", "autoria": "Dr. Fernando, Nath\u00e1lia Braga", "texto_original": "http://sapl.conceicaodemacabu.rj.leg.br/media/sapl/public/materialegislativa/2023/2582/ind_139-2023_-_indica_realizacao_de_estudos_para_implantacao_de_uma_linha_de_transporte_coletivo_para_amorosa.pdf", "ementa": "Indica sejam realizados estudos para implanta\u00e7\u00e3o de uma linha de transporte coletivo municipal com destino \u00e0 regi\u00e3o da Amorosa."}, {"id": "2584", "ano": "2023", "numero": "140", "tipo__sigla": "IND", "tipo__descricao": "Indica\u00e7\u00e3o Legislativa", "autoria": "Ga\u00facho", "texto_original": "http://sapl.conceicaodemacabu.rj.leg.br/media/sapl/public/materialegislativa/2023/2584/ind_140-2023_-_indica_que_seja_regulamentada_o_capitulo_vi_do_codigo_ambiental_no_que_diz_respeito_a_remocao_de_fios_e_instalacoes_em_excesso..pdf", "ementa": "Seja regulamentado o Cap\u00edtulo VI do C\u00f3digo Ambiental Municipal, intitulado \u201cDo Controle da Polui\u00e7\u00e3o Visual\u201d, no sentido de obrigar concession\u00e1rias prestadoras de servi\u00e7os de energia el\u00e9trica, telefonia, televis\u00e3o a cabo e internet a removerem os cabos e fia\u00e7\u00f5es por elas instalados, quando em excesso e sem uso."}, {"id": "2585", "ano": "2023", "numero": "141", "tipo__sigla": "IND", "tipo__descricao": "Indica\u00e7\u00e3o Legislativa", "autoria": "Ga\u00facho, Guta", "texto_original": "http://sapl.conceicaodemacabu.rj.leg.br/media/sapl/public/materialegislativa/2023/2585/ind_141-2023_-_sugere_adocao_de_medidas_para_minimizar_os_riscos_de_exposicao_ao_calor_sofrida_pelos_servidores_publicos_que_laboram_ao_sol.pdf", "ementa": "Sugere a ado\u00e7\u00e3o de medidas para minimizar os riscos da alta exposi\u00e7\u00e3o ao calor sofrida pelos servidores p\u00fablicos que laboram sob o sol, como a flexibiliza\u00e7\u00e3o da jornada de trabalho, sem preju\u00edzo \u00e0 remunera\u00e7\u00e3o mensal."}, {"id": "2586", "ano": "2023", "numero": "142", "tipo__sigla": "IND", "tipo__descricao": "Indica\u00e7\u00e3o Legislativa", "autoria": "Nath\u00e1lia Braga", "texto_original": "http://sapl.conceicaodemacabu.rj.leg.br/media/sapl/public/materialegislativa/2023/2586/ind_142-2023_-_sugere_realizacao_de_estudo_para_apurar_possibilidade_de_reajuste_do_vencimento_dos_eletricistas_da_pmcm.pdf", "ementa": "Sugere a realiza\u00e7\u00e3o de estudo de impacto or\u00e7ament\u00e1rio-financeiro a fim de apurar a possibilidade de reajuste do vencimento dos Eletricistas da PMCM."}, {"id": "2588", "ano": "2023", "numero": "143", "tipo__sigla": "IND", "tipo__descricao": "Indica\u00e7\u00e3o Legislativa", "autoria": "Nath\u00e1lia Braga", "texto_original": "http://sapl.conceicaodemacabu.rj.leg.br/media/sapl/public/materialegislativa/2023/2588/ind_143-2023_-_edicao_de_normas_para_permissao_de_uso_de_calcao_curto_nas_ondas_de_calor.pdf", "ementa": "Indica ao Executivo seja editada norma permitindo a funcion\u00e1rios e visitantes, nas reparti\u00e7\u00f5es p\u00fablicas do munic\u00edpio, o uso de cal\u00e7\u00e3o curto/bermud\u00f5es na altura do joelho, enquanto se estenderem as fortes ondas de calor."}, {"id": "2589", "ano": "2023", "numero": "144", "tipo__sigla": "IND", "tipo__descricao": "Indica\u00e7\u00e3o Legislativa", "autoria": "Dhal", "texto_original": "http://sapl.conceicaodemacabu.rj.leg.br/media/sapl/public/materialegislativa/2023/2589/ind_144-2023_-_indica_reforma_de_predio_da_sede_do_corpo_de_bombeiro.pdf", "ementa": "Indica realiza\u00e7\u00e3o de reforma do pr\u00e9dio da sede do corpo de bombeiro de concei\u00e7\u00e3o de Macabu."}, {"id": "2591", "ano": "2023", "numero": "145", "tipo__sigla": "IND", "tipo__descricao": "Indica\u00e7\u00e3o Legislativa", "autoria": "Nath\u00e1lia Braga", "texto_original": "http://sapl.conceicaodemacabu.rj.leg.br/media/sapl/public/materialegislativa/2023/2591/ind_145-2023_-_indica_que_seja_instituido_plano_municipal_de_arborizacao_urbana.pdf", "ementa": "Seja institu\u00eddo um Plano Municipal de Arboriza\u00e7\u00e3o Urbana, com o intuito prec\u00edpuo de expandir a quantidade de exemplares arb\u00f3reos na cidade."}, {"id": "2594", "ano": "2023", "numero": "146", "tipo__sigla": "IND", "tipo__descricao": "Indica\u00e7\u00e3o Legislativa", "autoria": "Dhal", "texto_original": "http://sapl.conceicaodemacabu.rj.leg.br/media/sapl/public/materialegislativa/2023/2594/ind_146-2023_-_que_seja_realizado_servico_de_rocada_as_margens_da_rj_196_entre_os_bairros_sao_henri_e_vila_tavares.pdf", "ementa": "Indica servi\u00e7o de ro\u00e7ada \u00e0s margens da RJ 196, entre os bairros S\u00e3o Henri e Vila Tavares."}, {"id": "2595", "ano": "2023", "numero": "147", "tipo__sigla": "IND", "tipo__descricao": "Indica\u00e7\u00e3o Legislativa", "autoria": "Dhal", "texto_original": "http://sapl.conceicaodemacabu.rj.leg.br/media/sapl/public/materialegislativa/2023/2595/ind_147-2023_-_indica_servico_de_capina_reparos_nos_brinquedos_e_outros_da_pracinha_do_bairro_vila_tavares.pdf", "ementa": "Indica servi\u00e7o de capina, reparos nos brinquedos e outros da pracinha do bairro Vila Tavares."}, {"id": "2596", "ano": "2023", "numero": "148", "tipo__sigla": "IND", "tipo__descricao": "Indica\u00e7\u00e3o Legislativa", "autoria": "Guta", "texto_original": "http://sapl.conceicaodemacabu.rj.leg.br/media/sapl/public/materialegislativa/2023/2596/ind_148-2023_-_sugere_a_realizacao_de_estudos_a_fim_de_reajustar_o_valor_do_cartao_alimentacao_devido_aos_servidores_publicos_ativos_da_pmcm.pdf", "ementa": "Sugere a realiza\u00e7\u00e3o de estudos a fim de reajustar o valor do \"Cart\u00e3o Alimenta\u00e7\u00e3o\" devido aos servidores p\u00fablicos ativos da PMCM."}, {"id": "2597", "ano": "2023", "numero": "149", "tipo__sigla": "IND", "tipo__descricao": "Indica\u00e7\u00e3o Legislativa", "autoria": "Nath\u00e1lia Braga", "texto_original": "http://sapl.conceicaodemacabu.rj.leg.br/media/sapl/public/materialegislativa/2023/2597/ind_149-2023_-_sugere_melhorias_a_serem_realizadas_na_pracinha_publica_em_frente_a_farmacia_do_porto_em_conceicao_de_macabu.pdf", "ementa": "Sugere melhorias a serem realizadas na pracinha p\u00fablica em frente \u00e0 Farm\u00e1cia do Porto, em Concei\u00e7\u00e3o de Macabu."}, {"id": "2598", "ano": "2023", "numero": "150", "tipo__sigla": "IND", "tipo__descricao": "Indica\u00e7\u00e3o Legislativa", "autoria": "Guta", "texto_original": "http://sapl.conceicaodemacabu.rj.leg.br/media/sapl/public/materialegislativa/2023/2598/ind_150-2023_-_instalacao_de_pingadeiras_ao_longo_dos_muros_da_creche_cenira_procopio..pdf", "ementa": "Indica coloca\u00e7\u00e3o de pingadeira ao longo dos muros da Creche Cenira Proc\u00f3pio e da Escola Municipalizada Victor Sence."}, {"id": "2600", "ano": "2023", "numero": "151", "tipo__sigla": "IND", "tipo__descricao": "Indica\u00e7\u00e3o Legislativa", "autoria": "Nath\u00e1lia Braga", "texto_original": "http://sapl.conceicaodemacabu.rj.leg.br/media/sapl/public/materialegislativa/2023/2600/ind_151_-_2023_-_reforma_na_ubs_arlinda_de_araujo_linhares.pdf", "ementa": "Indica realiza\u00e7\u00e3o de reforma e manuten\u00e7\u00e3o de aparelhos na Unidade B\u00e1sica de Sa\u00fade (UBS) Arlinda de Ara\u00fajo Linhares, com aten\u00e7\u00e3o \u00e0s salas utilizadas para realiza\u00e7\u00e3o de curativos/vacina\u00e7\u00e3o, recep\u00e7\u00e3o e sala de atendimento m\u00e9dico."}, {"id": "2601", "ano": "2023", "numero": "152", "tipo__sigla": "IND", "tipo__descricao": "Indica\u00e7\u00e3o Legislativa", "autoria": "Dhal", "texto_original": "http://sapl.conceicaodemacabu.rj.leg.br/media/sapl/public/materialegislativa/2023/2601/ind_152_-_2023_-_sugere_alteracao_da_lei_1612-2019_para_assegurar_o_direito_a_reducao_da_carga_horaria_de_trabalho..pdf", "ementa": "Sugere a altera\u00e7\u00e3o da Lei 1.612/19, a fim de assegurar ao servidor portador de fibromialgia o direito a redu\u00e7\u00e3o de jornada de trabalho em at\u00e9 quatro horas, sem preju\u00edzo \u00e0 remunera\u00e7\u00e3o ou compensa\u00e7\u00e3o de horas."}, {"id": "2604", "ano": "2023", "numero": "153", "tipo__sigla": "IND", "tipo__descricao": "Indica\u00e7\u00e3o Legislativa", "autoria": "Dhal", "texto_original": "http://sapl.conceicaodemacabu.rj.leg.br/media/sapl/public/materialegislativa/2023/2604/ind_153-2023_-_indica_realizacao_de_limpeza_e_desentupimento_da_rede_de_esgoto_da_rodovia_antonio_minguta_-_na_vila_tavares.pdf", "ementa": "Indica realiza\u00e7\u00e3o de limpeza mediante desentupimento da rede de esgoto da rodovia Ant\u00f4nio Minguta de Oliveira (RJ-196), no bairro Vila Tavares, n.\u00ba 729."}, {"id": "2605", "ano": "2023", "numero": "154", "tipo__sigla": "IND", "tipo__descricao": "Indica\u00e7\u00e3o Legislativa", "autoria": "Guta", "texto_original": "http://sapl.conceicaodemacabu.rj.leg.br/media/sapl/public/materialegislativa/2023/2605/ind_154-2023_-_construcao_de_pista_de_malha_no_porto.pdf", "ementa": "Reitera Indica\u00e7\u00e3o n\u00ba 55/2023: constru\u00e7\u00e3o de pista de malha no bairro Porto."}, {"id": "2606", "ano": "2023", "numero": "155", "tipo__sigla": "IND", "tipo__descricao": "Indica\u00e7\u00e3o Legislativa", "autoria": "Guta", "texto_original": "http://sapl.conceicaodemacabu.rj.leg.br/media/sapl/public/materialegislativa/2023/2606/ind_155-2023_-_reitera_indicacao_no_74-2023_construcao_de_campo_de_futebol_no_bairro_rhodia..pdf", "ementa": "Reitera Indica\u00e7\u00e3o n\u00ba 74/2023: constru\u00e7\u00e3o de campo de futebol no bairro Rh\u00f3dia."}, {"id": "2607", "ano": "2023", "numero": "156", "tipo__sigla": "IND", "tipo__descricao": "Indica\u00e7\u00e3o Legislativa", "autoria": "Guta", "texto_original": "http://sapl.conceicaodemacabu.rj.leg.br/media/sapl/public/materialegislativa/2023/2607/ind_156-2023_-_indica_realizacao_de_reforma_na_quadra_da_rhodia_para_ampliacao_de_vida_util_e_adequacao_aos_moradores_da_localidade..pdf", "ementa": "Indica a realiza\u00e7\u00e3o de reforma da quadra esportiva do bairro Rhodia, visando o aumento de sua vida \u00fatil e uma utiliza\u00e7\u00e3o adequada pelos moradores da localidade."}, {"id": "2608", "ano": "2023", "numero": "157", "tipo__sigla": "IND", "tipo__descricao": "Indica\u00e7\u00e3o Legislativa", "autoria": "Guta", "texto_original": "http://sapl.conceicaodemacabu.rj.leg.br/media/sapl/public/materialegislativa/2023/2608/157-2023_-_indica_reforma_e_construcao_de_dois_banheiros_na_quadra_esportiva_do_bairro_porto.pdf", "ementa": "Indica a realiza\u00e7\u00e3o de reforma e constru\u00e7\u00e3o de dois banheiros na quadra esportiva do bairro Porto."}, {"id": "2609", "ano": "2023", "numero": "158", "tipo__sigla": "IND", "tipo__descricao": "Indica\u00e7\u00e3o Legislativa", "autoria": "Guta", "texto_original": "http://sapl.conceicaodemacabu.rj.leg.br/media/sapl/public/materialegislativa/2023/2609/ind_158-2023_-_realizacao_de_solo_grampeado_no_multirao_na_rhodia_reitera_ind_17-2023..pdf", "ementa": "Reitera a Indica\u00e7\u00e3o n\u00ba 17/2023: Realiza\u00e7\u00e3o de obra de solo grampeado, no Multir\u00e3o na Comunidade Rh\u00f3dia."}, {"id": "2611", "ano": "2023", "numero": "159", "tipo__sigla": "IND", "tipo__descricao": "Indica\u00e7\u00e3o Legislativa", "autoria": "Guta", "texto_original": "http://sapl.conceicaodemacabu.rj.leg.br/media/sapl/public/materialegislativa/2023/2611/ind_159-2023_-_colocacao_de_quabra_molas_no_multirao.pdf", "ementa": "Indica a coloca\u00e7\u00e3o de quebra-molas no Multir\u00e3o, no bairo Rh\u00f3dia, pr\u00f3ximo a quadra de esportes."}, {"id": "2610", "ano": "2023", "numero": "160", "tipo__sigla": "IND", "tipo__descricao": "Indica\u00e7\u00e3o Legislativa", "autoria": "Guta", "texto_original": "http://sapl.conceicaodemacabu.rj.leg.br/media/sapl/public/materialegislativa/2023/2610/ind_160-2023_-_obra_de_protecao_na_praca_da_rhodia.pdf", "ementa": "Indica a realiza\u00e7\u00e3o de obra  de prote\u00e7\u00e3o na pra\u00e7a do bairro Rh\u00f3dia."}, {"id": "2613", "ano": "2023", "numero": "161", "tipo__sigla": "IND", "tipo__descricao": "Indica\u00e7\u00e3o Legislativa", "autoria": "Tcharles", "texto_original": "http://sapl.conceicaodemacabu.rj.leg.br/media/sapl/public/materialegislativa/2023/2613/ind_161-2023_-_bueiro_na_rua_ghij.pdf", "ementa": "Indico seja instalado bueiro para drenagem de \u00e1gua no Conjunto Habitacional Nossa Senhora de Lourdes, na Rua GHIJ."}, {"id": "2614", "ano": "2023", "numero": "162", "tipo__sigla": "IND", "tipo__descricao": "Indica\u00e7\u00e3o Legislativa", "autoria": "Tcharles", "texto_original": "http://sapl.conceicaodemacabu.rj.leg.br/media/sapl/public/materialegislativa/2023/2614/ind_162-2023_-_realizacao_de_conserto_na_rede_de_drenagem_na_rua_das_rosas.pdf", "ementa": "Indico seja realizado conserto na rede de drenagem localizada na Rua das Rosas, em cruzamento com a Rua Santa Efig\u00eania, pr\u00f3ximo \u00e0 quadra da usina."}]}