{"headers": {"id": "ID", "ano": "Ano", "numero": "N\u00famero", "tipo__sigla": "Tipo de Mat\u00e9ria Legislativa/Sigla", "tipo__descricao": "Tipo de Mat\u00e9ria Legislativa/Descri\u00e7\u00e3o", "autoria": "Autorias", "texto_original": "Texto Original", "ementa": "Ementa"}, "results": [{"id": "2096", "ano": "2022", "numero": "1", "tipo__sigla": "ELOM", "tipo__descricao": "Projeto de Emenda \u00e0 Lei Org\u00e2nica", "autoria": "Dhal Ga\u00facho Tcharles Lucas", "texto_original": "http://sapl.conceicaodemacabu.rj.leg.br/media/", "ementa": "Estabelece regras de elei\u00e7\u00e3o para a renova\u00e7\u00e3o da Mesa Diretora da C\u00e2mara Municipal de Concei\u00e7\u00e3o de Macabu"}, {"id": "2023", "ano": "2022", "numero": "1", "tipo__sigla": "EMEN", "tipo__descricao": "Emenda", "autoria": "Dhal Ga\u00facho Tcharles Lucas", "texto_original": "http://sapl.conceicaodemacabu.rj.leg.br/media/", "ementa": "Acrescenta inciso VI ao art. 14 do Projeto de Lei n.\u00ba 47/2022, que disp\u00f5e sobre normas para implanta\u00e7\u00e3o e compartilhamento de infraestrutura de suporte e telecomunica\u00e7\u00f5es"}, {"id": "2158", "ano": "2022", "numero": "2", "tipo__sigla": "EMEN", "tipo__descricao": "Emenda", "autoria": "Guta", "texto_original": "http://sapl.conceicaodemacabu.rj.leg.br/media/", "ementa": "Emenda supressiva ao artigo 1\u00b0 do Projeto de Lei n\u00b032/2022, que altera o artigo 4\u00b0 da Lei 951/09, alterada pela Lei n\u00b01668/2021 e Lei n\u00b01758/2022."}, {"id": "2177", "ano": "2022", "numero": "3", "tipo__sigla": "EMEN", "tipo__descricao": "Emenda", "autoria": "Guta", "texto_original": "http://sapl.conceicaodemacabu.rj.leg.br/media/sapl/public/materialegislativa/2022/2177/emenda_03-2022.pdf", "ementa": "Adiciona a\u00e7\u00e3o no quadro de detalhamento de despesa - QDD, com sua respectiva fun\u00e7\u00e3o, sub-fun\u00e7\u00e3o, categoria econ\u00f4mica e fonte de recurso, totalizando o valor de R$ 500.000,00 ( quinhentos mil reais):\r\nArt. 1\u00b0 - Fica alterado o quadro de detalhamento de despesa _QDD da proposta or\u00e7ament\u00e1ria do munic\u00edpio de Concei\u00e7\u00e3o de Macabu para o exerc\u00edcio financeiro de 2023 criando o projeto \"constru\u00e7\u00e3o de quadra poliesportiva na escola municipalizada Victor Sence\"."}, {"id": "2185", "ano": "2022", "numero": "4", "tipo__sigla": "EMEN", "tipo__descricao": "Emenda", "autoria": "Nath\u00e1lia Braga", "texto_original": "http://sapl.conceicaodemacabu.rj.leg.br/media/sapl/public/materialegislativa/2022/2185/emenda_n_04-2022_-_projeto_jovem_aprendiz_000652.pdf", "ementa": "Adiciona A\u00e7\u00e3o no Quadro de Detalhamento de Despesa - QDD, com sua respectiva fun\u00e7\u00e3o, sub-fun\u00e7\u00e3o, categoria econ\u00f4mica e fonte de recurso, totalizando o valor de R$ 1.000.000,00 (Hum milh\u00e3o de reais)."}, {"id": "2187", "ano": "2022", "numero": "5", "tipo__sigla": "EMEN", "tipo__descricao": "Emenda", "autoria": "Ga\u00facho, Guta, Lucas Madureira, Nath\u00e1lia Braga, Toninho da Sa\u00fade", "texto_original": "http://sapl.conceicaodemacabu.rj.leg.br/media/sapl/public/materialegislativa/2022/2187/emenda_n_05-2022_-_15_000653.pdf", "ementa": "Altera o artigo 4\u00b0, I, do Projeto de Lei n\u00b030/2022 (Lei or\u00e7ament\u00e1ria anual-2023): \r\nArt. 4\u00b0- \r\nI - Abertura de cr\u00e9ditos adicionais suplementares ao or\u00e7amento de 2023, mediante decreto, at\u00e9 o limite de 15% (quinze por cento) do total das despesas fixadas utilizando para isso a anula\u00e7\u00e3o total ou parcial de dota\u00e7\u00f5es, criando, se necess\u00e1rio, elementos de despesas e fontes de recursos dentro das unidades or\u00e7ament\u00e1rias existentes."}, {"id": "2010", "ano": "2022", "numero": "1", "tipo__sigla": "PLC", "tipo__descricao": "Projeto de Lei Complementar", "autoria": "Prefeitura Municipal de Concei\u00e7\u00e3o de Macabu", "texto_original": "http://sapl.conceicaodemacabu.rj.leg.br/media/sapl/public/materialegislativa/2022/2010/plc_n_01-2022_-_ipascom_000414.pdf", "ementa": "Disp\u00f5e sobre altera\u00e7\u00e3o na Lei Complementar municipal n.\u00b01.641 de 01 de julho de 2020, definido o plano anual e mensal de amortiza\u00e7\u00e3o do passivo atuarial do instituto de previd\u00eancia e assist\u00eancia dos servidores do munic\u00edpio de Concei\u00e7\u00e3o de Macabu - IPASCON para o exerc\u00edcio de 2022 e seguintes e d\u00e1 outras provid\u00eancias."}, {"id": "1782", "ano": "2022", "numero": "1", "tipo__sigla": "PLO", "tipo__descricao": "Projeto de Lei Ordin\u00e1ria", "autoria": "Prefeitura Municipal de Concei\u00e7\u00e3o de Macabu", "texto_original": "http://sapl.conceicaodemacabu.rj.leg.br/media/sapl/public/materialegislativa/2022/1782/plo_n_01-2022_000227.pdf", "ementa": "Disp\u00f5e sobre o pagamento de adicional extraordin\u00e1rio aos servidores p\u00fablicos efetivos, comissionados e conselheiros tutelares ativos da Administra\u00e7\u00e3o P\u00fablica Direta e Indireta do Poder Executivo do Munic\u00edpio de Concei\u00e7\u00e3o de Macabu, e d\u00e1 outras provid\u00eancias"}, {"id": "1783", "ano": "2022", "numero": "2", "tipo__sigla": "PLO", "tipo__descricao": "Projeto de Lei Ordin\u00e1ria", "autoria": "Prefeitura Municipal de Concei\u00e7\u00e3o de Macabu", "texto_original": "http://sapl.conceicaodemacabu.rj.leg.br/media/sapl/public/materialegislativa/2022/1783/plo_n_02-2022_000247.pdf", "ementa": "Autoriza o Poder Executivo a abrir credito especial por anula\u00e7\u00e3o de despesa no or\u00e7amento do exerc\u00edcio financeiro de 2022."}, {"id": "1784", "ano": "2022", "numero": "3", "tipo__sigla": "PLO", "tipo__descricao": "Projeto de Lei Ordin\u00e1ria", "autoria": "Prefeitura Municipal de Concei\u00e7\u00e3o de Macabu", "texto_original": "http://sapl.conceicaodemacabu.rj.leg.br/media/sapl/public/materialegislativa/2022/1784/plo_n_03-2022_000248.pdf", "ementa": "Autoriza o Poder Executivo a abrir cr\u00e9dito especial no or\u00e7amento de 2022."}, {"id": "1785", "ano": "2022", "numero": "4", "tipo__sigla": "PLO", "tipo__descricao": "Projeto de Lei Ordin\u00e1ria", "autoria": "Prefeitura Municipal de Concei\u00e7\u00e3o de Macabu", "texto_original": "http://sapl.conceicaodemacabu.rj.leg.br/media/sapl/public/materialegislativa/2022/1785/plo_n_04-2022_000226.pdf", "ementa": "Concede revis\u00e3o geral da remunera\u00e7\u00e3o aos servidores municipais de Concei\u00e7\u00e3o de Macabu na forma que especifica e d\u00e1 outras provid\u00eancias."}, {"id": "1786", "ano": "2022", "numero": "5", "tipo__sigla": "PLO", "tipo__descricao": "Projeto de Lei Ordin\u00e1ria", "autoria": "Prefeitura Municipal de Concei\u00e7\u00e3o de Macabu", "texto_original": "http://sapl.conceicaodemacabu.rj.leg.br/media/sapl/public/materialegislativa/2022/1786/plo_n_05-2022_000236.pdf", "ementa": "Concede reajuste ao valor do cart\u00e3o do servidor, e d\u00e1 outras provid\u00eancias."}, {"id": "1789", "ano": "2022", "numero": "6", "tipo__sigla": "PLO", "tipo__descricao": "Projeto de Lei Ordin\u00e1ria", "autoria": "Dhal", "texto_original": "http://sapl.conceicaodemacabu.rj.leg.br/media/sapl/public/materialegislativa/2022/1789/plo_n_06-2022_000271.pdf", "ementa": "Disp\u00f5e sobre a denomina\u00e7\u00e3o da C\u00e2mara municipal de Concei\u00e7\u00e3o de Macabu-RJ."}, {"id": "1790", "ano": "2022", "numero": "7", "tipo__sigla": "PLO", "tipo__descricao": "Projeto de Lei Ordin\u00e1ria", "autoria": "Prefeitura Municipal de Concei\u00e7\u00e3o de Macabu", "texto_original": "http://sapl.conceicaodemacabu.rj.leg.br/media/sapl/public/materialegislativa/2022/1790/plo_n07-2022_000269.pdf", "ementa": "Institui a Pol\u00edtica Municipal de res\u00edduos S\u00f3lidos e o C\u00f3digo Municipal de Res\u00edduos S\u00f3lidos de Concei\u00e7\u00e3o de Macabu/RJ e d\u00e1 outras provid\u00eancias."}, {"id": "1819", "ano": "2022", "numero": "8", "tipo__sigla": "PLO", "tipo__descricao": "Projeto de Lei Ordin\u00e1ria", "autoria": "Coutinho", "texto_original": "http://sapl.conceicaodemacabu.rj.leg.br/media/sapl/public/materialegislativa/2022/1819/plo_n_08-2022__000357-_direirots_dos_autistas.pdf", "ementa": "EMENTA ESTABELECE A POL\u00cdTICA MUNICIPAL DE PROTE\u00c7\u00c3O DOS DIREITOS DA PESSOA COM TRANSTORNO DO  ESPECTRO AUTISTA - TEA NO  \u00c2MBINTO DO MUNIC\u00cdPIO DE CONCEI\u00c7\u00c3O DE MACABU/RJ."}, {"id": "1821", "ano": "2022", "numero": "9", "tipo__sigla": "PLO", "tipo__descricao": "Projeto de Lei Ordin\u00e1ria", "autoria": "Nath\u00e1lia Braga", "texto_original": "http://sapl.conceicaodemacabu.rj.leg.br/media/sapl/public/materialegislativa/2022/1821/plo_n_09-2022_000272.pdf", "ementa": "Disp\u00f5e sobre a denomina\u00e7\u00e3o de espa\u00e7o p\u00fablico e d\u00e1 outras provid\u00eancias."}, {"id": "1841", "ano": "2022", "numero": "10", "tipo__sigla": "PLO", "tipo__descricao": "Projeto de Lei Ordin\u00e1ria", "autoria": "Tcharles", "texto_original": "http://sapl.conceicaodemacabu.rj.leg.br/media/sapl/public/materialegislativa/2022/1841/plo_n_10-2022__000359_-_bueiros_inteligentes.pdf", "ementa": "DISP\u00d5E SOBRE A UTILIZA\u00c7\u00c3O DE BUEIROS INTELIGENTE NAS OBRAS E SERVI\u00c7OS P\u00daBLICOS DE SANEAMENTO NO \u00c2MBITO DO MUNIC\u00cdPIO DE CONCEI\u00c7\u00c3O DE MACABU"}, {"id": "1842", "ano": "2022", "numero": "11", "tipo__sigla": "PLO", "tipo__descricao": "Projeto de Lei Ordin\u00e1ria", "autoria": "Sandro Daumas", "texto_original": "http://sapl.conceicaodemacabu.rj.leg.br/media/sapl/public/materialegislativa/2022/1842/plo_n11-2022_000284.pdf", "ementa": "Veda qualquer discrimina\u00e7\u00e3o \u00e0 crian\u00e7a e ao adolescente com defici\u00eancia ou doen\u00e7a cr\u00f4nica nos estabelecimentos de ensino, creches ou similares, em institui\u00e7\u00f5es p\u00fablicas ou privadas"}, {"id": "1843", "ano": "2022", "numero": "12", "tipo__sigla": "PLO", "tipo__descricao": "Projeto de Lei Ordin\u00e1ria", "autoria": "Sandro Daumas", "texto_original": "http://sapl.conceicaodemacabu.rj.leg.br/media/sapl/public/materialegislativa/2022/1843/plo_n_12-2022_20220519_084354_000313-_entrega_de_materiais.pdf", "ementa": "Determina que os servi\u00e7os de entrega de materiais, condimentos, alimentos e demais produtos adquiridos pelo Pode P\u00fablico, tenham registro fotogr\u00e1fico na entrega e d\u00e1 outras provid\u00eancias"}, {"id": "1844", "ano": "2022", "numero": "13", "tipo__sigla": "PLO", "tipo__descricao": "Projeto de Lei Ordin\u00e1ria", "autoria": "Sandro Daumas", "texto_original": "http://sapl.conceicaodemacabu.rj.leg.br/media/", "ementa": "Evita a multa e apreens\u00e3o de mercadorias de vendedores ambulantes sem que haja aviso pr\u00e9vio para adequa\u00e7\u00e3o."}, {"id": "1846", "ano": "2022", "numero": "14", "tipo__sigla": "PLO", "tipo__descricao": "Projeto de Lei Ordin\u00e1ria", "autoria": "Sandro Daumas", "texto_original": "http://sapl.conceicaodemacabu.rj.leg.br/media/sapl/public/materialegislativa/2022/1846/plo_n_14-2022_000324-_autorizando_entrada_de_agentes_de_endemias.pdf", "ementa": "Autoriza a entrada de agentes de endemias em im\u00f3veis abandonados, p\u00fablicos ou privados, no Munic\u00edpio de Concei\u00e7\u00e3o  de Macabu, quando verificada situa\u00e7\u00e3o de perigo \u00e0 sa\u00fade p\u00fablica pela presen\u00e7a do mosquito transmissor dos v\u00edrus causadores da Dengue e da febre Chikungunya e do v\u00edrus Zika"}, {"id": "1848", "ano": "2022", "numero": "15", "tipo__sigla": "PLO", "tipo__descricao": "Projeto de Lei Ordin\u00e1ria", "autoria": "Sandro Daumas", "texto_original": "http://sapl.conceicaodemacabu.rj.leg.br/media/sapl/public/materialegislativa/2022/1848/plo_n15-2022_000283.pdf", "ementa": "Disp\u00f5e sobre o atendimento preferencial \u00e0s pessoas comprovadamente diagnosticadas com dor cr\u00f4nica, em locais que especifica e d\u00e1 outras provid\u00eancias."}, {"id": "1849", "ano": "2022", "numero": "16", "tipo__sigla": "PLO", "tipo__descricao": "Projeto de Lei Ordin\u00e1ria", "autoria": "Sandro Daumas", "texto_original": "http://sapl.conceicaodemacabu.rj.leg.br/media/", "ementa": "Disp\u00f5e sobre a publica\u00e7\u00e3o, na internet, da lista de espera dos pacientes que aguardam por consultas (discriminadas por especialidade), exames e interven\u00e7\u00f5es cir\u00fargicas e outros procedimentos nos estabelecimentos da rede p\u00fablica de sa\u00fade do munic\u00edpio, e da outras provid\u00eancias."}, {"id": "1850", "ano": "2022", "numero": "17", "tipo__sigla": "PLO", "tipo__descricao": "Projeto de Lei Ordin\u00e1ria", "autoria": "Sandro Daumas", "texto_original": "http://sapl.conceicaodemacabu.rj.leg.br/media/sapl/public/materialegislativa/2022/1850/plo_n_17-2022_20220519_084747_000314.pdf", "ementa": "Determina a obrigatoriedade de afixa\u00e7\u00e3o de placa informativa em obra p\u00fablica paralisada no munic\u00edpio, contendo a exposi\u00e7\u00e3o dos motivos de sua interrup\u00e7\u00e3o com dados do \u00f3rg\u00e3o respons\u00e1vel e d\u00e1 outras provid\u00eancias."}, {"id": "1861", "ano": "2022", "numero": "18", "tipo__sigla": "PLO", "tipo__descricao": "Projeto de Lei Ordin\u00e1ria", "autoria": "Prefeitura Municipal de Concei\u00e7\u00e3o de Macabu", "texto_original": "http://sapl.conceicaodemacabu.rj.leg.br/media/sapl/public/materialegislativa/2022/1861/plo_n_18-2022_000293_-_leite_cidadao.pdf", "ementa": "Institui o programa \"Leite Cidad\u00e3o: Viva com Sa\u00fade\" no munic\u00edpio de Concei\u00e7\u00e3o de Macabu e d\u00e1 outras provid\u00eancias."}, {"id": "1870", "ano": "2022", "numero": "19", "tipo__sigla": "PLO", "tipo__descricao": "Projeto de Lei Ordin\u00e1ria", "autoria": "Prefeitura Municipal de Concei\u00e7\u00e3o de Macabu", "texto_original": "http://sapl.conceicaodemacabu.rj.leg.br/media/sapl/public/materialegislativa/2022/1870/plo_n19-2022_000280.pdf", "ementa": "Disp\u00f5e sobre a inclus\u00e3o do par\u00e1grafo oitavo e nono no artigo 54 da Lei Municipal N\u00b01612 de 20 de novembro de 2019, institui o Estatuto dos servidores p\u00fablicos do munic\u00edpio de Concei\u00e7\u00e3o de Macabu/RJ."}, {"id": "1871", "ano": "2022", "numero": "20", "tipo__sigla": "PLO", "tipo__descricao": "Projeto de Lei Ordin\u00e1ria", "autoria": "Prefeitura Municipal de Concei\u00e7\u00e3o de Macabu", "texto_original": "http://sapl.conceicaodemacabu.rj.leg.br/media/sapl/public/materialegislativa/2022/1871/plo_n_20-2022_-_prorec_000377.pdf", "ementa": "Institui no \u00e2mbito do munic\u00edpio de Concei\u00e7\u00e3o de Macabu o programa de recupera\u00e7\u00e3o de cr\u00e9ditos tribut\u00e1rios PROREC, e d\u00e1 outras provid\u00eancias."}, {"id": "1872", "ano": "2022", "numero": "21", "tipo__sigla": "PLO", "tipo__descricao": "Projeto de Lei Ordin\u00e1ria", "autoria": "Prefeitura Municipal de Concei\u00e7\u00e3o de Macabu", "texto_original": "http://sapl.conceicaodemacabu.rj.leg.br/media/sapl/public/materialegislativa/2022/1872/plo_n21-2022_000279.pdf", "ementa": "Disp\u00f5e sobre a cria\u00e7\u00e3o de cargo em comiss\u00e3o da administra\u00e7\u00e3o direta do munic\u00edpio de Concei\u00e7\u00e3o de Macabu e d\u00e1 outras provid\u00eancias."}, {"id": "1881", "ano": "2022", "numero": "22", "tipo__sigla": "PLO", "tipo__descricao": "Projeto de Lei Ordin\u00e1ria", "autoria": "Prefeitura Municipal de Concei\u00e7\u00e3o de Macabu", "texto_original": "http://sapl.conceicaodemacabu.rj.leg.br/media/sapl/public/materialegislativa/2022/1881/plo_n22-2022_000281.pdf", "ementa": "Altera o artigo 3\u00ba da Lei n.\u00ba 1755/2022, que trata do Reajuste Geral da remunera\u00e7\u00e3o aos servidores municipais de Concei\u00e7\u00e3o de Macabu"}, {"id": "1893", "ano": "2022", "numero": "23", "tipo__sigla": "PLO", "tipo__descricao": "Projeto de Lei Ordin\u00e1ria", "autoria": "Sandro Daumas", "texto_original": "http://sapl.conceicaodemacabu.rj.leg.br/media/sapl/public/materialegislativa/2022/1893/plo_n_23-2022_000322-_caixas_eletronicos_adaptados.pdf", "ementa": "Disp\u00f5e sobre a obrigatoriedade de instala\u00e7\u00e3o de caixas eletr\u00f4nicos em altura compat\u00edvel para o uso por pessoas com defici\u00eancia e pessoas portadoras de nanismo, e d\u00e1 outras provid\u00eancias."}, {"id": "1895", "ano": "2022", "numero": "24", "tipo__sigla": "PLO", "tipo__descricao": "Projeto de Lei Ordin\u00e1ria", "autoria": "Prefeitura Municipal de Concei\u00e7\u00e3o de Macabu", "texto_original": "http://sapl.conceicaodemacabu.rj.leg.br/media/sapl/public/materialegislativa/2022/1895/plo_n_24-2022_-_retirado_pelo_autor_000480.pdf", "ementa": "Disp\u00f5e sobre a altera\u00e7\u00e3o do artigo terceiro da Lei municipal n\u00b0577/2003."}, {"id": "1899", "ano": "2022", "numero": "25", "tipo__sigla": "PLO", "tipo__descricao": "Projeto de Lei Ordin\u00e1ria", "autoria": "Prefeitura Municipal de Concei\u00e7\u00e3o de Macabu", "texto_original": "http://sapl.conceicaodemacabu.rj.leg.br/media/sapl/public/materialegislativa/2022/1899/plo_n_25-2022_-_ldo_000365.pdf", "ementa": "Disp\u00f5e sobre as diretrizes para elabora\u00e7\u00e3o e execu\u00e7\u00e3o da lei or\u00e7ament\u00e1ria do munic\u00edpio de Concei\u00e7\u00e3o de Macabu/RJ, para o exerc\u00edcio de 2023."}, {"id": "1908", "ano": "2022", "numero": "26", "tipo__sigla": "PLO", "tipo__descricao": "Projeto de Lei Ordin\u00e1ria", "autoria": "Dhal Ga\u00facho Tcharles Lucas", "texto_original": "http://sapl.conceicaodemacabu.rj.leg.br/media/sapl/public/materialegislativa/2022/1908/plo_n_26-2022_000316_-_organizacao_poder_legislativo.pdf", "ementa": "DISP\u00d5E SOBRE A ORGANIZA\u00c7\u00c3O DO QUADRO PERMANENTE DO PODER LEGISLATIVO DE CONCEI\u00c7\u00c3O DE MACABU."}, {"id": "1909", "ano": "2022", "numero": "27", "tipo__sigla": "PLO", "tipo__descricao": "Projeto de Lei Ordin\u00e1ria", "autoria": "Dhal Ga\u00facho Tcharles Lucas", "texto_original": "http://sapl.conceicaodemacabu.rj.leg.br/media/sapl/public/materialegislativa/2022/1909/plo_n_27-2022_085657_000315-_reforma_estrutura_da_camara.pdf", "ementa": "DISP\u00d5E SOBRE A REFORMA NA ESTRUTURA ADMINISTRATIVA DA C\u00c2MARA MUNICIPAL DE CONCEI\u00c7\u00c3O DE MACABU, E D\u00c1 OUTRAS PROVID\u00caNCIAS"}, {"id": "1915", "ano": "2022", "numero": "28", "tipo__sigla": "PLO", "tipo__descricao": "Projeto de Lei Ordin\u00e1ria", "autoria": "Prefeitura Municipal de Concei\u00e7\u00e3o de Macabu", "texto_original": "http://sapl.conceicaodemacabu.rj.leg.br/media/sapl/public/materialegislativa/2022/1915/plo_n_28-2022_000317-_abertura_de_vagas_em_cargos.pdf", "ementa": "Disp\u00f5e sobre a abertura de vagas dos cargos j\u00e1 existentes, todos provimento efetivo, para preenchimento do quadro de pessoal da administra\u00e7\u00e3o p\u00fablica municipal e d\u00e1 outra provid\u00eancias."}, {"id": "1918", "ano": "2022", "numero": "29", "tipo__sigla": "PLO", "tipo__descricao": "Projeto de Lei Ordin\u00e1ria", "autoria": "Nath\u00e1lia Braga", "texto_original": "http://sapl.conceicaodemacabu.rj.leg.br/media/sapl/public/materialegislativa/2022/1918/plo_n_29-2022_000321-_atendimento_ao_tratamento_de_cancer.pdf", "ementa": "\"AUTORIZA A CRIA\u00c7\u00c3O DO PROGRAMA MUNICIPAL N\u00daCLEO DE ATENDIMENTO AO TRATAMENTO DO C\u00c2NCER NO \u00c2MBIENTE DO MUNIC\u00cdPIO.\""}, {"id": "1919", "ano": "2022", "numero": "30", "tipo__sigla": "PLO", "tipo__descricao": "Projeto de Lei Ordin\u00e1ria", "autoria": "Nath\u00e1lia Braga", "texto_original": "http://sapl.conceicaodemacabu.rj.leg.br/media/sapl/public/materialegislativa/2022/1919/plo_n_30-2022_000326_-_movimento_saude.pdf", "ementa": "\"AUTORIZA A CRIA\u00c7\u00c3O DO PROJETO MOVIMENTO SA\u00daDE NO \u00c2MBITO DO DO MUNIC\u00cdPIO.\""}, {"id": "1920", "ano": "2022", "numero": "31", "tipo__sigla": "PLO", "tipo__descricao": "Projeto de Lei Ordin\u00e1ria", "autoria": "Nath\u00e1lia Braga", "texto_original": "http://sapl.conceicaodemacabu.rj.leg.br/media/sapl/public/materialegislativa/2022/1920/plo_n_31-2022__000356_-_movimento_saude-_retirado_pelo_autor.pdf", "ementa": "\"AUTORIZA A CRIA\u00c7\u00c3O DO PROJETO MOVIMENTO SA\u00daDE NO \u00c2MBITO DO MUNIC\u00cdPIO.\""}, {"id": "1921", "ano": "2022", "numero": "32", "tipo__sigla": "PLO", "tipo__descricao": "Projeto de Lei Ordin\u00e1ria", "autoria": "Nath\u00e1lia Braga", "texto_original": "http://sapl.conceicaodemacabu.rj.leg.br/media/sapl/public/materialegislativa/2022/1921/plo_n_32-2022_nucleo_rosa_000358.pdf", "ementa": "\"AUTORIZA A CRIA\u00c7\u00c3O DO PROGRAMA MUNICIPAL N\u00daCLEO ROSA DE ATEN\u00c7\u00c3O E ASSIST\u00caNCIA A MULHERES NO \u00c2MBITO DO MUNIC\u00cdPIO.\""}, {"id": "1932", "ano": "2022", "numero": "33", "tipo__sigla": "PLO", "tipo__descricao": "Projeto de Lei Ordin\u00e1ria", "autoria": "Prefeitura Municipal de Concei\u00e7\u00e3o de Macabu", "texto_original": "http://sapl.conceicaodemacabu.rj.leg.br/media/sapl/public/materialegislativa/2022/1932/plo_n_33-2022_-_direiros_da_crianca_000364.pdf", "ementa": "Revoga o Inciso III do artigo 6\u00b0 da lei municipal N\u00b01.702/2021."}, {"id": "1933", "ano": "2022", "numero": "34", "tipo__sigla": "PLO", "tipo__descricao": "Projeto de Lei Ordin\u00e1ria", "autoria": "Prefeitura Municipal de Concei\u00e7\u00e3o de Macabu", "texto_original": "http://sapl.conceicaodemacabu.rj.leg.br/media/sapl/public/materialegislativa/2022/1933/plo_n_34-2022_-_altera_a_lei_sobre_os_direitos_da_crianca_e_do_adolescente_000479.pdf", "ementa": "Altera artigos da lei municipal N\u00b0089/91, que disp\u00f5e sobre a pol\u00edtica municipal de atendimento dos direitos da crian\u00e7a e do adolescente, e d\u00e1 outras providencias."}, {"id": "1937", "ano": "2022", "numero": "35", "tipo__sigla": "PLO", "tipo__descricao": "Projeto de Lei Ordin\u00e1ria", "autoria": "Prefeitura Municipal de Concei\u00e7\u00e3o de Macabu", "texto_original": "http://sapl.conceicaodemacabu.rj.leg.br/media/sapl/public/materialegislativa/2022/1937/plo_n_35-2022_-_criacao_de_cargos_em_comissao_000367.pdf", "ementa": "DISP\u00d5E SOBRE A CRIA\u00c7\u00c3O DE CARGOS EM COMISS\u00c3O DIRETA DO MUNIC\u00cdPIO  DE CONCEI\u00c7\u00c3O DE MACABU E D\u00c1 OUTRAS PROVIDENCIAS."}, {"id": "1942", "ano": "2022", "numero": "36", "tipo__sigla": "PLO", "tipo__descricao": "Projeto de Lei Ordin\u00e1ria", "autoria": "Leo Gago", "texto_original": "http://sapl.conceicaodemacabu.rj.leg.br/media/sapl/public/materialegislativa/2022/1942/plo_n_36-2022_-_direitos_contidos_na_lei_n.14.191-2021._000380.pdf", "ementa": "ESTABELECE DIREITOS CONTIDOS NA LEI N\u00ba 14191/2021(Altera a Lei n\u00ba 9.394 de 20 de dezembro de 1996(Lei de Diretrizes e Bases da Educa\u00e7\u00e3o Nacional)para dispor sobre a modalidade de educa\u00e7\u00e3o bil\u00edngue de surdos).PARA SURDO-CEGOS, COM DEFICI\u00caNCIA AUDITIVA SINALIZANTES,SURDOS COM ALTAS HABILIDADES OU SUPERDOTA\u00c7\u00c3O OU COM OUTRAS DEFICI\u00caNCIAS ASSOCIADAS NO \u00c2MBITO DO MUNIC\u00cdPIO DE CONCEI\u00c7\u00c3O DE MACABU-RJ"}, {"id": "1947", "ano": "2022", "numero": "37", "tipo__sigla": "PLO", "tipo__descricao": "Projeto de Lei Ordin\u00e1ria", "autoria": "Prefeitura Municipal de Concei\u00e7\u00e3o de Macabu", "texto_original": "http://sapl.conceicaodemacabu.rj.leg.br/media/sapl/public/materialegislativa/2022/1947/plo_n_37-2022_-_altera_lei_orcamentaria_000703.pdf", "ementa": "Altera o par\u00e1grafo primeiro e segundo do artigo 4\u00b0 da Lei Municipal 1.754/2021, que estima a receita e fica a despesa do munic\u00edpio de Concei\u00e7\u00e3o de Macabu para o exerc\u00edcio de 2022."}, {"id": "1957", "ano": "2022", "numero": "38", "tipo__sigla": "PLO", "tipo__descricao": "Projeto de Lei Ordin\u00e1ria", "autoria": "Guta", "texto_original": "http://sapl.conceicaodemacabu.rj.leg.br/media/sapl/public/materialegislativa/2022/1957/plo_n_38-2022_-_tribuna_000373.pdf", "ementa": "Fica a utiliza\u00e7\u00e3o da tribuna exclusiva aos vereadores em exerc\u00edcio de mandato."}, {"id": "1977", "ano": "2022", "numero": "39", "tipo__sigla": "PLO", "tipo__descricao": "Projeto de Lei Ordin\u00e1ria", "autoria": "Prefeitura Municipal de Concei\u00e7\u00e3o de Macabu", "texto_original": "http://sapl.conceicaodemacabu.rj.leg.br/media/sapl/public/materialegislativa/2022/1977/plo_n_39-2022_-_altera_a_lei_1729-2021_000374.pdf", "ementa": "Altera a Lei n\u00ba 1729/2021 que disp\u00f5e sobre o Plano Plurianual para o per\u00edodo de 2022 a 2025,alterar a Lei Municipal  n\u00ba 1718/2021 que disp\u00f5e sobre as diretrizes para a elabora\u00e7\u00e3o da Lei Or\u00e7ament\u00e1ria de 2022 e abrir Cr\u00e9dito Especial no Or\u00e7amento do exerc\u00edcio financeiro de 2022."}, {"id": "1987", "ano": "2022", "numero": "40", "tipo__sigla": "PLO", "tipo__descricao": "Projeto de Lei Ordin\u00e1ria", "autoria": "Prefeitura Municipal de Concei\u00e7\u00e3o de Macabu", "texto_original": "http://sapl.conceicaodemacabu.rj.leg.br/media/sapl/public/materialegislativa/2022/1987/plo_n_40-2022_-_gratificacao_membro_de_comissao_000363.pdf", "ementa": "Gratifica\u00e7\u00e3o para membro de Comiss\u00e3o Permanente de Promo\u00e7\u00e3o por Merecimento"}, {"id": "1988", "ano": "2022", "numero": "41", "tipo__sigla": "PLO", "tipo__descricao": "Projeto de Lei Ordin\u00e1ria", "autoria": "Prefeitura Municipal de Concei\u00e7\u00e3o de Macabu", "texto_original": "http://sapl.conceicaodemacabu.rj.leg.br/media/sapl/public/materialegislativa/2022/1988/plo_n_41-2022_-_removido_pelo_autor_000368.pdf", "ementa": "Altera o artigo 3\u00ba da Lei1.329/2014 (com reda\u00e7\u00e3o dada pela Lei 1.521/18) e d\u00e1 outras provid\u00eancias."}, {"id": "1992", "ano": "2022", "numero": "42", "tipo__sigla": "PLO", "tipo__descricao": "Projeto de Lei Ordin\u00e1ria", "autoria": "Nath\u00e1lia Braga", "texto_original": "http://sapl.conceicaodemacabu.rj.leg.br/media/sapl/public/materialegislativa/2022/1992/plo_n_42-2022_-_atendimento_pediatrico_nas_creches_000383.pdf", "ementa": "\"Institui o Programa de Atendimento Pedi\u00e1trico nas Creches do munic\u00edpio.\""}, {"id": "1993", "ano": "2022", "numero": "43", "tipo__sigla": "PLO", "tipo__descricao": "Projeto de Lei Ordin\u00e1ria", "autoria": "Lucas Madureira", "texto_original": "http://sapl.conceicaodemacabu.rj.leg.br/media/sapl/public/materialegislativa/2022/1993/plo_n_43-2022_-_estabelece_diretrizes_para_aberturaa_de_credito_000482.pdf", "ementa": "Estabelece diretrizes para as exposi\u00e7\u00f5es justificativas de aberturas de cr\u00e9dito suplementares e especiais pelo poder executivo no \u00e2mbito do munic\u00edpio de Concei\u00e7\u00e3o de Macabu-RJ."}, {"id": "2001", "ano": "2022", "numero": "44", "tipo__sigla": "PLO", "tipo__descricao": "Projeto de Lei Ordin\u00e1ria", "autoria": "Leo Gago", "texto_original": "http://sapl.conceicaodemacabu.rj.leg.br/media/sapl/public/materialegislativa/2022/2001/plo_n_44-2022_-_instalacao_de_cameras_nas_escolas_000444.pdf", "ementa": "EMENTA DISP\u00d5E SOBRE A INSTALA\u00c7\u00c3O DE C\u00c2MERAS DE MONITORAMENTO DE SEGURAN\u00c7A NA ESCOLAS P\u00daBLICAS MUNICIPAIS E CERCANIAS NO \u00c2MBITO DO MUNIC\u00cdPIO DE CONCEI\u00c7\u00c3O DE MACABU."}, {"id": "2012", "ano": "2022", "numero": "45", "tipo__sigla": "PLO", "tipo__descricao": "Projeto de Lei Ordin\u00e1ria", "autoria": "Prefeitura Municipal de Concei\u00e7\u00e3o de Macabu", "texto_original": "http://sapl.conceicaodemacabu.rj.leg.br/media/sapl/public/materialegislativa/2022/2012/plo_n_45-2022_-_reajuste_da_classe_h-_agentes.pdf", "ementa": "Altera os vencimentos da \"classe H\", no plano de cargos, carreiras e sal\u00e1rios da administra\u00e7\u00e3o direta e indireta do munic\u00edpio de Concei\u00e7\u00e3o de Macabu, Lei n\u00b01554/2018 e suas altera\u00e7\u00f5es\"."}, {"id": "2007", "ano": "2022", "numero": "46", "tipo__sigla": "PLO", "tipo__descricao": "Projeto de Lei Ordin\u00e1ria", "autoria": "Prefeitura Municipal de Concei\u00e7\u00e3o de Macabu", "texto_original": "http://sapl.conceicaodemacabu.rj.leg.br/media/sapl/public/materialegislativa/2022/2007/plo_n_46-2022_-_altera_artigo_abre_vaga_000393.pdf", "ementa": "Altera o art. 3\u00b0 da Lei n\u00b01.329/2014 (com reda\u00e7\u00e3o dada pela Lei n\u00b01.521/18) e d\u00e1 outras provid\u00eancias."}, {"id": "2008", "ano": "2022", "numero": "47", "tipo__sigla": "PLO", "tipo__descricao": "Projeto de Lei Ordin\u00e1ria", "autoria": "Prefeitura Municipal de Concei\u00e7\u00e3o de Macabu", "texto_original": "http://sapl.conceicaodemacabu.rj.leg.br/media/sapl/public/materialegislativa/2022/2008/plo_n_47-2022_-_5g_000485.pdf", "ementa": "Disp\u00f5e sobre normas para a implanta\u00e7\u00e3o e compartilhamento de infraestrutura de suporte e de telecomunica\u00e7\u00f5es. (\"5G\")"}, {"id": "2009", "ano": "2022", "numero": "48", "tipo__sigla": "PLO", "tipo__descricao": "Projeto de Lei Ordin\u00e1ria", "autoria": "Prefeitura Municipal de Concei\u00e7\u00e3o de Macabu", "texto_original": "http://sapl.conceicaodemacabu.rj.leg.br/media/sapl/public/materialegislativa/2022/2009/plo_n_48-2022_abre_vaga_para_analista_000391.pdf", "ementa": "Disp\u00f5e sobre a abertura de vaga de cargo j\u00e1 existente e de provimento efetivo, para preenchimento do quadro de pessoal da administra\u00e7\u00e3o p\u00fablica municipal e d\u00e1 outras provid\u00eancias."}, {"id": "2029", "ano": "2022", "numero": "49", "tipo__sigla": "PLO", "tipo__descricao": "Projeto de Lei Ordin\u00e1ria", "autoria": "Nath\u00e1lia Braga", "texto_original": "http://sapl.conceicaodemacabu.rj.leg.br/media/sapl/public/materialegislativa/2022/2029/plo_n_49-2022_-_coleta_de_lixo_-_retirado_pela_autora_000501.pdf", "ementa": "Institui a campanha permanente de orienta\u00e7\u00e3o e conscientiza\u00e7\u00e3o para coleta de lixo e d\u00e1 outras provid\u00eancias."}, {"id": "2050", "ano": "2022", "numero": "50", "tipo__sigla": "PLO", "tipo__descricao": "Projeto de Lei Ordin\u00e1ria", "autoria": "Ga\u00facho", "texto_original": "http://sapl.conceicaodemacabu.rj.leg.br/media/sapl/public/materialegislativa/2022/2050/plo_n_50-2022_-_tea_alimentacao_000460.pdf", "ementa": "Estabelece a possibilidade das crian\u00e7as com Transtorno do Especto Autista  - TEA levarem sua pr\u00f3pria alimenta\u00e7\u00e3o escolar no \u00e2mbito do Munic\u00edpio de Concei\u00e7\u00e3o de Macabu - RJ"}, {"id": "2056", "ano": "2022", "numero": "51", "tipo__sigla": "PLO", "tipo__descricao": "Projeto de Lei Ordin\u00e1ria", "autoria": "Dhal", "texto_original": "http://sapl.conceicaodemacabu.rj.leg.br/media/sapl/public/materialegislativa/2022/2056/plo_n_51-2022_-_caminhada_da_familia_000462.pdf", "ementa": "Institui a Caminhada da Fam\u00edlia no Munic\u00edpio de Concei\u00e7\u00e3o de Macabu/RJ"}, {"id": "2057", "ano": "2022", "numero": "52", "tipo__sigla": "PLO", "tipo__descricao": "Projeto de Lei Ordin\u00e1ria", "autoria": "Dhal", "texto_original": "http://sapl.conceicaodemacabu.rj.leg.br/media/sapl/public/materialegislativa/2022/2057/plo_n_52-2022_-_vereador_idoso_000463.pdf", "ementa": "Disp\u00f5e sobre instituir o Projeto \"Vereador Idoso por um dia\" a ser realizado no \u00e2mbito do munic\u00edpio de Concei\u00e7\u00e3o de Macabu/RJ, estabelece normas para sua realiza\u00e7\u00e3o e da outras provid\u00eancias."}, {"id": "2060", "ano": "2022", "numero": "53", "tipo__sigla": "PLO", "tipo__descricao": "Projeto de Lei Ordin\u00e1ria", "autoria": "Prefeitura Municipal de Concei\u00e7\u00e3o de Macabu", "texto_original": "http://sapl.conceicaodemacabu.rj.leg.br/media/sapl/public/materialegislativa/2022/2060/plo_n53-2022_-_aumento_classe_e1_000406.pdf", "ementa": "Disp\u00f5e sobre a altera\u00e7\u00e3o do inciso II do artigo 3\u00b0 da Lei n\u00b01755 de 20 de janeiro de 2022, alterado pela Lei 1.768/2022, em que concede revis\u00e3o geral da remunera\u00e7\u00e3o aos servidores municipais de Concei\u00e7\u00e3o de Macabu."}, {"id": "2063", "ano": "2022", "numero": "54", "tipo__sigla": "PLO", "tipo__descricao": "Projeto de Lei Ordin\u00e1ria", "autoria": "Lucas Madureira", "texto_original": "http://sapl.conceicaodemacabu.rj.leg.br/media/sapl/public/materialegislativa/2022/2063/plo_n_54-2022_-_altera_lei_n1.781-2022_000459.pdf", "ementa": "Altera o artigo 7\u00ba  e seu par\u00e1grafo \u00fanico da Lei n.\u00ba 1.781/2022"}, {"id": "2094", "ano": "2022", "numero": "55", "tipo__sigla": "PLO", "tipo__descricao": "Projeto de Lei Ordin\u00e1ria", "autoria": "Prefeitura Municipal de Concei\u00e7\u00e3o de Macabu", "texto_original": "http://sapl.conceicaodemacabu.rj.leg.br/media/sapl/public/materialegislativa/2022/2094/plo_55.pdf", "ementa": "Estima receita e fixa despesa do Munic\u00edpio de Concei\u00e7\u00e3o de Macabu para o exerc\u00edcio financeiro de 2023"}, {"id": "2102", "ano": "2022", "numero": "56", "tipo__sigla": "PLO", "tipo__descricao": "Projeto de Lei Ordin\u00e1ria", "autoria": "Nath\u00e1lia Braga", "texto_original": "http://sapl.conceicaodemacabu.rj.leg.br/media/sapl/public/materialegislativa/2022/2102/plo_n_56-2022_-_revoga_art_2_da_lei_1728-2022_000465.pdf", "ementa": "Revoga o par\u00e1grafo \u00fanico do artigo 2\u00ba da Lei 1.728/2021"}, {"id": "2104", "ano": "2022", "numero": "57", "tipo__sigla": "PLO", "tipo__descricao": "Projeto de Lei Ordin\u00e1ria", "autoria": "Sandro Daumas", "texto_original": "http://sapl.conceicaodemacabu.rj.leg.br/media/sapl/public/materialegislativa/2022/2104/plo_n_57-2022_-_laudo_tea__000477.pdf", "ementa": "Disp\u00f5e sobre o car\u00e1ter permanente do laudo que diagnostique o Transtorno do Espectro Autista - TEA e da S\u00edndrome de Down e d\u00e1 outras provid\u00eancias."}, {"id": "2105", "ano": "2022", "numero": "58", "tipo__sigla": "PLO", "tipo__descricao": "Projeto de Lei Ordin\u00e1ria", "autoria": "Sandro Daumas", "texto_original": "http://sapl.conceicaodemacabu.rj.leg.br/media/sapl/public/materialegislativa/2022/2105/plo_58-2022.pdf", "ementa": "Institui a pol\u00edtica de combate ao abandono e evas\u00e3o escolar."}, {"id": "2111", "ano": "2022", "numero": "59", "tipo__sigla": "PLO", "tipo__descricao": "Projeto de Lei Ordin\u00e1ria", "autoria": "Sandro Daumas", "texto_original": "http://sapl.conceicaodemacabu.rj.leg.br/media/sapl/public/materialegislativa/2022/2111/plo_n_59-2022_-_isonomia_homens_e_mulheres_nas_competicoes_000470.pdf", "ementa": "Disp\u00f5e sobre a isonomia das premia\u00e7\u00f5es para atletas homens e mulheres nas competi\u00e7\u00f5es esportivas financiadas por recursos p\u00fablicos do munic\u00edpio"}, {"id": "2112", "ano": "2022", "numero": "60", "tipo__sigla": "PLO", "tipo__descricao": "Projeto de Lei Ordin\u00e1ria", "autoria": "Sandro Daumas", "texto_original": "http://sapl.conceicaodemacabu.rj.leg.br/media/sapl/public/materialegislativa/2022/2112/plo_n_60-2022_-_empresa_amiga_da_educacao_000495.pdf", "ementa": "Institui o Selo Empresa Amiga da Educa\u00e7\u00e3o"}, {"id": "2113", "ano": "2022", "numero": "61", "tipo__sigla": "PLO", "tipo__descricao": "Projeto de Lei Ordin\u00e1ria", "autoria": "Sandro Daumas", "texto_original": "http://sapl.conceicaodemacabu.rj.leg.br/media/sapl/public/materialegislativa/2022/2113/plo_n_61-2022_-_vereador_mirim_000483.pdf", "ementa": "Institui o Programa Vereador Mirim no \u00e2mbito do Poder Legislativo"}, {"id": "2114", "ano": "2022", "numero": "62", "tipo__sigla": "PLO", "tipo__descricao": "Projeto de Lei Ordin\u00e1ria", "autoria": "Sandro Daumas", "texto_original": "http://sapl.conceicaodemacabu.rj.leg.br/media/sapl/public/materialegislativa/2022/2114/plo_n_62-2022__-_adote_uma_praca_000505.pdf", "ementa": "Institui o programa \"Adote uma Pra\u00e7a\" no munic\u00edpio de Concei\u00e7\u00e3o de Macabu-RJ."}, {"id": "2127", "ano": "2022", "numero": "63", "tipo__sigla": "PLO", "tipo__descricao": "Projeto de Lei Ordin\u00e1ria", "autoria": "Nath\u00e1lia Braga", "texto_original": "http://sapl.conceicaodemacabu.rj.leg.br/media/sapl/public/materialegislativa/2022/2127/plo_n_63-2022_-_programa_jovem_aprendiz_000492.pdf", "ementa": "Autoriza a institui\u00e7\u00e3o do Programa Jovem Aprendiz no \u00e2mbito da Administra\u00e7\u00e3o P\u00fablica Municipal  na forma que especifica e d\u00e1 outras provid\u00eancias."}, {"id": "2128", "ano": "2022", "numero": "64", "tipo__sigla": "PLO", "tipo__descricao": "Projeto de Lei Ordin\u00e1ria", "autoria": "Sandro Daumas", "texto_original": "http://sapl.conceicaodemacabu.rj.leg.br/media/sapl/public/materialegislativa/2022/2128/plo_n_64-2022_-_criacao_e_implementacao_do_cejaa_000476.pdf", "ementa": "Disp\u00f5e sobre a cria\u00e7\u00e3o e implanta\u00e7\u00e3o do CEJAA-CENTRO especializado de jovens e adultos autistas do Munic\u00edpio de Concei\u00e7\u00e3o de Macabu-RJ."}, {"id": "2132", "ano": "2022", "numero": "65", "tipo__sigla": "PLO", "tipo__descricao": "Projeto de Lei Ordin\u00e1ria", "autoria": "Prefeitura Municipal de Concei\u00e7\u00e3o de Macabu", "texto_original": "http://sapl.conceicaodemacabu.rj.leg.br/media/sapl/public/materialegislativa/2022/2132/plo_n_65-2022_-_normatiza_a_diferenca_entre_niveis_000481.pdf", "ementa": "Inclui o par\u00e1grafo 4\u00ba ao art. 8\u00ba, da Lei Municipal n.\u00ba 1.554/2018, que disp\u00f5e sobre o Plano de Cargos, Carreiras e Sal\u00e1rios da Administra\u00e7\u00e3o Direta e Indireta do Munic\u00edpio  de Concei\u00e7\u00e3o de Macabu, e suas altera\u00e7\u00e3o"}, {"id": "2133", "ano": "2022", "numero": "66", "tipo__sigla": "PLO", "tipo__descricao": "Projeto de Lei Ordin\u00e1ria", "autoria": "Sandro Daumas", "texto_original": "http://sapl.conceicaodemacabu.rj.leg.br/media/sapl/public/materialegislativa/2022/2133/plo_n_66-2022_-_priorizacao_dos_estudantes_com_tea_000494.pdf", "ementa": "Disp\u00f5e sobre a prioriza\u00e7\u00e3o aos estudantes com Transtorno do Espectro do Autismo (TEA) nas escolas do munic\u00edpio de Concei\u00e7\u00e3o de Macabu/RJ."}, {"id": "2134", "ano": "2022", "numero": "67", "tipo__sigla": "PLO", "tipo__descricao": "Projeto de Lei Ordin\u00e1ria", "autoria": "Nath\u00e1lia Braga", "texto_original": "http://sapl.conceicaodemacabu.rj.leg.br/media/sapl/public/materialegislativa/2022/2134/plo_n_67-2022_-_dia_do_ciclista_000472.pdf", "ementa": "Institui o dia municipal do Ciclista e d\u00e1 outras provid\u00eancias."}, {"id": "2139", "ano": "2022", "numero": "68", "tipo__sigla": "PLO", "tipo__descricao": "Projeto de Lei Ordin\u00e1ria", "autoria": "Prefeitura Municipal de Concei\u00e7\u00e3o de Macabu", "texto_original": "http://sapl.conceicaodemacabu.rj.leg.br/media/sapl/public/materialegislativa/2022/2139/plo_n_68-2022_-_altera_o_prazo_para_vigorar_a_lei_1.798-2022.pdf", "ementa": "Altera o artigo 3\u00b0 da Lei municipal n\u00b01.798/2022."}, {"id": "2141", "ano": "2022", "numero": "69", "tipo__sigla": "PLO", "tipo__descricao": "Projeto de Lei Ordin\u00e1ria", "autoria": "Leo Gago", "texto_original": "http://sapl.conceicaodemacabu.rj.leg.br/media/sapl/public/materialegislativa/2022/2141/plo_n_69-2022__-_direito_da_mulher_de_ter_acompanhante_000507.pdf", "ementa": "Disp\u00f5e sobre o direito da mulher de ter acompanhamento nas consultas e exames, inclusive ginecol\u00f3gicos, nos estabelecimentos p\u00fablicos e privados de sa\u00fade, no \u00e2mbito do munic\u00edpio de Concei\u00e7\u00e3o de Macabu/RJ."}, {"id": "2144", "ano": "2022", "numero": "70", "tipo__sigla": "PLO", "tipo__descricao": "Projeto de Lei Ordin\u00e1ria", "autoria": "Sandro Daumas", "texto_original": "http://sapl.conceicaodemacabu.rj.leg.br/media/sapl/public/materialegislativa/2022/2144/plo_n_70-2022_-_obrigatoriedade_de_notificar_o_conselho_tutelar_000496.pdf", "ementa": "Estabelece a obrigatoriedade de notifica\u00e7\u00e3o ao Conselho Tutelar, pela dire\u00e7\u00e3o das escolas da rede municipal de ensino, dos alunos que apresentem aus\u00eancia \u00e0s aulas acima de trinta por cento do percentual mensal no \u00e2mbito do munic\u00edpio de Concei\u00e7\u00e3o de Macabu."}, {"id": "2145", "ano": "2022", "numero": "71", "tipo__sigla": "PLO", "tipo__descricao": "Projeto de Lei Ordin\u00e1ria", "autoria": "Sandro Daumas", "texto_original": "http://sapl.conceicaodemacabu.rj.leg.br/media/sapl/public/materialegislativa/2022/2145/plo_n_71-2022__-_veda_circulacao_de_caes_de_medio_grande_e_gigante_porte_000504.pdf", "ementa": "Veda a circula\u00e7\u00e3o de c\u00e3es de m\u00e9dio, grande e gigante porte, sem coleira, guia curta de condu\u00e7\u00e3o e focinheira, em locais p\u00fablicos e com grande circula\u00e7\u00e3o de pessoas no \u00e2mbito do munic\u00edpio de Concei\u00e7\u00e3o de Macabu/RJ"}, {"id": "2146", "ano": "2022", "numero": "72", "tipo__sigla": "PLO", "tipo__descricao": "Projeto de Lei Ordin\u00e1ria", "autoria": "Dhal", "texto_original": "http://sapl.conceicaodemacabu.rj.leg.br/media/sapl/public/materialegislativa/2022/2146/plo_n_72-2022_-_semana_de_prevencao_das_doencas_do_coracao_000484.pdf", "ementa": "Disp\u00f5e sobre instituir o projeto \"Semana da preven\u00e7\u00e3o das doen\u00e7as do cora\u00e7\u00e3o\" no munic\u00edpio de Concei\u00e7\u00e3o de Macabu e d\u00e1 outras provid\u00eancias."}, {"id": "2148", "ano": "2022", "numero": "73", "tipo__sigla": "PLO", "tipo__descricao": "Projeto de Lei Ordin\u00e1ria", "autoria": "Prefeitura Municipal de Concei\u00e7\u00e3o de Macabu", "texto_original": "http://sapl.conceicaodemacabu.rj.leg.br/media/sapl/public/materialegislativa/2022/2148/plo_n_73-2022__-_reajuste_no_cartao_alimentacao_000508.pdf", "ementa": "Concede reajuste ao Cart\u00e3o Alimenta\u00e7\u00e3o, inclui todos os Servidores P\u00fablicos Ativos do Munic\u00edpio de Concei\u00e7\u00e3o de Macabu como benefici\u00e1rios e d\u00e1 outras provid\u00eancias"}, {"id": "2157", "ano": "2022", "numero": "74", "tipo__sigla": "PLO", "tipo__descricao": "Projeto de Lei Ordin\u00e1ria", "autoria": "Prefeitura Municipal de Concei\u00e7\u00e3o de Macabu", "texto_original": "http://sapl.conceicaodemacabu.rj.leg.br/media/sapl/public/materialegislativa/2022/2157/plo_n_74-2022_-_alteracao_de_nomenclatura_e_simbologia_de_cargos_na_secretaria_de_fazenda_000493.pdf", "ementa": "Disp\u00f5e sobre a altera\u00e7\u00e3o de nomenclatura e simbologia de cargos em comiss\u00e3o da administra\u00e7\u00e3o direta do munic\u00edpio de Concei\u00e7\u00e3o de Macabu e d\u00e1 outras provid\u00eancias."}, {"id": "2165", "ano": "2022", "numero": "75", "tipo__sigla": "PLO", "tipo__descricao": "Projeto de Lei Ordin\u00e1ria", "autoria": "Prefeitura Municipal de Concei\u00e7\u00e3o de Macabu", "texto_original": "http://sapl.conceicaodemacabu.rj.leg.br/media/sapl/public/materialegislativa/2022/2165/plo_n_75-2022_-_institui_a_politica_de_incentivo_a_producao_de_cafe_000491.pdf", "ementa": "Institui a Pol\u00edtica Municipal de Incentivo a Produ\u00e7\u00e3o de Caf\u00e9 Conilon."}, {"id": "2169", "ano": "2022", "numero": "76", "tipo__sigla": "PLO", "tipo__descricao": "Projeto de Lei Ordin\u00e1ria", "autoria": "Leo Gago", "texto_original": "http://sapl.conceicaodemacabu.rj.leg.br/media/sapl/public/materialegislativa/2022/2169/plo_n_76-2022.pdf", "ementa": "Institui e inclui no Calend\u00e1rio Oficial de Eventos do Munic\u00edpio de Concei\u00e7\u00e3o de Macabu a \"Semana Municipal de Conscientiza\u00e7\u00e3o da Depress\u00e3o na Inf\u00e2ncia e Adolesc\u00eancia\", a ser promovida anualmente no m\u00eas de setembro\""}, {"id": "2174", "ano": "2022", "numero": "77", "tipo__sigla": "PLO", "tipo__descricao": "Projeto de Lei Ordin\u00e1ria", "autoria": "Coutinho", "texto_original": "http://sapl.conceicaodemacabu.rj.leg.br/media/sapl/public/materialegislativa/2022/2174/plo_n_77-2022_-_semana_municipal_de_acao_de_gracas_000597.pdf", "ementa": "Inclui no calend\u00e1rio oficial do munic\u00edpio a semana municipal de a\u00e7\u00e3o de gra\u00e7as."}, {"id": "2175", "ano": "2022", "numero": "78", "tipo__sigla": "PLO", "tipo__descricao": "Projeto de Lei Ordin\u00e1ria", "autoria": "Coutinho", "texto_original": "http://sapl.conceicaodemacabu.rj.leg.br/media/sapl/public/materialegislativa/2022/2175/plo_78-2022_-_emissao_de_diplomas_em_braile_para_os_alunos_com_deficiencia_visual_.pdf", "ementa": "Disp\u00f5e sobre a obrigatoriedade da emiss\u00e3o de diplomas em braile para os alunos com defici\u00eancia visual incapacitados de enxergar de outra forma, nas institui\u00e7\u00f5es p\u00fablicas e privadas de ensino \u00e2mbito do munic\u00edpio de Concei\u00e7\u00e3o de Macabu-RJ."}, {"id": "2189", "ano": "2022", "numero": "79", "tipo__sigla": "PLO", "tipo__descricao": "Projeto de Lei Ordin\u00e1ria", "autoria": "Dhal", "texto_original": "http://sapl.conceicaodemacabu.rj.leg.br/media/sapl/public/materialegislativa/2022/2189/plo_n_79-2022_-_publicacao_na_internet_de_lista_de_espera_000595.pdf", "ementa": "Disp\u00f5e sobre a publica\u00e7\u00e3o, na internet, da lista de espera dos pacientes que aguardam por consultas (discriminadas por especialidade) , exames e interven\u00e7\u00f5es cir\u00fargicas e outros procedimentos nos estabelecimentos da rede p\u00fablica de sa\u00fade do munic\u00edpio, e d\u00e1 outras provid\u00eancias."}, {"id": "2195", "ano": "2022", "numero": "80", "tipo__sigla": "PLO", "tipo__descricao": "Projeto de Lei Ordin\u00e1ria", "autoria": "Prefeitura Municipal de Concei\u00e7\u00e3o de Macabu", "texto_original": "http://sapl.conceicaodemacabu.rj.leg.br/media/sapl/public/materialegislativa/2022/2195/plo_n_80-2022_-_altera_lei_1732-2021_regime_de_pequenas_despesas_000662.pdf", "ementa": "Altera o inciso VII e inclui par\u00e1grafo \u00fanico, ambos do artigo 29 da Lei n\u00b01732, que disp\u00f5e sobre a forma de pagamento pelo regime de adiantamento para cobertura de pequenas despesas."}, {"id": "2196", "ano": "2022", "numero": "81", "tipo__sigla": "PLO", "tipo__descricao": "Projeto de Lei Ordin\u00e1ria", "autoria": "Prefeitura Municipal de Concei\u00e7\u00e3o de Macabu", "texto_original": "http://sapl.conceicaodemacabu.rj.leg.br/media/sapl/public/materialegislativa/2022/2196/plo_n_81-2022_-_repasses_a_assistencia_social_asilo_santo_antonio_000626.pdf", "ementa": "Disp\u00f5e sobre autoriza\u00e7\u00e3o de repasses oriundos de Emenda Parlamentar, atrav\u00e9s do fundo municipal de assist\u00eancia social, \u00e0 assist\u00eancia social asilo Santo Ant\u00f4nio de Concei\u00e7\u00e3o de Macabu, ILPI particular, sem fins lucrativos."}, {"id": "2197", "ano": "2022", "numero": "82", "tipo__sigla": "PLO", "tipo__descricao": "Projeto de Lei Ordin\u00e1ria", "autoria": "Prefeitura Municipal de Concei\u00e7\u00e3o de Macabu", "texto_original": "http://sapl.conceicaodemacabu.rj.leg.br/media/sapl/public/materialegislativa/2022/2197/plo_n_82-2022_-_adicional_procuradores_000661.pdf", "ementa": "Altera o art. 63 e acrescenta os arts. 106-A e 107-A na Lei Municipal n\u00ba 1.612/2019, que institui o Estatuto dos Servidores P\u00fablicos do Munic\u00edpio de Concei\u00e7\u00e3o de Macabu e d\u00e1 outras provid\u00eancias, e altera o art. 27, caput e par\u00e1grafo \u00fanico, da Lei Municipal n\u00ba 1.554/2018, que disp\u00f5e sobre o Plano de Cargos, Carreiras e Sal\u00e1rios da Administra\u00e7\u00e3o Direta e Indireta do Poder Executivo Municipal e d\u00e1 outras provid\u00eancias, para incluir o cargo de Procurador dentre aqueles que exercem atividade exclusiva de Estado."}, {"id": "2202", "ano": "2022", "numero": "83", "tipo__sigla": "PLO", "tipo__descricao": "Projeto de Lei Ordin\u00e1ria", "autoria": "Lucas Madureira, Ga\u00facho, Guta, Nath\u00e1lia Braga", "texto_original": "http://sapl.conceicaodemacabu.rj.leg.br/media/sapl/public/materialegislativa/2022/2202/plo_n_83-2022_-_altera_lei_de_circulacao_de_caes_000598.pdf", "ementa": "Altera o art. 1\u00ba, cria  \u00a7 1\u00ba e 2\u00ba do mesmo artigo e revoga o artigo 2\u00ba e \u00a7 1\u00ba do art. 4\u00ba, da lei 1821/2022 (Lei da focinheira)."}, {"id": "2206", "ano": "2022", "numero": "84", "tipo__sigla": "PLO", "tipo__descricao": "Projeto de Lei Ordin\u00e1ria", "autoria": "Prefeitura Municipal de Concei\u00e7\u00e3o de Macabu", "texto_original": "http://sapl.conceicaodemacabu.rj.leg.br/media/sapl/public/materialegislativa/2022/2206/plo_n_84-2022_-_abono_executivo_000599.pdf", "ementa": "Disp\u00f5e sobre o pagamento de adicional extraordin\u00e1rio aos servidores p\u00fablicos efetivos, comissionados e conselheiros tutelares ativos da Administra\u00e7\u00e3o P\u00fablica Direta e Indireta do Poder Executivo do Munic\u00edpio de Concei\u00e7\u00e3o de Macabu, e d\u00e1 outras provid\u00eancias."}, {"id": "2208", "ano": "2022", "numero": "85", "tipo__sigla": "PLO", "tipo__descricao": "Projeto de Lei Ordin\u00e1ria", "autoria": "Prefeitura Municipal de Concei\u00e7\u00e3o de Macabu", "texto_original": "http://sapl.conceicaodemacabu.rj.leg.br/media/sapl/public/materialegislativa/2022/2208/plo_n_85-2022_-_concessao_de_auxilio_alimentacao_ao_ipascom_000658.pdf", "ementa": "Disp\u00f5e sobre a concess\u00e3o de aux\u00edlio alimenta\u00e7\u00e3o aos servidores ativos do IPASCOM - Instituto de Previd\u00eancia e Assist\u00eancia dos servidores do munic\u00edpio de Concei\u00e7\u00e3o de Macabu, com cargo em provimento efetivo e cargo em provimento em comiss\u00e3o."}, {"id": "2210", "ano": "2022", "numero": "86", "tipo__sigla": "PLO", "tipo__descricao": "Projeto de Lei Ordin\u00e1ria", "autoria": "Dhal Ga\u00facho Tcharles Lucas", "texto_original": "http://sapl.conceicaodemacabu.rj.leg.br/media/sapl/public/materialegislativa/2022/2210/plo_n_86-2022_-_abono_legislativo_000663.pdf", "ementa": "Concede abono natalino, no m\u00eas de dezembro de 2022, aos servidores da C\u00e2mara Municipal de Concei\u00e7\u00e3o de Macabu"}, {"id": "2211", "ano": "2022", "numero": "87", "tipo__sigla": "PLO", "tipo__descricao": "Projeto de Lei Ordin\u00e1ria", "autoria": "Prefeitura Municipal de Concei\u00e7\u00e3o de Macabu", "texto_original": "http://sapl.conceicaodemacabu.rj.leg.br/media/sapl/public/materialegislativa/2022/2211/plo_n_87-2022_-_conselho_municipal_de_meio_ambiente_000563.pdf", "ementa": "Disp\u00f5e sobre a cria\u00e7\u00e3o do Conselho Municipal de Meio Ambiente e d\u00e1 outras provid\u00eancias."}, {"id": "2218", "ano": "2022", "numero": "88", "tipo__sigla": "PLO", "tipo__descricao": "Projeto de Lei Ordin\u00e1ria", "autoria": "Prefeitura Municipal de Concei\u00e7\u00e3o de Macabu", "texto_original": "http://sapl.conceicaodemacabu.rj.leg.br/media/sapl/public/materialegislativa/2022/2218/plo_n_88-2022_-_adicional_para_defesa_civil_000659.pdf", "ementa": "Acrescenta o cargo de agente de Defesa Civil, ao par\u00e1grafo \u00fanico do art.27, da Lei Municipal n\u00b01.554/2018, que disp\u00f5e sobre o plano de cargos, carreiras e sal\u00e1rios da administra\u00e7\u00e3o direta e indireta do Poder Executivo municipal e d\u00e1 outras provid\u00eancias, dentre aqueles que exercem atividade exclusiva de estado."}, {"id": "2213", "ano": "2022", "numero": "89", "tipo__sigla": "PLO", "tipo__descricao": "Projeto de Lei Ordin\u00e1ria", "autoria": "Prefeitura Municipal de Concei\u00e7\u00e3o de Macabu", "texto_original": "http://sapl.conceicaodemacabu.rj.leg.br/media/sapl/public/materialegislativa/2022/2213/plo_n_89-2022_-_abertura_de_vagas_no_concurso_vigente_000657.pdf", "ementa": "Disp\u00f5e sobre a abertura de vagas dos cargos j\u00e1 existentes, todos de provimento efetivo, para preenchimento do quadro de pessoal da administra\u00e7\u00e3o p\u00fablica municipal e d\u00e1 outras provid\u00eancias."}, {"id": "2214", "ano": "2022", "numero": "90", "tipo__sigla": "PLO", "tipo__descricao": "Projeto de Lei Ordin\u00e1ria", "autoria": "Prefeitura Municipal de Concei\u00e7\u00e3o de Macabu", "texto_original": "http://sapl.conceicaodemacabu.rj.leg.br/media/sapl/public/materialegislativa/2022/2214/plo_90-2022.pdf", "ementa": "Regulariza o processo de contrata\u00e7\u00e3o atrav\u00e9s de processo seletivo simplificado dos cargos de Visitador, Supervisor e Coordenador do Programa Crian\u00e7a Feliz e d\u00e1 outras provid\u00eancias."}, {"id": "2215", "ano": "2022", "numero": "91", "tipo__sigla": "PLO", "tipo__descricao": "Projeto de Lei Ordin\u00e1ria", "autoria": "Prefeitura Municipal de Concei\u00e7\u00e3o de Macabu", "texto_original": "http://sapl.conceicaodemacabu.rj.leg.br/media/sapl/public/materialegislativa/2022/2215/plo_91-2022.pdf", "ementa": "Regulariza o processo de contrata\u00e7\u00e3o atrav\u00e9s de processo seletivo simplificado de entrevistador do cadastro \u00fanico para o programa \"Aux\u00edlio Brasil\" e d\u00e1 outras outras provid\u00eancias."}, {"id": "2216", "ano": "2022", "numero": "92", "tipo__sigla": "PLO", "tipo__descricao": "Projeto de Lei Ordin\u00e1ria", "autoria": "Prefeitura Municipal de Concei\u00e7\u00e3o de Macabu", "texto_original": "http://sapl.conceicaodemacabu.rj.leg.br/media/sapl/public/materialegislativa/2022/2216/plo_n_92-2022_-_cargo_pedagogo_000664.pdf", "ementa": "Inclui e altera artigos, par\u00e1grafos, incisos e anexos da Lei Municipal n\u00ba 1.554 de 05/12/2018, que trata do plano de cargos, carreiras e sal\u00e1rios da administra\u00e7\u00e3o direta e indireta do Munic\u00edpio de Concei\u00e7\u00e3o de Macabu (Disp\u00f5e sobre cargo de Pedagogo)."}, {"id": "2217", "ano": "2022", "numero": "93", "tipo__sigla": "PLO", "tipo__descricao": "Projeto de Lei Ordin\u00e1ria", "autoria": "Prefeitura Municipal de Concei\u00e7\u00e3o de Macabu", "texto_original": "http://sapl.conceicaodemacabu.rj.leg.br/media/sapl/public/materialegislativa/2022/2217/plo_41-2022_-_executivo_-_plano_municipal_de_gestao_integrada_de_residuos__solidossapl_93-2022.pdf", "ementa": "Institui o plano municipal de gest\u00e3o integrada de res\u00edduos s\u00f3lidos do munic\u00edpio de Concei\u00e7\u00e3o de Macabu/RJ e d\u00e1 outras provid\u00eancias."}, {"id": "2219", "ano": "2022", "numero": "94", "tipo__sigla": "PLO", "tipo__descricao": "Projeto de Lei Ordin\u00e1ria", "autoria": "Nath\u00e1lia Braga", "texto_original": "http://sapl.conceicaodemacabu.rj.leg.br/media/sapl/public/materialegislativa/2022/2219/plo_94-2022_-_isencao_de_iptu.pdf", "ementa": "Autoriza o Poder Executivo a conceder isen\u00e7\u00e3o do Imposto Predial e Territorial Urbano - IPTU incidente sobre im\u00f3veis edificados atingidos por enchentes e alagamentos causados pelas chuvas no \u00e2mbito do Munic\u00edpio de Concei\u00e7\u00e3o de Macabu-RJ e d\u00e1 outras provid\u00eancias"}, {"id": "2223", "ano": "2022", "numero": "95", "tipo__sigla": "PLO", "tipo__descricao": "Projeto de Lei Ordin\u00e1ria", "autoria": "Lucas Madureira", "texto_original": "http://sapl.conceicaodemacabu.rj.leg.br/media/sapl/public/materialegislativa/2022/2223/plo_95-2022_-_revoga_o_inciso_iv_do_art._2o_-_lei_do_abono.pdf", "ementa": "Revoga o inciso IV, do artigo 2\u00b0 da Lei Municipal 1824/2022."}, {"id": "2227", "ano": "2022", "numero": "96", "tipo__sigla": "PLO", "tipo__descricao": "Projeto de Lei Ordin\u00e1ria", "autoria": "Dhal Ga\u00facho Tcharles Lucas", "texto_original": "http://sapl.conceicaodemacabu.rj.leg.br/media/sapl/public/materialegislativa/2022/2227/plo_96-2022.pdf", "ementa": "Disp\u00f5e a cerca da concess\u00e3o de d\u00e9cimo terceiro sal\u00e1rios e o gozo de f\u00e9rias remuneradas, estas \u00faltimas acrescidas de 1/3 (um ter\u00e7o), aos agentes pol\u00edticos da c\u00e2mara municipal de Concei\u00e7\u00e3o de Macabu-RJ e d\u00e1 outras provid\u00eancias."}, {"id": "1958", "ano": "2022", "numero": "1", "tipo__sigla": "SPLO", "tipo__descricao": "Projeto Substitutivo", "autoria": "Prefeitura Municipal de Concei\u00e7\u00e3o de Macabu", "texto_original": "http://sapl.conceicaodemacabu.rj.leg.br/media/sapl/public/materialegislativa/2022/1958/ps_n_01-2022_-_criacao_de_cargos_em_comissao_000366.pdf", "ementa": "Substitutivo n.\u00ba 01/2022 ao Projeto de Lei n.\u00ba 35/2022, do Poder Executivo, que disp\u00f5e sobre a cria\u00e7\u00e3o extin\u00e7\u00e3o de cargo em comiss\u00e3o da administra\u00e7\u00e3o direta do Munic\u00edpio de Concei\u00e7\u00e3o de Macabu e d\u00e1 outras provid\u00eancias"}, {"id": "2062", "ano": "2022", "numero": "2", "tipo__sigla": "SPLO", "tipo__descricao": "Projeto Substitutivo", "autoria": "Ga\u00facho", "texto_original": "http://sapl.conceicaodemacabu.rj.leg.br/media/sapl/public/materialegislativa/2022/2062/ps_n_02-2022_-_tea_alimentacao_000460.pdf", "ementa": "Estabelece obrigatoriedade de disponibiliza\u00e7\u00e3o de alimenta\u00e7\u00e3o diferenciada para crian\u00e7as com Transtorno do Espectro Autista - TEA no \u00e2mbito do Munic\u00edpio de Concei\u00e7\u00e3o de Macabu - RJ"}, {"id": "2205", "ano": "2022", "numero": "3", "tipo__sigla": "SPLO", "tipo__descricao": "Projeto Substitutivo", "autoria": "Prefeitura Municipal de Concei\u00e7\u00e3o de Macabu", "texto_original": "http://sapl.conceicaodemacabu.rj.leg.br/media/sapl/public/materialegislativa/2022/2205/p_s_n_03-2022_-_incentivo_a_producao_de_cafe_000647.pdf", "ementa": "Institui a politica municipal de incentivo a produ\u00e7\u00e3o de caf\u00e9 conilon."}, {"id": "1787", "ano": "2022", "numero": "1", "tipo__sigla": "PDL", "tipo__descricao": "Projeto de Decreto Legislativo", "autoria": "Dhal Ga\u00facho Tcharles Lucas", "texto_original": "http://sapl.conceicaodemacabu.rj.leg.br/media/", "ementa": "Disp\u00f5e sobre as contas anuais de governo, prestadas pelo Chefe do Poder Executivo Municipal, do exerc\u00edcio financeiro de 2015 ao Tribunal de contas do Estado do Rio de Janeiro - TCE-RJ."}, {"id": "1788", "ano": "2022", "numero": "2", "tipo__sigla": "PDL", "tipo__descricao": "Projeto de Decreto Legislativo", "autoria": "Dhal Ga\u00facho Tcharles Lucas", "texto_original": "http://sapl.conceicaodemacabu.rj.leg.br/media/", "ementa": "Disp\u00f5e sobre as contas anuais de governo, prestadas pelo Chefe do Poder Executivo Municipal, do exerc\u00edcio financeiro de 2020 ao Tribunal de contas do estado do Rio de Janeiro - TCE-RJ."}, {"id": "1792", "ano": "2022", "numero": "1", "tipo__sigla": "PRL", "tipo__descricao": "Projeto de Resolu\u00e7\u00e3o Legislativa", "autoria": "Dhal", "texto_original": "http://sapl.conceicaodemacabu.rj.leg.br/media/sapl/public/materialegislativa/2022/1792/pre_n_01-2022_000274.pdf", "ementa": "Disp\u00f5e sobre revoga\u00e7\u00e3o da Resolu\u00e7\u00e3o Legislativa n.\u00ba 59/2017"}, {"id": "1820", "ano": "2022", "numero": "2", "tipo__sigla": "PRL", "tipo__descricao": "Projeto de Resolu\u00e7\u00e3o Legislativa", "autoria": "Guta", "texto_original": "http://sapl.conceicaodemacabu.rj.leg.br/media/sapl/public/materialegislativa/2022/1820/pre_n_02-2022_000275.pdf", "ementa": "Fica concedido t\u00edtulo de honra ao m\u00e9rito \u00e0 senhora Maria Luciete Ribeiro da Silva, pelos relevantes servi\u00e7os prestados ao munic\u00edpio de Concei\u00e7\u00e3o de Macabu-Rj."}, {"id": "1851", "ano": "2022", "numero": "3", "tipo__sigla": "PRL", "tipo__descricao": "Projeto de Resolu\u00e7\u00e3o Legislativa", "autoria": "Sandro Daumas", "texto_original": "http://sapl.conceicaodemacabu.rj.leg.br/media/sapl/public/materialegislativa/2022/1851/pre_n_03-2022_000270.pdf", "ementa": "Concede T\u00edtulo de Honra ao M\u00e9rito a Senhora Helen Caldeira Gobeti"}, {"id": "1852", "ano": "2022", "numero": "4", "tipo__sigla": "PRL", "tipo__descricao": "Projeto de Resolu\u00e7\u00e3o Legislativa", "autoria": "Toninho da Sa\u00fade", "texto_original": "http://sapl.conceicaodemacabu.rj.leg.br/media/sapl/public/materialegislativa/2022/1852/pre_n_04-2022_000285.pdf", "ementa": "Fica concedido t\u00edtulo de Cidad\u00e3 macabuense \u00e0 senhora Regina Gra\u00e7a da Silva Freitas."}, {"id": "1853", "ano": "2022", "numero": "5", "tipo__sigla": "PRL", "tipo__descricao": "Projeto de Resolu\u00e7\u00e3o Legislativa", "autoria": "Toninho da Sa\u00fade", "texto_original": "http://sapl.conceicaodemacabu.rj.leg.br/media/sapl/public/materialegislativa/2022/1853/pre_n_05-2022_000286.pdf", "ementa": "fica concedido t\u00edtulo de cidad\u00e3o macabuense ao Senhor Cidmar Rosa."}, {"id": "1867", "ano": "2022", "numero": "6", "tipo__sigla": "PRL", "tipo__descricao": "Projeto de Resolu\u00e7\u00e3o Legislativa", "autoria": "Toninho da Sa\u00fade", "texto_original": "http://sapl.conceicaodemacabu.rj.leg.br/media/sapl/public/materialegislativa/2022/1867/pre_n_06-2022_000287.pdf", "ementa": "Fica concedido t\u00edtulo de cidad\u00e3o macabuense ao Senhor Marcelo Queiroz."}, {"id": "1868", "ano": "2022", "numero": "7", "tipo__sigla": "PRL", "tipo__descricao": "Projeto de Resolu\u00e7\u00e3o Legislativa", "autoria": "Toninho da Sa\u00fade", "texto_original": "http://sapl.conceicaodemacabu.rj.leg.br/media/sapl/public/materialegislativa/2022/1868/pre_n_07-2022_000291.pdf", "ementa": "Fica concedido t\u00edtulo de cidad\u00e3o Macabuense ao Senhor Jair Bittencourt."}, {"id": "1869", "ano": "2022", "numero": "8", "tipo__sigla": "PRL", "tipo__descricao": "Projeto de Resolu\u00e7\u00e3o Legislativa", "autoria": "Toninho da Sa\u00fade", "texto_original": "http://sapl.conceicaodemacabu.rj.leg.br/media/sapl/public/materialegislativa/2022/1869/pre_n_08-2022_000290.pdf", "ementa": "Fica concedido t\u00edtulo de honra ao m\u00e9rito ao Senhor Flaviano Leal de Souza."}, {"id": "1879", "ano": "2022", "numero": "9", "tipo__sigla": "PRL", "tipo__descricao": "Projeto de Resolu\u00e7\u00e3o Legislativa", "autoria": "Toninho da Sa\u00fade", "texto_original": "http://sapl.conceicaodemacabu.rj.leg.br/media/sapl/public/materialegislativa/2022/1879/pre_n_09-2022_000288.pdf", "ementa": "Concede T\u00edtulo de Cidad\u00e3o Macabuense ao Senhor Alex Sandro Pedrosa Grillo"}, {"id": "1880", "ano": "2022", "numero": "10", "tipo__sigla": "PRL", "tipo__descricao": "Projeto de Resolu\u00e7\u00e3o Legislativa", "autoria": "Guta", "texto_original": "http://sapl.conceicaodemacabu.rj.leg.br/media/sapl/public/materialegislativa/2022/1880/pre_n_10-2022_000289.pdf", "ementa": "Concede T\u00edtulo de Cidad\u00e3o Macabuense ao Senhor Jos\u00e9 Vitor Vieira Bissonho Junior"}, {"id": "1882", "ano": "2022", "numero": "11", "tipo__sigla": "PRL", "tipo__descricao": "Projeto de Resolu\u00e7\u00e3o Legislativa", "autoria": "Toninho da Sa\u00fade", "texto_original": "http://sapl.conceicaodemacabu.rj.leg.br/media/sapl/public/materialegislativa/2022/1882/pre_n_11-2022_000292.pdf", "ementa": "Concede T\u00edtulo de Cidad\u00e3o Macabuense ao Senhor Tassio Luiz Pinto da Silva"}, {"id": "1888", "ano": "2022", "numero": "12", "tipo__sigla": "PRL", "tipo__descricao": "Projeto de Resolu\u00e7\u00e3o Legislativa", "autoria": "Nath\u00e1lia Braga", "texto_original": "http://sapl.conceicaodemacabu.rj.leg.br/media/sapl/public/materialegislativa/2022/1888/pre_n_12-2022_000296.pdf", "ementa": "Fica concedido a diploma de m\u00e9rito esportivo ao senhor Adriano Fidelis Tavares."}, {"id": "1889", "ano": "2022", "numero": "13", "tipo__sigla": "PRL", "tipo__descricao": "Projeto de Resolu\u00e7\u00e3o Legislativa", "autoria": "Nath\u00e1lia Braga", "texto_original": "http://sapl.conceicaodemacabu.rj.leg.br/media/sapl/public/materialegislativa/2022/1889/pre_n_13-2022_000300.pdf", "ementa": "Fica concedido o diploma de m\u00e9rito esportivo a senhora Rosani Pinto Fidelis."}, {"id": "1890", "ano": "2022", "numero": "14", "tipo__sigla": "PRL", "tipo__descricao": "Projeto de Resolu\u00e7\u00e3o Legislativa", "autoria": "Lucas Madureira", "texto_original": "http://sapl.conceicaodemacabu.rj.leg.br/media/sapl/public/materialegislativa/2022/1890/pre_n_14-2022_-mocao_de_aplausos_-_maria_da_silva_couto_000403.pdf", "ementa": "Fica concedida Mo\u00e7\u00e3o de Aplausos \u00e0 senhora Maria da Silva Couto."}, {"id": "1900", "ano": "2022", "numero": "15", "tipo__sigla": "PRL", "tipo__descricao": "Projeto de Resolu\u00e7\u00e3o Legislativa", "autoria": "Nath\u00e1lia Braga", "texto_original": "http://sapl.conceicaodemacabu.rj.leg.br/media/sapl/public/materialegislativa/2022/1900/pre_n_15-2022_000299.pdf", "ementa": "Concede T\u00edtulo de Cidad\u00e3o Macabuense ao Senhor Tadeu Batista Pinheiro"}, {"id": "1914", "ano": "2022", "numero": "16", "tipo__sigla": "PRL", "tipo__descricao": "Projeto de Resolu\u00e7\u00e3o Legislativa", "autoria": "Nath\u00e1lia Braga", "texto_original": "http://sapl.conceicaodemacabu.rj.leg.br/media/sapl/public/materialegislativa/2022/1914/pre_n_16-2022_000319.pdf", "ementa": "Fica concedido o diploma de m\u00e9rito esportivo ao senhor Jos\u00e9 Eduardo Machado Tavares, pelos relevantes servi\u00e7os prestados ao munic\u00edpio de Concei\u00e7\u00e3o de Macabu/RJ."}, {"id": "1922", "ano": "2022", "numero": "17", "tipo__sigla": "PRL", "tipo__descricao": "Projeto de Resolu\u00e7\u00e3o Legislativa", "autoria": "Toninho da Sa\u00fade", "texto_original": "http://sapl.conceicaodemacabu.rj.leg.br/media/sapl/public/materialegislativa/2022/1922/pre_n_17-2022_000298.pdf", "ementa": "Concede T\u00edtulo de Cidad\u00e3o Macabuense, ao senhor JORGE LUIS DE OLIVEIRA ,natural de Minas Gerais, MG,  trabalhador rural ,morador de Santo Agostinho."}, {"id": "1924", "ano": "2022", "numero": "18", "tipo__sigla": "PRL", "tipo__descricao": "Projeto de Resolu\u00e7\u00e3o Legislativa", "autoria": "Toninho da Sa\u00fade", "texto_original": "http://sapl.conceicaodemacabu.rj.leg.br/media/sapl/public/materialegislativa/2022/1924/pre_n_18-2022_000297.pdf", "ementa": "Concede  T\u00edtulo de Cidad\u00e3 Macabuense a senhora Maria de Lourdes da Silva Alves, natural de Bar\u00e3o Monte Alto/MG, moradora de Santo Agostinho."}, {"id": "1928", "ano": "2022", "numero": "19", "tipo__sigla": "PRL", "tipo__descricao": "Projeto de Resolu\u00e7\u00e3o Legislativa", "autoria": "Toninho da Sa\u00fade", "texto_original": "http://sapl.conceicaodemacabu.rj.leg.br/media/sapl/public/materialegislativa/2022/1928/pre_n_19-2022_000323.pdf", "ementa": "Concede  T\u00edtulo de Cidad\u00e3o Macabuense ao senhor Jos\u00e9 Marcelo Mo\u00e7o  Neto, natural do Rio de Janeiro, Sargento da Pol\u00edcia Militar desde 2000, vereador eleito pelo PSD em 2022 e atual  Secret\u00e1rio Municipal de Desenvolvimento de Trabalho e Renda, pelos relevantes servi\u00e7os prestados ao Munic\u00edpio de Concei\u00e7\u00e3o de Macabu/RJ."}, {"id": "1945", "ano": "2022", "numero": "20", "tipo__sigla": "PRL", "tipo__descricao": "Projeto de Resolu\u00e7\u00e3o Legislativa", "autoria": "Sandro Daumas", "texto_original": "http://sapl.conceicaodemacabu.rj.leg.br/media/sapl/public/materialegislativa/2022/1945/pre_n_20-2022__000355.pdf", "ementa": "Concede t\u00edtulo de Cidad\u00e3o Macabuense ao Senhor Aureo L\u00eddio Moreira Ribeiro."}, {"id": "1948", "ano": "2022", "numero": "21", "tipo__sigla": "PRL", "tipo__descricao": "Projeto de Resolu\u00e7\u00e3o Legislativa", "autoria": "Guta", "texto_original": "http://sapl.conceicaodemacabu.rj.leg.br/media/sapl/public/materialegislativa/2022/1948/pre_n_21-2022__000350.pdf", "ementa": "CONCEDE MO\u00c7\u00c3O DE APLAUSOS \u00c0 SENHORA  ALINE FIDALGO DAUMAS TAVARES,EMPRES\u00c1RIA,PRESIDENTE DA SINCOM\u00c9RCIO DE CONCEI\u00c7\u00c3O DE MACABU,CARAPEBUS E QUISSAM\u00c3,PELOS RELEVENTES  SERVI\u00c7OS PRESTADOS AO MUNIC\u00cdPIO DE CONCEI\u00c7\u00c3O E MACABU."}, {"id": "1946", "ano": "2022", "numero": "22", "tipo__sigla": "PRL", "tipo__descricao": "Projeto de Resolu\u00e7\u00e3o Legislativa", "autoria": "Guta", "texto_original": "http://sapl.conceicaodemacabu.rj.leg.br/media/sapl/public/materialegislativa/2022/1946/pre_n_22-2022__000345.pdf", "ementa": "CONCEDE T\u00cdTULO DE CIDAD\u00c3O MACABUENSE AO SENHOR ANT\u00d4NIO FLORENCIO DE QUEIROZ JUNIOR, PRESIDENTE DA FECOMERCIO( FEDERA\u00c7\u00c3O DE COM\u00c9RCIO DE BENS,SERVI\u00c7OS E TURISMO)"}, {"id": "1951", "ano": "2022", "numero": "23", "tipo__sigla": "PRL", "tipo__descricao": "Projeto de Resolu\u00e7\u00e3o Legislativa", "autoria": "Lucas Madureira", "texto_original": "http://sapl.conceicaodemacabu.rj.leg.br/media/sapl/public/materialegislativa/2022/1951/pre_n_23-2022__000351.pdf", "ementa": "Concede T\u00edtulo de Honra ao M\u00e9rito ao Senhor L\u00facio Barbosa Fidalgo, ex-presidente da Associa\u00e7\u00e3o de Comercial de Concei\u00e7\u00e3o de Macabu, pelos relevantes servi\u00e7os prestados ao Munic\u00edpio de Concei\u00e7\u00e3o de Macabu."}, {"id": "1953", "ano": "2022", "numero": "24", "tipo__sigla": "PRL", "tipo__descricao": "Projeto de Resolu\u00e7\u00e3o Legislativa", "autoria": "Guta", "texto_original": "http://sapl.conceicaodemacabu.rj.leg.br/media/sapl/public/materialegislativa/2022/1953/pre_n_24-2022__000349.pdf", "ementa": "Concede Mo\u00e7\u00e3o de Aplausos ao Senhor Frederico Lannes Martins, casado, empres\u00e1rio, sendo por nove anos, presidente do Sindicato do Com\u00e9rcio de Concei\u00e7\u00e3o de Macabu, pelos relevantes servi\u00e7os prestados ao Munic\u00edpio de Concei\u00e7\u00e3o de Macabu."}, {"id": "1954", "ano": "2022", "numero": "25", "tipo__sigla": "PRL", "tipo__descricao": "Projeto de Resolu\u00e7\u00e3o Legislativa", "autoria": "Toninho da Sa\u00fade", "texto_original": "http://sapl.conceicaodemacabu.rj.leg.br/media/sapl/public/materialegislativa/2022/1954/pre_n_25-2022__000354.pdf", "ementa": "Concede T\u00edtulo de Cidad\u00e3o Macabuense ao Senhor Jamil C\u00e9sar Ribeiro de Queiroz, m\u00e9dico ortopedista e traumatologista, pelos relevantes servi\u00e7os prestados ao Munic\u00edpio de Concei\u00e7\u00e3o de Macabu/RJ"}, {"id": "1960", "ano": "2022", "numero": "26", "tipo__sigla": "PRL", "tipo__descricao": "Projeto de Resolu\u00e7\u00e3o Legislativa", "autoria": "Toninho da Sa\u00fade", "texto_original": "http://sapl.conceicaodemacabu.rj.leg.br/media/sapl/public/materialegislativa/2022/1960/pre_n_26-2022__000353.pdf", "ementa": "Concedendo  T\u00edtulo de Cidad\u00e3o Macabuense ao senhor H\u00e9lio Santos da Silva, natural de Santa Maria Madalena, servidor p\u00fablico deste 1986."}, {"id": "1986", "ano": "2022", "numero": "27", "tipo__sigla": "PRL", "tipo__descricao": "Projeto de Resolu\u00e7\u00e3o Legislativa", "autoria": "Ga\u00facho", "texto_original": "http://sapl.conceicaodemacabu.rj.leg.br/media/sapl/public/materialegislativa/2022/1986/pre_n_27-2022__000362.pdf", "ementa": "CONCEDE T\u00cdTULO DE CIDAD\u00c3 MACABUENSE \u00c0 SENHORA CLAUDETE MENDES DE SOUZA SANTANA BRAGA, NATURAL DE S\u00c3O PAULO, SERVIDORA P\u00daBLICA MUNICIPAL DESDE O ANO DE 2009, PELOS RELEVANTES SERVI\u00c7OS PRESTADOS AO MUNIC\u00cdPIO DE CONCEI\u00c7\u00c3O DE MACABU."}, {"id": "1989", "ano": "2022", "numero": "28", "tipo__sigla": "PRL", "tipo__descricao": "Projeto de Resolu\u00e7\u00e3o Legislativa", "autoria": "Ga\u00facho", "texto_original": "http://sapl.conceicaodemacabu.rj.leg.br/media/sapl/public/materialegislativa/2022/1989/pre_n_28-2022__000361.pdf", "ementa": "Concedendo T\u00edtulo de Cidad\u00e3o Macabuense Mauro Moreira Godinho, pelos relevantes servi\u00e7os prestados ao munic\u00edpio de Concei\u00e7\u00e3o de Macabu."}, {"id": "2003", "ano": "2022", "numero": "29", "tipo__sigla": "PRL", "tipo__descricao": "Projeto de Resolu\u00e7\u00e3o Legislativa", "autoria": "Leo Gago", "texto_original": "http://sapl.conceicaodemacabu.rj.leg.br/media/sapl/public/materialegislativa/2022/2003/pre_n_29-2022_-_merito_esportivo_dennis_almeida_000394.pdf", "ementa": "CONCEDE DIPLOMA DE  M\u00c9RITO ESPORTIVO AO SENHOR DENNIS ALMEIDA DA SILVA,FUNDADOR DO PROJETO  MUNDO DOS GOLEIROS."}, {"id": "2004", "ano": "2022", "numero": "30", "tipo__sigla": "PRL", "tipo__descricao": "Projeto de Resolu\u00e7\u00e3o Legislativa", "autoria": "Leo Gago", "texto_original": "http://sapl.conceicaodemacabu.rj.leg.br/media/sapl/public/materialegislativa/2022/2004/pre_n_30-2022_-_merito_esportivo_thiago_negreiros_000395.pdf", "ementa": "CONCEDE DIPLOMA DE M\u00c9RITO ESPORTIVO AO SENHOR THIAGO DA COSTA NEGREIROS,FUNDADOR DO\" PROJETO SOCIAL VIL\u00c3O DA VILA SPORT CLUB.\""}, {"id": "2005", "ano": "2022", "numero": "31", "tipo__sigla": "PRL", "tipo__descricao": "Projeto de Resolu\u00e7\u00e3o Legislativa", "autoria": "Leo Gago", "texto_original": "http://sapl.conceicaodemacabu.rj.leg.br/media/sapl/public/materialegislativa/2022/2005/pre_n_31-2022_-_titulo_de_cidadao_-_marco_elias_000405.pdf", "ementa": "Concede T\u00edtulo de Cidad\u00e3o Macabuense o senhor Marco Elias dos Santos Silva."}, {"id": "2041", "ano": "2022", "numero": "32", "tipo__sigla": "PRL", "tipo__descricao": "Projeto de Resolu\u00e7\u00e3o Legislativa", "autoria": "Guta", "texto_original": "http://sapl.conceicaodemacabu.rj.leg.br/media/sapl/public/materialegislativa/2022/2041/pre_n_32-2022_-_titulo_de_cidadao_-_jorge_bruno__000413.pdf", "ementa": "Fica concedido T\u00edtulo de Cidad\u00e3o Macabuense ao Senhor Jorge Bruno Pereira, natural do Rio de Janeiro/RJ, residente e domiciliado na cidade de Concei\u00e7\u00e3o de Macabu/RJ desde de seus 15 anos, renomado cabeleireiro e propriet\u00e1rio do Sal\u00e3o de Beleza Jorge Bruno, pelos relevantes servi\u00e7os prestados ao Munic\u00edpio."}, {"id": "2020", "ano": "2022", "numero": "33", "tipo__sigla": "PRL", "tipo__descricao": "Projeto de Resolu\u00e7\u00e3o Legislativa", "autoria": "Ga\u00facho", "texto_original": "http://sapl.conceicaodemacabu.rj.leg.br/media/sapl/public/materialegislativa/2022/2020/pre_n_33-2022_-_cidada_macabuense_alcilene_vieira_000396.pdf", "ementa": "Concede T\u00edtulo de Cidad\u00e3 Macabuense a senhora Alcilene Vieira de Paiva Mousinho, natural do munic\u00edpio Sousa/PB."}, {"id": "2024", "ano": "2022", "numero": "34", "tipo__sigla": "PRL", "tipo__descricao": "Projeto de Resolu\u00e7\u00e3o Legislativa", "autoria": "Ga\u00facho", "texto_original": "http://sapl.conceicaodemacabu.rj.leg.br/media/sapl/public/materialegislativa/2022/2024/pre_n_34-2022_-_cidada_macabuense_dionizia_moreno.pdf", "ementa": "FICA CONCEDIDO T\u00cdTULO DE CIDAD\u00c3 MACABUENSE A SENHORA DIONIZIA MORENO DE OLIVEIRA, NATURAL DO MUNIC\u00cdPIO DE SANTA MARIA MADALENA/RJ."}, {"id": "2031", "ano": "2022", "numero": "35", "tipo__sigla": "PRL", "tipo__descricao": "Projeto de Resolu\u00e7\u00e3o Legislativa", "autoria": "Dhal", "texto_original": "http://sapl.conceicaodemacabu.rj.leg.br/media/sapl/public/materialegislativa/2022/2031/pre_n_35-2022_-_honra_ao_merito_romaro_pessanha.pdf", "ementa": "Fica concedido T\u00edtulo de Honra ao M\u00e9rito ao Senhor Romaro de Oliveira Sousa Pessanha, pelos relevantes servi\u00e7os prestados ao munic\u00edpio de Concei\u00e7\u00e3o de Macabu/RJ como Cabo lotado no 32\u00ba Batalh\u00e3o Pol\u00edcia Militar do Estado do Rio de Janeiro."}, {"id": "2032", "ano": "2022", "numero": "36", "tipo__sigla": "PRL", "tipo__descricao": "Projeto de Resolu\u00e7\u00e3o Legislativa", "autoria": "Dhal", "texto_original": "http://sapl.conceicaodemacabu.rj.leg.br/media/sapl/public/materialegislativa/2022/2032/pre_n_36-2022_-_honra_ao_merito_defesa_civil_000399.pdf", "ementa": "Fica concedido T\u00edtulo de Honra ao M\u00e9rito aos membros da Defesa Civil de Concei\u00e7\u00e3o de Macabu/RJ, pelos relevantes servi\u00e7os prestados ao munic\u00edpio."}, {"id": "2034", "ano": "2022", "numero": "37", "tipo__sigla": "PRL", "tipo__descricao": "Projeto de Resolu\u00e7\u00e3o Legislativa", "autoria": "Dhal", "texto_original": "http://sapl.conceicaodemacabu.rj.leg.br/media/sapl/public/materialegislativa/2022/2034/pre_n_37-2022_-_honra_ao_merito_major_frederico_000400.pdf", "ementa": "Fica concedida T\u00edtulo de Honra ao M\u00e9rito ao Senhor Major Daniel Frederico Ram\u00edrez Ambires, da Pol\u00edcia Militar do Estado do Rio de Janeiro, pelos relevantes servi\u00e7os prestados ao munic\u00edpio de Concei\u00e7\u00e3o de Macabu/RJ."}, {"id": "2035", "ano": "2022", "numero": "38", "tipo__sigla": "PRL", "tipo__descricao": "Projeto de Resolu\u00e7\u00e3o Legislativa", "autoria": "Dhal", "texto_original": "http://sapl.conceicaodemacabu.rj.leg.br/media/sapl/public/materialegislativa/2022/2035/pre_n_38-2022_-_cidadao_macabuense_renan_julerate_000401.pdf", "ementa": "Concede T\u00edtulo de Cidad\u00e3o Macabuense ao Senhor Renan Cesar Leite Julerate de Oliveira, natural do munic\u00edpio de Duque de Caxias, pelos relevantes servi\u00e7os prestados ao munic\u00edpio de Concei\u00e7\u00e3o de Macabu/RJ."}, {"id": "2036", "ano": "2022", "numero": "39", "tipo__sigla": "PRL", "tipo__descricao": "Projeto de Resolu\u00e7\u00e3o Legislativa", "autoria": "Ga\u00facho", "texto_original": "http://sapl.conceicaodemacabu.rj.leg.br/media/sapl/public/materialegislativa/2022/2036/pre_n_39-2022_-_honra_ao_merito_douglas_smmithy_000402.pdf", "ementa": "Fica concedido T\u00edtulo de Honra ao M\u00e9rito ao Senhor Douglas Felipe Coutinho Nascimento \u2013 popular Douglas Smmithy \u2013, atuante na \u00e1rea do jornalismo em Concei\u00e7\u00e3o de Macabu/RJ e regi\u00e3o, pelos relevantes servi\u00e7os prestados ao difundir informa\u00e7\u00f5es reais aos mun\u00edcipes."}, {"id": "2042", "ano": "2022", "numero": "40", "tipo__sigla": "PRL", "tipo__descricao": "Projeto de Resolu\u00e7\u00e3o Legislativa", "autoria": "Guta", "texto_original": "http://sapl.conceicaodemacabu.rj.leg.br/media/sapl/public/materialegislativa/2022/2042/pre_n_40-2022_-_mocao_de_aplausos_-_maristela_000412.pdf", "ementa": "Concedendo Mo\u00e7\u00e3o de Aplauso \u00e0 senhora Maristela Moraes Tavares ,empres\u00e1ria ,diretora do Polo da Faculdade CENSUPEG de nossa cidade e pelos relevantes servi\u00e7os prestados ao munic\u00edpio de Concei\u00e7\u00e3o de Macabu."}, {"id": "2043", "ano": "2022", "numero": "41", "tipo__sigla": "PRL", "tipo__descricao": "Projeto de Resolu\u00e7\u00e3o Legislativa", "autoria": "Guta", "texto_original": "http://sapl.conceicaodemacabu.rj.leg.br/media/sapl/public/materialegislativa/2022/2043/pre_n_41-2022_-_mocao_de_aplausos_-_shaiana_000411.pdf", "ementa": "Concede Mo\u00e7\u00e3o de Aplauso \u00e0 senhora Shaiana Nunes Berbat, servidora p\u00fablica h\u00e1 treze anos, atualmente Diretora do Departamento de Conv\u00eanios."}, {"id": "2044", "ano": "2022", "numero": "42", "tipo__sigla": "PRL", "tipo__descricao": "Projeto de Resolu\u00e7\u00e3o Legislativa", "autoria": "Coutinho", "texto_original": "http://sapl.conceicaodemacabu.rj.leg.br/media/sapl/public/materialegislativa/2022/2044/pre_n_42-2022_-_titulo_cidadao_claudio_giron_000410.pdf", "ementa": "Fica concedido T\u00edtulo de Cidad\u00e3o Macabuense ao Senhor Claudio Giron, natural do Munic\u00edpio de S\u00e3o Paulo/SP, Pastor da Igreja Adventista do S\u00e9timo Dia em Concei\u00e7\u00e3o de Macabu/RJ, pelos relevantes servi\u00e7os prestados \u00e0 comunidade."}, {"id": "2045", "ano": "2022", "numero": "43", "tipo__sigla": "PRL", "tipo__descricao": "Projeto de Resolu\u00e7\u00e3o Legislativa", "autoria": "Coutinho", "texto_original": "http://sapl.conceicaodemacabu.rj.leg.br/media/sapl/public/materialegislativa/2022/2045/pre_n_43-2022_-_titulo_cidadao_marlon_pires_000409.pdf", "ementa": "Fica concedido T\u00edtulo de Cidad\u00e3o Macabuense ao Senhor Marlon do Espirito Santo Pires, natural do Munic\u00edpio do Rio de Janeiro/RJ, corretor de im\u00f3veis atuante no mercado imobili\u00e1rio de Concei\u00e7\u00e3o de Macabu/RJ, pelos relevantes servi\u00e7os prestados \u00e0 comunidade."}, {"id": "2046", "ano": "2022", "numero": "44", "tipo__sigla": "PRL", "tipo__descricao": "Projeto de Resolu\u00e7\u00e3o Legislativa", "autoria": "Nath\u00e1lia Braga", "texto_original": "http://sapl.conceicaodemacabu.rj.leg.br/media/sapl/public/materialegislativa/2022/2046/pre_n_44-2022_-_titulo_cidadao_padre_frei_wellington_000408.pdf", "ementa": "Fica concedido T\u00edtulo de Cidad\u00e3o Macabuense ao Padre Frei Wellington Porfirio, natural do munic\u00edpio de Maca\u00e9/RJ, pelo reconhecimento dos servi\u00e7os prestados ao munic\u00edpio de Concei\u00e7\u00e3o de Macabu/RJ."}, {"id": "2048", "ano": "2022", "numero": "45", "tipo__sigla": "PRL", "tipo__descricao": "Projeto de Resolu\u00e7\u00e3o Legislativa", "autoria": "Guta", "texto_original": "http://sapl.conceicaodemacabu.rj.leg.br/media/sapl/public/materialegislativa/2022/2048/pre_n_45-2022_-_titulo_-_luiz_carlos_da_silva_000407.pdf", "ementa": "Fica concedido T\u00edtulo de Cidad\u00e3o Macabuense ao Senhor Luiz Carlos Fran\u00e7a da Silva - popularmente conhecido como Kak\u00e1 Gar\u00e7om -, natural do Rio de Janeiro/RJ, residente e domiciliado em Concei\u00e7\u00e3o de Macabu/RJ desde os seus 7 anos, pelos relevantes servi\u00e7os prestados ao munic\u00edpio."}, {"id": "2052", "ano": "2022", "numero": "46", "tipo__sigla": "PRL", "tipo__descricao": "Projeto de Resolu\u00e7\u00e3o Legislativa", "autoria": "Dhal", "texto_original": "http://sapl.conceicaodemacabu.rj.leg.br/media/sapl/public/materialegislativa/2022/2052/pre_n_46-2022_-_cidadao_macabuense_-_sergio_rodigueiro_000426.pdf", "ementa": "Fica concedido t\u00edtulo de cidad\u00e3o macabuense ao Senhor S\u00e9rgio Rodigueiro natural de Campos dos Goytacazes pelos relevantes servi\u00e7os prestados ao munic\u00edpio de Concei\u00e7\u00e3o de Macabu."}, {"id": "2054", "ano": "2022", "numero": "47", "tipo__sigla": "PRL", "tipo__descricao": "Projeto de Resolu\u00e7\u00e3o Legislativa", "autoria": "Toninho da Sa\u00fade", "texto_original": "http://sapl.conceicaodemacabu.rj.leg.br/media/sapl/public/materialegislativa/2022/2054/pre_n_47-2022_-_cidadao_macabuense_-_jose_roque_000425.pdf", "ementa": "Fica concedido T\u00edtulo de Cidad\u00e3o Macabuense ao Senhor Jos\u00e9 Roque Lug\u00e3o, natural de I\u00fana/ES, atuante no ramo da pecu\u00e1ria em Santo Agostinho, pelos relevantes servi\u00e7os prestados ao munic\u00edpio de Concei\u00e7\u00e3o de Macabu/RJ."}, {"id": "2055", "ano": "2022", "numero": "48", "tipo__sigla": "PRL", "tipo__descricao": "Projeto de Resolu\u00e7\u00e3o Legislativa", "autoria": "Toninho da Sa\u00fade", "texto_original": "http://sapl.conceicaodemacabu.rj.leg.br/media/sapl/public/materialegislativa/2022/2055/pre_n_48-2022_-_cidadao_macabuense_-_samuel_viana_000432.pdf", "ementa": "Fica concedido T\u00edtulo de Cidad\u00e3o Macabuense ao Senhor Samuel Nunes Viana, natural de Cruz das Almas/BA, fundador da Viana Offshore Com\u00e9rcio Ltda., pelos relevantes servi\u00e7os prestados ao munic\u00edpio de Concei\u00e7\u00e3o de Macabu/RJ"}, {"id": "2058", "ano": "2022", "numero": "49", "tipo__sigla": "PRL", "tipo__descricao": "Projeto de Resolu\u00e7\u00e3o Legislativa", "autoria": "Tcharles", "texto_original": "http://sapl.conceicaodemacabu.rj.leg.br/media/sapl/public/materialegislativa/2022/2058/pre_n_49-2022_-_titulo_de_cidada_-_ana_lucia_000417.pdf", "ementa": "Fica concedido T\u00edtulo de Cidad\u00e3o Macabuense a Senhora Ana L\u00facia Costa Francisco, natural de Campos dos Goytacazes/RJ, Agente Comunit\u00e1rio de Sa\u00fade em Concei\u00e7\u00e3o de Macabu/RJ e domiciliada neste munic\u00edpio, pelos relevantes servi\u00e7os prestados \u00e0 comunidade."}, {"id": "2059", "ano": "2022", "numero": "50", "tipo__sigla": "PRL", "tipo__descricao": "Projeto de Resolu\u00e7\u00e3o Legislativa", "autoria": "Tcharles", "texto_original": "http://sapl.conceicaodemacabu.rj.leg.br/media/sapl/public/materialegislativa/2022/2059/pre_n_50-2022_-_mocao_de_aplausos_-_altenir_bernardino_000416.pdf", "ementa": "Fica concedido Mo\u00e7\u00e3o de Aplausos ao Senhor Altenir Bernardino, propriet\u00e1rio do Lava Jato do Doca, conhecido por oportunizar aos jovens macabuenses a conquista do primeiro emprego, pelos relevantes servi\u00e7os prestados \u00e0 comunidade."}, {"id": "2061", "ano": "2022", "numero": "51", "tipo__sigla": "PRL", "tipo__descricao": "Projeto de Resolu\u00e7\u00e3o Legislativa", "autoria": "Tcharles", "texto_original": "http://sapl.conceicaodemacabu.rj.leg.br/media/sapl/public/materialegislativa/2022/2061/pre_n_51-2022_-_mocao_de_aplausos_-_conselheiros_tutelares_000419.pdf", "ementa": "Fica concedido MO\u00c7\u00c3O DE APLAUSOS aos Conselheiros Tutelares em exerc\u00edcio em Concei\u00e7\u00e3o de Macabu/RJ, pelos relevantes servi\u00e7os prestados ao munic\u00edpio."}, {"id": "2064", "ano": "2022", "numero": "52", "tipo__sigla": "PRL", "tipo__descricao": "Projeto de Resolu\u00e7\u00e3o Legislativa", "autoria": "Coutinho", "texto_original": "http://sapl.conceicaodemacabu.rj.leg.br/media/sapl/public/materialegislativa/2022/2064/pre_n_52-2022_-_mocao_de_aplausos_-_fernanda_martins_000418.pdf", "ementa": "Concede Mo\u00e7\u00e3o de Aplausos \u00e0 Senhora Fernanda Martins Oliveira Siqueira"}, {"id": "2065", "ano": "2022", "numero": "53", "tipo__sigla": "PRL", "tipo__descricao": "Projeto de Resolu\u00e7\u00e3o Legislativa", "autoria": "Coutinho", "texto_original": "http://sapl.conceicaodemacabu.rj.leg.br/media/sapl/public/materialegislativa/2022/2065/pre_n_53-2022_-_mocao_de_aplausos_-_ilma_ribeiro_000420.pdf", "ementa": "Concede Mo\u00e7\u00e3o de Aplausos \u00e0 Senhora Ilma Ribeiro Lima"}, {"id": "2066", "ano": "2022", "numero": "54", "tipo__sigla": "PRL", "tipo__descricao": "Projeto de Resolu\u00e7\u00e3o Legislativa", "autoria": "Dhal", "texto_original": "http://sapl.conceicaodemacabu.rj.leg.br/media/sapl/public/materialegislativa/2022/2066/pre_n_54-2022_-_mocao_de_aplauso_-_paulo_alonso_000424.pdf", "ementa": "Fica concedido Mo\u00e7\u00e3o de Aplausos ao Senhor Paulo Alonso Melo, pelos relevantes servi\u00e7os prestados ao munic\u00edpio de Concei\u00e7\u00e3o de Macabu/RJ."}, {"id": "2068", "ano": "2022", "numero": "55", "tipo__sigla": "PRL", "tipo__descricao": "Projeto de Resolu\u00e7\u00e3o Legislativa", "autoria": "Sandro Daumas", "texto_original": "http://sapl.conceicaodemacabu.rj.leg.br/media/sapl/public/materialegislativa/2022/2068/pre_n_55-2022_-_cidadao_macabuense_-_michel_nakle_000423.pdf", "ementa": "Fica concedido T\u00edtulo de cidad\u00e3o Macabuense ao Senhor Michel Cordeiro Nakhle, natural do munic\u00edpio de Carapebus/RJ, domiciliado em Concei\u00e7\u00e3o de Macabu/RJ, dedicado ao servi\u00e7os religioso e comunitario em prol das fam\u00edlias macabuenses, pelos relevantes servi\u00e7os prestados \u00e0 comunidade."}, {"id": "2069", "ano": "2022", "numero": "56", "tipo__sigla": "PRL", "tipo__descricao": "Projeto de Resolu\u00e7\u00e3o Legislativa", "autoria": "Sandro Daumas", "texto_original": "http://sapl.conceicaodemacabu.rj.leg.br/media/sapl/public/materialegislativa/2022/2069/pre_n_56-2022_-_cidadao_macabuense_-_andre_luiz_fontoura.pdf", "ementa": "Fica concedido T\u00edtulo de cidad\u00e3o macabuense ao Doutor Andr\u00e9 Luiz Neto Fontoura, natural do munic\u00edpio de Campos dos Goytacazes, pelos relevantes servi\u00e7os para o munic\u00edpio de Concei\u00e7\u00e3o de Macabu."}, {"id": "2070", "ano": "2022", "numero": "57", "tipo__sigla": "PRL", "tipo__descricao": "Projeto de Resolu\u00e7\u00e3o Legislativa", "autoria": "Lucas Madureira", "texto_original": "http://sapl.conceicaodemacabu.rj.leg.br/media/sapl/public/materialegislativa/2022/2070/pre_n_57-2022_-_honra_ao_merito_-_ulysses_vidal_000429.pdf", "ementa": "Fica concedido T\u00edtulo de Honra ao M\u00e9rito ao Senhor Ulysses Vidal da Silva, pelos relevantes servi\u00e7os prestados ao munic\u00edpio de Concei\u00e7\u00e3o de Macabu/RJ."}, {"id": "2071", "ano": "2022", "numero": "58", "tipo__sigla": "PRL", "tipo__descricao": "Projeto de Resolu\u00e7\u00e3o Legislativa", "autoria": "Lucas Madureira", "texto_original": "http://sapl.conceicaodemacabu.rj.leg.br/media/sapl/public/materialegislativa/2022/2071/pre_n_58-2022_-_honra_ao_merito_-_claudio_linhares_000439.pdf", "ementa": "Fica concedido T\u00edtulo de Honra ao M\u00e9rito ao Senhor Claudio Eduardo Barbosa Linhares, ex-prefeito do munic\u00edpio de Concei\u00e7\u00e3o de Macabu, pelos relevantes servi\u00e7os prestados ao munic\u00edpio."}, {"id": "2072", "ano": "2022", "numero": "59", "tipo__sigla": "PRL", "tipo__descricao": "Projeto de Resolu\u00e7\u00e3o Legislativa", "autoria": "Lucas Madureira", "texto_original": "http://sapl.conceicaodemacabu.rj.leg.br/media/sapl/public/materialegislativa/2022/2072/pre_n_59-2022_-_cidada_macabuense_-_rogeria_000430.pdf", "ementa": "Fica concedido T\u00edtulo de Cidad\u00e3 Macabuense a Senhora Rog\u00e9ria de Oliveira Gomes Ferreira, pelos relevantes servi\u00e7os prestados ao munic\u00edpio de Concei\u00e7\u00e3o de Macabu."}, {"id": "2073", "ano": "2022", "numero": "60", "tipo__sigla": "PRL", "tipo__descricao": "Projeto de Resolu\u00e7\u00e3o Legislativa", "autoria": "Lucas Madureira", "texto_original": "http://sapl.conceicaodemacabu.rj.leg.br/media/sapl/public/materialegislativa/2022/2073/pre_n_60-2022_-_mocao_de_aplausos_-_ministerio_000431.pdf", "ementa": "Fica concedido Mo\u00e7\u00e3o de Aplausos ao Minist\u00e9rio Jovem do grupo de ora\u00e7\u00e3o Jesus Eucar\u00edstico da renova\u00e7\u00e3o carism\u00e1tica cat\u00f3lica, pelos relevantes servi\u00e7os prestados ao munic\u00edpio de Concei\u00e7\u00e3o de Macabu."}, {"id": "2079", "ano": "2022", "numero": "62", "tipo__sigla": "PRL", "tipo__descricao": "Projeto de Resolu\u00e7\u00e3o Legislativa", "autoria": "Dhal", "texto_original": "http://sapl.conceicaodemacabu.rj.leg.br/media/sapl/public/materialegislativa/2022/2079/pre_n_62-2022_-_honra_ao_merito_-_grupo_pedal_000438.pdf", "ementa": "Fica concedido T\u00edtulo de Honra ao M\u00e9rito ao Grupo Pedal Amigos do Porto - MTB, pelos relevantes servi\u00e7os prestados ao munic\u00edpio de Concei\u00e7\u00e3o de Macabu/RJ."}, {"id": "2075", "ano": "2022", "numero": "63", "tipo__sigla": "PRL", "tipo__descricao": "Projeto de Resolu\u00e7\u00e3o Legislativa", "autoria": "Nath\u00e1lia Braga", "texto_original": "http://sapl.conceicaodemacabu.rj.leg.br/media/sapl/public/materialegislativa/2022/2075/pre_n_63-2022_-_comenda_celina_-_elza_maria_000428.pdf", "ementa": "Fica concedida a Comenda Professora Celina Bellas a servidora aposentada Elza Maria Rodrigues Arraiol Carvalho, pelos relevantes servi\u00e7os prestados \u00e0 educa\u00e7\u00e3o e cultura no Munic\u00edpio de Concei\u00e7\u00e3o de Macabu/RJ."}, {"id": "2076", "ano": "2022", "numero": "64", "tipo__sigla": "PRL", "tipo__descricao": "Projeto de Resolu\u00e7\u00e3o Legislativa", "autoria": "Nath\u00e1lia Braga", "texto_original": "http://sapl.conceicaodemacabu.rj.leg.br/media/sapl/public/materialegislativa/2022/2076/pre_n_64-2022_-_mocao_de_aplusos_-_sayonara_000436.pdf", "ementa": "Fica concedido Mo\u00e7\u00e3o de Aplausos a Sayonara Barros Laurentino, pelos relevantes servi\u00e7os prestados ao Hospital Ana Moreira no Munic\u00edpio de Concei\u00e7\u00e3o de Macabu/RJ."}, {"id": "2081", "ano": "2022", "numero": "65", "tipo__sigla": "PRL", "tipo__descricao": "Projeto de Resolu\u00e7\u00e3o Legislativa", "autoria": "Toninho da Sa\u00fade", "texto_original": "http://sapl.conceicaodemacabu.rj.leg.br/media/sapl/public/materialegislativa/2022/2081/pre_n_65-2022_-_honra_ao_merito_-_chico_machado_000437.pdf", "ementa": "Concede T\u00edtulo de Honra ao M\u00e9rito ao Senhor Francisco Alves Machado Neto."}, {"id": "2082", "ano": "2022", "numero": "66", "tipo__sigla": "PRL", "tipo__descricao": "Projeto de Resolu\u00e7\u00e3o Legislativa", "autoria": "Nath\u00e1lia Braga", "texto_original": "http://sapl.conceicaodemacabu.rj.leg.br/media/sapl/public/materialegislativa/2022/2082/pre_n_66-2022_-_mocao_de_aplusos_-_chrisnanda_000435.pdf", "ementa": "Fica concedido Mo\u00e7\u00e3o de Aplausos a Senhora Chrisnanda Rocha Machado, empres\u00e1ria no ramo de joias de prata desde 2019, pelos relevantes servi\u00e7os prestados ao Munic\u00edpio de Concei\u00e7\u00e3o de Macabu/RJ."}, {"id": "2083", "ano": "2022", "numero": "67", "tipo__sigla": "PRL", "tipo__descricao": "Projeto de Resolu\u00e7\u00e3o Legislativa", "autoria": "Toninho da Sa\u00fade", "texto_original": "http://sapl.conceicaodemacabu.rj.leg.br/media/sapl/public/materialegislativa/2022/2083/pre_n_67-2022_-_comenda_dr_jose_-_dr._ercinio_000434.pdf", "ementa": "Fica concedida Comenda Dr. Jos\u00e9 de Castro ao Doutor Erc\u00ednio Pinto de Souza, pelos relevantes servi\u00e7os prestados ao munic\u00edpio de Concei\u00e7\u00e3o de Macabu."}, {"id": "2084", "ano": "2022", "numero": "68", "tipo__sigla": "PRL", "tipo__descricao": "Projeto de Resolu\u00e7\u00e3o Legislativa", "autoria": "Tcharles", "texto_original": "http://sapl.conceicaodemacabu.rj.leg.br/media/sapl/public/materialegislativa/2022/2084/pre_n_68-2022_-_honra_ao_merito_-_jose_augusto_000433.pdf", "ementa": "Concede T\u00edtulo de Honra ao M\u00e9rito ao Senhor Jos\u00e9 Augusto Pereira Torres."}, {"id": "2085", "ano": "2022", "numero": "69", "tipo__sigla": "PRL", "tipo__descricao": "Projeto de Resolu\u00e7\u00e3o Legislativa", "autoria": "Coutinho", "texto_original": "http://sapl.conceicaodemacabu.rj.leg.br/media/sapl/public/materialegislativa/2022/2085/pre_n_69-2022_-_honra_ao_merito_marilena_000449.pdf", "ementa": "Concede T\u00edtulo de Honra ao M\u00e9rito a Senhora Marilena Pereira Garcia"}, {"id": "2086", "ano": "2022", "numero": "70", "tipo__sigla": "PRL", "tipo__descricao": "Projeto de Resolu\u00e7\u00e3o Legislativa", "autoria": "Sandro Daumas", "texto_original": "http://sapl.conceicaodemacabu.rj.leg.br/media/sapl/public/materialegislativa/2022/2086/pre_n_70-2022_titulo_cidadao__marcos_gomes_000488.pdf", "ementa": "Concede T\u00edtulo de Cidad\u00e3o Macabuense ao Senhor Marcos Gomes Rocha"}, {"id": "2092", "ano": "2022", "numero": "71", "tipo__sigla": "PRL", "tipo__descricao": "Projeto de Resolu\u00e7\u00e3o Legislativa", "autoria": "Toninho da Sa\u00fade", "texto_original": "http://sapl.conceicaodemacabu.rj.leg.br/media/sapl/public/materialegislativa/2022/2092/pre_n_71-2022_-_titulo_de_cidadao_donisete_fae_000443.pdf", "ementa": "Concede T\u00edtulo de Cidad\u00e3o Macabuense ao senhor Donisete Fa\u00e9."}, {"id": "2106", "ano": "2022", "numero": "72", "tipo__sigla": "PRL", "tipo__descricao": "Projeto de Resolu\u00e7\u00e3o Legislativa", "autoria": "Lucas Madureira", "texto_original": "http://sapl.conceicaodemacabu.rj.leg.br/media/sapl/public/materialegislativa/2022/2106/pre_n_72-2022_-_mocao_de_aplausos_a_doutora_carla_alvarenga_000442.pdf", "ementa": "Fica concedida Mo\u00e7\u00e3o de Aplausos a Doutora Carla Fernanda Alvarenga Pacheco, pelos relevantes servi\u00e7os prestados ao munic\u00edpio de Concei\u00e7\u00e3o de Macabu/RJ."}, {"id": "1791", "ano": "2022", "numero": "1", "tipo__sigla": "REQ", "tipo__descricao": "Requerimento de Informa\u00e7\u00e3o", "autoria": "Lucas Madureira", "texto_original": "http://sapl.conceicaodemacabu.rj.leg.br/media/sapl/public/materialegislativa/2022/1791/req_01-2022_-_requer_o_envio_de_copia_do_seguinte_processo_administrativo_11.397-2021.pdf", "ementa": "Requer o envio de c\u00f3pia do seguinte processo administrativo: 1)11.397/2021."}, {"id": "1795", "ano": "2022", "numero": "2", "tipo__sigla": "REQ", "tipo__descricao": "Requerimento de Informa\u00e7\u00e3o", "autoria": "Lucas Madureira", "texto_original": "http://sapl.conceicaodemacabu.rj.leg.br/media/sapl/public/materialegislativa/2022/1795/req_02-2022_-_requer_informacoes_dos_processos_licitatorios.pdf", "ementa": "Requer informa\u00e7\u00f5es dos Processos Licitat\u00f3rios: Preg\u00e3o 30/2021;Preg\u00e3o 32/2021; Preg\u00e3o 66/2021(ata de Registro de pre\u00e7os);Preg\u00e3o  71/2021;Preg\u00e3o SRP 73/2021;Preg\u00e3o 74/2021;Preg\u00e3o 75/2021;Preg\u00e3o 84/2021;Preg\u00e3o SRP 88/2021."}, {"id": "1797", "ano": "2022", "numero": "3", "tipo__sigla": "REQ", "tipo__descricao": "Requerimento de Informa\u00e7\u00e3o", "autoria": "Lucas Madureira", "texto_original": "http://sapl.conceicaodemacabu.rj.leg.br/media/sapl/public/materialegislativa/2022/1797/req_03-2022_-_requer_envio_de_copias_de_inteiro_teor_dos_seguintes_pregoes_30.2021_e_73.2021.pdf", "ementa": "Requer envio de c\u00f3pias de inteiro teor dos seguintes Preg\u00f5es;30/2021 e 73/2021."}, {"id": "1798", "ano": "2022", "numero": "4", "tipo__sigla": "REQ", "tipo__descricao": "Requerimento de Informa\u00e7\u00e3o", "autoria": "Lucas Madureira", "texto_original": "http://sapl.conceicaodemacabu.rj.leg.br/media/sapl/public/materialegislativa/2022/1798/req_04-2022_-_requer_informacoes_sobre_irregularidades_na_cozinha_do_hospital.pdf", "ementa": "Requer que seja encaminhado ao secret\u00e1rio de sa\u00fade o presente requerimento das informa\u00e7\u00f5es abaixo, acerca das demandas encaminhadas a este vereador e a esta casa sobre irregularidades encontradas na cozinha do hospital municipal Ana Moreira (local insalubre, local cm temperatura extrema pela falta de ventila\u00e7\u00e3o e defeito nos exaustores, equipamentos em estado prec\u00e1rio ou danificados em uso) que seja informado a esta casa o porqu\u00ea ap\u00f3s 15 meses de governo, n\u00e3o ter sido tomada as medidas necess\u00e1rias para sanar este problema, e informar se por ventura esta sendo tomada alguma medida ou atitude por parte do secret\u00e1rio ou do prefeito e se sim, informar quais medidas."}, {"id": "1801", "ano": "2022", "numero": "5", "tipo__sigla": "REQ", "tipo__descricao": "Requerimento de Informa\u00e7\u00e3o", "autoria": "Lucas Madureira", "texto_original": "http://sapl.conceicaodemacabu.rj.leg.br/media/sapl/public/materialegislativa/2022/1801/req_05-2022_-_informacoes_dos_maquinarios_e_seus_respectivos_gastos_de_combustiveis_e_manutencao.pdf", "ementa": "Requer informa\u00e7\u00f5es dos maquin\u00e1rios e seus respectivos gastos de combust\u00edveis e manuten\u00e7\u00e3o realizados pelo secret\u00e1rio de agropecu\u00e1ria."}, {"id": "1807", "ano": "2022", "numero": "6", "tipo__sigla": "REQ", "tipo__descricao": "Requerimento de Informa\u00e7\u00e3o", "autoria": "Vaguinho", "texto_original": "http://sapl.conceicaodemacabu.rj.leg.br/media/sapl/public/materialegislativa/2022/1807/req_06-2022_-_requer_o_envio_de_copias.pdf", "ementa": "Sirvo-me da presente para requerer o envio de c\u00f3pia das seguintes informa\u00e7\u00f5es:\r\n1) Quantos quilos de lixo foram jogados no aterro sanit\u00e1rio no m\u00eas de novembro e dezembro do ano de 2021;\r\n2)Quantos quilos de lixo foram jogados no aterro sanit\u00e1rio no m\u00eas de janeiro de 2022;\r\n3) Notas das passagens dos lixos referentes aos meses referidos acima com carimbo, data e assinatura do respons\u00e1vel pelo acompanhamento na balan\u00e7a do aterro sanit\u00e1rio na qual temos contrato vigente, pedido este se faz necess\u00e1rio para apurar den\u00fancias."}, {"id": "1808", "ano": "2022", "numero": "7", "tipo__sigla": "REQ", "tipo__descricao": "Requerimento de Informa\u00e7\u00e3o", "autoria": "Vaguinho", "texto_original": "http://sapl.conceicaodemacabu.rj.leg.br/media/sapl/public/materialegislativa/2022/1808/req_07-2022_-_requer_o_envio_de_copias.pdf", "ementa": "Requer o envio de c\u00f3pia das seguintes informa\u00e7\u00f5es:\r\n1) Informa a esta casa como s\u00e3o feitos os pedidos para prestar servi\u00e7os a particulares, enviar c\u00f3pias dos pedidos protocolados ou feito de pr\u00f3prio punho;\r\n2) Quantos servi\u00e7os foram prestado para particulares do dia 01/01/2022 at\u00e9 o dia 20/02/2022;\r\n3) Informar se houve ocorr\u00eancia policial contendo crime ambiental, caso afirmativo, enviar c\u00f3pia do registro de ocorr\u00eancia, uma vez que se trata de bens prestadores de servi\u00e7o para empresa p\u00fablica. Pedido este se faz necess\u00e1rio para apurar den\u00fancias."}, {"id": "1809", "ano": "2022", "numero": "8", "tipo__sigla": "REQ", "tipo__descricao": "Requerimento de Informa\u00e7\u00e3o", "autoria": "Vaguinho", "texto_original": "http://sapl.conceicaodemacabu.rj.leg.br/media/sapl/public/materialegislativa/2022/1809/req_08-2022_-_requer_o_envio_de_copia.pdf", "ementa": "Requer o envio de c\u00f3pia das seguintes informa\u00e7\u00f5es:\r\n1) Se existe algum Projeto ou cronograma que identifiquem as l\u00e2mpadas dos postes da cidade queimadas, para que facilitem as trocas;\r\n2) De janeiro de 2021 a janeiro de 2022, quantas l\u00e2mpadas foram trocadas nos postes de nossa cidade;\r\n3) Detalhar qual o valor arrecadados com ilumina\u00e7\u00e3o p\u00fablica e onde foram gastos, enviar notas ficais de todas as compras feitas com os recursos arrecadados da ilumina\u00e7\u00e3o p\u00fablica;\r\n4) Informar atrav\u00e9s de documentos comprobat\u00f3rios assinados, como \u00e9 feito os descartes das l\u00e2mpadas retiradas, n\u00e3o s\u00f3 dos postes, mas de todas as reparti\u00e7\u00f5es p\u00fablicas do munic\u00edpio;\r\n5)Informar se a prefeitura segue as leis n\u00b012.305/2010 plano nacional de res\u00edduos s\u00f3lidos no artigo n\u00b0225; lei n\u00b06.938/81 pol\u00edtica nacional de meio ambiente, decreto n\u00b08.468/75, sobre preven\u00e7\u00e3o da polui\u00e7\u00e3o ao meio ambiente; lei n\u00b010.888/01, sobre descarte final de produtos perigosos que tenham metais pesados, decreto federal 96044/88, nbr 7500, nbr13221 que trata o transporte de res\u00edduos. Pedido este se faz necess\u00e1rio para apurar den\u00fancias."}, {"id": "1823", "ano": "2022", "numero": "9", "tipo__sigla": "REQ", "tipo__descricao": "Requerimento de Informa\u00e7\u00e3o", "autoria": "Toninho da Sa\u00fade", "texto_original": "http://sapl.conceicaodemacabu.rj.leg.br/media/sapl/public/materialegislativa/2022/1823/req_09-2022_-_montante_mensal_arrecadado_com_a_cip.pdf", "ementa": "Requerer o envio da seguinte informa\u00e7\u00e3o: \r\n1)\tO montante mensal arrecadado pelo munic\u00edpio de Concei\u00e7\u00e3o de Macabu com a Contribui\u00e7\u00e3o de Ilumina\u00e7\u00e3o P\u00fablica do Munic\u00edpio a partir de 01 de janeiro de 2022 at\u00e9 a presente data."}, {"id": "1840", "ano": "2022", "numero": "10", "tipo__sigla": "REQ", "tipo__descricao": "Requerimento de Informa\u00e7\u00e3o", "autoria": "COEDUC - Comiss\u00e3o de Educa\u00e7\u00e3o", "texto_original": "http://sapl.conceicaodemacabu.rj.leg.br/media/sapl/public/materialegislativa/2022/1840/req_10-2022_-_informacoes_do_reiterado_descumprimento_da_legislacao_municipal_1.755.2022.pdf", "ementa": "SOLICITAR INFORMA\u00c7\u00d5ES DO REITERADO DESCUMPRIMENTO DA LEGILA\u00c7\u00c3O MUNICIPAL  1.755/2022,ENCAMINHADA PELO PODER EXECUTIVO MUNICIPAL EM 21/01/2022,E PUBLICADO NOS DITAMES PORTARIA 67 DE 04/02/2022 NO DIARIO OFICIAL DA UNI\u00c3O DE 07/02/2022."}, {"id": "1845", "ano": "2022", "numero": "11", "tipo__sigla": "REQ", "tipo__descricao": "Requerimento de Informa\u00e7\u00e3o", "autoria": "Dhal", "texto_original": "http://sapl.conceicaodemacabu.rj.leg.br/media/sapl/public/materialegislativa/2022/1845/req_11-2022__-_seja_informado_a_quantidade_de_servidores_municipais_do_sepe.pdf", "ementa": "Que seja informado a quantidade de servidores municipais de Concei\u00e7\u00e3o de Macabu, que s\u00e3o associados ou filiados ao SEPE (sindicato estadual dos profissionais da educa\u00e7\u00e3o do Rio de Janeiro, n\u00facleo Concei\u00e7\u00e3o de Macabu)."}, {"id": "1847", "ano": "2022", "numero": "12", "tipo__sigla": "REQ", "tipo__descricao": "Requerimento de Informa\u00e7\u00e3o", "autoria": "Nath\u00e1lia Braga", "texto_original": "http://sapl.conceicaodemacabu.rj.leg.br/media/sapl/public/materialegislativa/2022/1847/req_12-2022_-_informacao_do_andamento_do_procedimento_licitatorio_referente_ao_transporte_publico_.pdf", "ementa": "Solicitando informa\u00e7\u00e3o do andamento do procedimento licitat\u00f3rio referente ao transporte p\u00fablico municipal, detalhando todas as etapas j\u00e1 realizadas, e as que ainda faltam acontecer, bem como, informar se existe eventual decis\u00e3o judicial ou at\u00e9 interven\u00e7\u00e3o do minist\u00e9rio p\u00fablico sobre o tema."}, {"id": "1854", "ano": "2022", "numero": "13", "tipo__sigla": "REQ", "tipo__descricao": "Requerimento de Informa\u00e7\u00e3o", "autoria": "Dhal", "texto_original": "http://sapl.conceicaodemacabu.rj.leg.br/media/sapl/public/materialegislativa/2022/1854/req_13-2022_-_informacoes_acerca_de_tramitacoes_de_abertura_de_empresas.pdf", "ementa": "Requer ao secret\u00e1rio municipal de desenvolvimento econ\u00f4mico trabalho e renda informa\u00e7\u00f5es acerca de tramita\u00e7\u00f5es de abertura de empresas."}, {"id": "1862", "ano": "2022", "numero": "14", "tipo__sigla": "REQ", "tipo__descricao": "Requerimento de Informa\u00e7\u00e3o", "autoria": "Guta", "texto_original": "http://sapl.conceicaodemacabu.rj.leg.br/media/sapl/public/materialegislativa/2022/1862/req_14-2022_-_informacao_sobre_o_calendario_festivo_do_municipio.pdf", "ementa": "Solicita informa\u00e7\u00e3o sobre o calend\u00e1rio festivo do munic\u00edpio, nos seguintes pontos: 1-exposi\u00e7\u00e3o 2-festival gastron\u00f4mico 3-encontro de motociclistas."}, {"id": "1873", "ano": "2022", "numero": "15", "tipo__sigla": "REQ", "tipo__descricao": "Requerimento de Informa\u00e7\u00e3o", "autoria": "Ga\u00facho", "texto_original": "http://sapl.conceicaodemacabu.rj.leg.br/media/sapl/public/materialegislativa/2022/1873/req_15-2022_-_informacoes_do_motivo_que_levou_a_prefeitura_a_nao_efetivar_o_pagamento_do_trienio.pdf", "ementa": "Solicitando informa\u00e7\u00f5es do motivo que levou a prefeitura a n\u00e3o efetivar o pagamento do tri\u00eanio devido aos servidores em raz\u00e3o da perda da efic\u00e1cia da Lei Complementar 173."}, {"id": "1886", "ano": "2022", "numero": "16", "tipo__sigla": "REQ", "tipo__descricao": "Requerimento de Informa\u00e7\u00e3o", "autoria": "Guta", "texto_original": "http://sapl.conceicaodemacabu.rj.leg.br/media/sapl/public/materialegislativa/2022/1886/req_16-2022_-_requer_informacoes_acerca_dos_motivos_para_nao_realizacao_de_obras_no_municipio.pdf", "ementa": "Requer informa\u00e7\u00f5es acerca dos motivos para n\u00e3o realiza\u00e7\u00e3o de obras no munic\u00edpio"}, {"id": "1887", "ano": "2022", "numero": "17", "tipo__sigla": "REQ", "tipo__descricao": "Requerimento de Informa\u00e7\u00e3o", "autoria": "Guta", "texto_original": "http://sapl.conceicaodemacabu.rj.leg.br/media/sapl/public/materialegislativa/2022/1887/req_17-2022_-_requer_informacoes_acerca_de_realizacao_de_exames_de_endoscopia.pdf", "ementa": "Requer informa\u00e7\u00f5es acerca de realiza\u00e7\u00e3o de exames de Endoscopia"}, {"id": "1897", "ano": "2022", "numero": "18", "tipo__sigla": "REQ", "tipo__descricao": "Requerimento de Informa\u00e7\u00e3o", "autoria": "Lucas Madureira", "texto_original": "http://sapl.conceicaodemacabu.rj.leg.br/media/sapl/public/materialegislativa/2022/1897/req_18-2022_-_informacoes_acerca_dos_motivos_para_publicacao_no_do_da_lei_540.2002.pdf", "ementa": "Requer informa\u00e7\u00f5es acerca dos motivos para publica\u00e7\u00e3o no Di\u00e1rio Oficial do Munic\u00edpio da Lei Municipal n.\u00ba 540/2002"}, {"id": "1898", "ano": "2022", "numero": "19", "tipo__sigla": "REQ", "tipo__descricao": "Requerimento de Informa\u00e7\u00e3o", "autoria": "Lucas Madureira", "texto_original": "http://sapl.conceicaodemacabu.rj.leg.br/media/sapl/public/materialegislativa/2022/1898/req_19-2022_-_cobranca_da_taxa_de_inscricao_para_emissao_de_nota_fiscal.pdf", "ementa": "Requer informa\u00e7\u00f5es acerca de qual norma legal est\u00e1 sendo utilizada  para cobran\u00e7a da taxa de inscri\u00e7\u00e3o para emiss\u00e3o de Nota Fiscal e da taxa de emiss\u00e3o de Alvar\u00e1 dos Microempreendedores Individuais"}, {"id": "1907", "ano": "2022", "numero": "20", "tipo__sigla": "REQ", "tipo__descricao": "Requerimento de Informa\u00e7\u00e3o", "autoria": "Guta", "texto_original": "http://sapl.conceicaodemacabu.rj.leg.br/media/sapl/public/materialegislativa/2022/1907/req_20-2022_-_requer_informacoes_acerca_de_processo_licitatorio_de_locacao_de_equipamentos_de_uti.pdf", "ementa": "Requer informa\u00e7\u00f5es acerca de processo licitat\u00f3rio de loca\u00e7\u00e3o de equipamentos de UTI"}, {"id": "1917", "ano": "2022", "numero": "21", "tipo__sigla": "REQ", "tipo__descricao": "Requerimento de Informa\u00e7\u00e3o", "autoria": "Guta", "texto_original": "http://sapl.conceicaodemacabu.rj.leg.br/media/sapl/public/materialegislativa/2022/1917/req_21-2022_-_informacao_da_obra_da_creche_do_bairro_da_vila_nova.pdf", "ementa": "Solicitando informa\u00e7\u00f5es ao Secret\u00e1rio Municipal de Educa\u00e7\u00e3o datada  em 25/01/2022,e que se encontra at\u00e9 a presente data sem retorno, solicito informa\u00e7\u00e3o da obra da Creche do bairro da Vila Nova, que havia sido paralisado devido problemas de escritura do terreno."}, {"id": "1923", "ano": "2022", "numero": "22", "tipo__sigla": "REQ", "tipo__descricao": "Requerimento de Informa\u00e7\u00e3o", "autoria": "Ga\u00facho", "texto_original": "http://sapl.conceicaodemacabu.rj.leg.br/media/sapl/public/materialegislativa/2022/1923/req_22-2022_-_informacao_quanto_a_atuacao_do_municipio_no_servico_funeral_social.pdf", "ementa": "Solicita informa\u00e7\u00e3o quanto a atua\u00e7\u00e3o do munic\u00edpio de Concei\u00e7\u00e3o de Macabu no servi\u00e7o funeral social."}, {"id": "1929", "ano": "2022", "numero": "23", "tipo__sigla": "REQ", "tipo__descricao": "Requerimento de Informa\u00e7\u00e3o", "autoria": "Lucas Madureira", "texto_original": "http://sapl.conceicaodemacabu.rj.leg.br/media/sapl/public/materialegislativa/2022/1929/req_23-2022_-_requer_informacoes_quanto_ao_cumprimento_de_carga_horaria_de_trabalho_do_diretor_geral.pdf", "ementa": "Requer informa\u00e7\u00f5es quanto ao cumprimento de carga hor\u00e1ria de trabalho do diretor geral da E.M.M.M.A"}, {"id": "1940", "ano": "2022", "numero": "24", "tipo__sigla": "REQ", "tipo__descricao": "Requerimento de Informa\u00e7\u00e3o", "autoria": "Ga\u00facho", "texto_original": "http://sapl.conceicaodemacabu.rj.leg.br/media/sapl/public/materialegislativa/2022/1940/req_24-2022_-_informacoes_quanto_aos_gastos_por_secretaria_muni._com_diarias_de_pequenas_despesas.pdf", "ementa": "SOLICITANDO INFORMA\u00c7\u00d5ES QUANTO AOS GASTOS POR SECRETARIA MUNICIPAL COM DI\u00c1RIAS DE PEQUENAS DESPESAS NO PER[IODO DE 01 DE 2021 \u00c1 PRESENTE DATA."}, {"id": "1941", "ano": "2022", "numero": "25", "tipo__sigla": "REQ", "tipo__descricao": "Requerimento de Informa\u00e7\u00e3o", "autoria": "Ga\u00facho", "texto_original": "http://sapl.conceicaodemacabu.rj.leg.br/media/sapl/public/materialegislativa/2022/1941/req_25-2022_-_informacoes_quanto_ao_repasse_de_icms_ecologico_ao_municipio_nos_anos_de_2019-2021__.pdf", "ementa": "SOLICITANDO INFORMA\u00c7\u00d5ES QUANTO AO REPASSE DE ICMS ECOL\u00d3GICO AO MUNIC\u00cdPIO NOS ANOS DE 2019,2020 E 2021."}, {"id": "1944", "ano": "2022", "numero": "26", "tipo__sigla": "REQ", "tipo__descricao": "Requerimento de Informa\u00e7\u00e3o", "autoria": "Nath\u00e1lia Braga", "texto_original": "http://sapl.conceicaodemacabu.rj.leg.br/media/sapl/public/materialegislativa/2022/1944/req_26-2022_-_informacao_quanto_a_implantacao_do_dia_de_planejamento_conhecido_como_1.3_extraclasse.pdf", "ementa": "Requer informa\u00e7\u00e3o quanto \u00e0 implanta\u00e7\u00e3o do dia de planejamento, comumente conhecido como 1/3 extraclasse."}, {"id": "1978", "ano": "2022", "numero": "27", "tipo__sigla": "REQ", "tipo__descricao": "Requerimento de Informa\u00e7\u00e3o", "autoria": "Lucas Madureira", "texto_original": "http://sapl.conceicaodemacabu.rj.leg.br/media/sapl/public/materialegislativa/2022/1978/req_27-2022_-_apreensoes_de_animais_soltos_nas_vias_publicas.pdf", "ementa": "Requerer o envio das seguintes informa\u00e7\u00f5es: \r\n1)\tEst\u00e3o ocorrendo apreens\u00f5es de animais soltos nas vias p\u00fablicas do munic\u00edpio?\r\n2)\tCaso positiva a resposta acima, para qual dep\u00f3sito s\u00e3o encaminhados os animais apreendidos?\r\n3)\tCaso negativa a resposta ao item 1, quais os motivos para n\u00e3o haver a presta\u00e7\u00e3o do servi\u00e7o de apreens\u00e3o de animais no munic\u00edpio?\r\n4)\tSendo certo a necessidade da execu\u00e7\u00e3o do servi\u00e7o objeto do presente requerimento, qual a previs\u00e3o para o retorno das apreens\u00f5es dos animais soltos na cidade?\r\nCerto de contar com aprova\u00e7\u00e3o do presente REQUERIMENTO pelos demais parlamentares e do pronto atendimento pela Procuradoria do Munic\u00edpio, reitero votos de estima e apre\u00e7o."}, {"id": "1999", "ano": "2022", "numero": "28", "tipo__sigla": "REQ", "tipo__descricao": "Requerimento de Informa\u00e7\u00e3o", "autoria": "Ga\u00facho", "texto_original": "http://sapl.conceicaodemacabu.rj.leg.br/media/sapl/public/materialegislativa/2022/1999/req_28-2022_-_requer_informacoes_acerca_de_comprovacao_de_pagamentos_de_diarias.pdf", "ementa": "Requer informa\u00e7\u00f5es acerca de comprova\u00e7\u00e3o de pagamentos de di\u00e1rias"}, {"id": "2011", "ano": "2022", "numero": "29", "tipo__sigla": "REQ", "tipo__descricao": "Requerimento de Informa\u00e7\u00e3o", "autoria": "Guta, Ga\u00facho, Lucas Madureira", "texto_original": "http://sapl.conceicaodemacabu.rj.leg.br/media/sapl/public/materialegislativa/2022/2011/req_29-2022_-_irredutibilidade_de_vencimentos.pdf", "ementa": "Solicitando informa\u00e7\u00f5es do que segue:\r\n1- Qual o motivo da diferen\u00e7a de n\u00edveis ca\u00edrem de 4% para os atuais 2%, em contraponto a veda\u00e7\u00e3o constitucional da irredutibilidade de vencimentos, conforme se extraia das informa\u00e7\u00f5es contidas nas tabelas em anexo. \r\n2- Se existe previs\u00e3o legal estipulando a atual porcentagem de diferen\u00e7a de n\u00edvel, que \u00e9 pela metade inferior ao praticado nos anos anteriores."}, {"id": "2013", "ano": "2022", "numero": "30", "tipo__sigla": "REQ", "tipo__descricao": "Requerimento de Informa\u00e7\u00e3o", "autoria": "Dhal", "texto_original": "http://sapl.conceicaodemacabu.rj.leg.br/media/", "ementa": "Requer que seja dispensado os pareceres das Comiss\u00f5es, tendo como consequ\u00eancia, a possibilidade de leitura e vota\u00e7\u00e3o do Projeto de Lei objeto do requerimento em \u00fanica sess\u00e3o, consoante dic\u00e7\u00e3o do artigo 78 do regimento interno desta egr\u00e9gia Casa de Leis."}, {"id": "2021", "ano": "2022", "numero": "31", "tipo__sigla": "REQ", "tipo__descricao": "Requerimento de Informa\u00e7\u00e3o", "autoria": "Guta", "texto_original": "http://sapl.conceicaodemacabu.rj.leg.br/media/sapl/public/materialegislativa/2022/2021/req_31-2022_-_vagas_para_facilitador_de_oficinas_e_orientador_social.pdf", "ementa": "Tendo em vista abertura de vagas para facilitador de Oficinas e Orientador Social, Requer informa\u00e7\u00f5es do que segue:\r\n1- Quais ser\u00e3o os requisitos para o preenchimento das vagas.\r\n2- Quais ser\u00e3o os crit\u00e9rios utilizados no Processo Seletivo.\r\n3- Ser\u00e1 realizado pelo pr\u00f3prio munic\u00edpio ou por interm\u00e9dio de empresa contratada ? \r\n4- Como ser\u00e1 formada a comiss\u00e3o fiscalizadora do processo seletivo."}, {"id": "2030", "ano": "2022", "numero": "32", "tipo__sigla": "REQ", "tipo__descricao": "Requerimento de Informa\u00e7\u00e3o", "autoria": "Guta, Ga\u00facho, Lucas Madureira", "texto_original": "http://sapl.conceicaodemacabu.rj.leg.br/media/sapl/public/materialegislativa/2022/2030/req_32-2022_-_copia_de_inteiro_teor.pdf", "ementa": "Requerimento objetivando que sejam prestadas as informa\u00e7\u00f5es abaixo:\r\nC\u00f3pia de inteiro teor:\r\n1. Do processo n\u00b01.740/2022;\r\n2. Do processo n\u00b011.731/2022;\r\n3. Do processo da secretaria de educa\u00e7\u00e3o e cultura que culminou em ades\u00e3o \u00e0 ata de registro de pre\u00e7os referente a merenda escolar no ano de 2022;\r\n4. da abertura de sindic\u00e2ncia de n.\u00b08.913/2022, relativa ao processo licitat\u00f3rio n\u00b0 1.740/2022."}, {"id": "2037", "ano": "2022", "numero": "33", "tipo__sigla": "REQ", "tipo__descricao": "Requerimento de Informa\u00e7\u00e3o", "autoria": "Nath\u00e1lia Braga", "texto_original": "http://sapl.conceicaodemacabu.rj.leg.br/media/sapl/public/materialegislativa/2022/2037/req_33-2022_-_informacao_do_andamento_do_procedimento_licitatorio_referente_ao_transporte_publico.pdf", "ementa": "Sirvo-me do presente para solicitar informa\u00e7\u00e3o do andamento do procedimento licitat\u00f3rio referente ao Transporte P\u00fablico Municipal, tendo em vista que fora respondido em 27 de abril do corrente ano, que o referido processo estaria em fase final de confec\u00e7\u00e3o de minuta do edital, sendo certo que j\u00e1 se passaram quase 04 meses e nada foi \u00e0 frente."}, {"id": "2038", "ano": "2022", "numero": "34", "tipo__sigla": "REQ", "tipo__descricao": "Requerimento de Informa\u00e7\u00e3o", "autoria": "Nath\u00e1lia Braga", "texto_original": "http://sapl.conceicaodemacabu.rj.leg.br/media/sapl/public/materialegislativa/2022/2038/req_34-2022_-_informacao_do_planejamento_e_execucoes_de_servicos_da_secretaria_municipal_de_agropecu.pdf", "ementa": "Sirvo-me do presente para solicitar informa\u00e7\u00e3o do planejamento e execu\u00e7\u00f5es de servi\u00e7os da Secretaria Municipal de Agropecu\u00e1ria nos pr\u00f3ximos tr\u00eas meses, de forma discriminada, com agenda de atendimentos di\u00e1rios, anexando para tanto o cronograma das estradas vicinais a serem atendidas, bem como de todos os servi\u00e7os agendados aos Mun\u00edcipes, individualizando estes por nome e dias a serem realizados."}, {"id": "2040", "ano": "2022", "numero": "35", "tipo__sigla": "REQ", "tipo__descricao": "Requerimento de Informa\u00e7\u00e3o", "autoria": "Lucas Madureira", "texto_original": "http://sapl.conceicaodemacabu.rj.leg.br/media/sapl/public/materialegislativa/2022/2040/req_35-2022_-_enncaminhar_ao_prefeito_copia_de_processos.pdf", "ementa": "Reque na forma regimental, que seja encaminhado ao Prefeito, o presente Requerimento objetivando que sejam prestadas as informa\u00e7\u00f5es abaixo:\r\nc\u00f3pias de inteiro teor dos seguintes processos:\r\n1- 12.099/2021\r\n2-7.615/2022\r\n3-10.557/2022"}, {"id": "2049", "ano": "2022", "numero": "36", "tipo__sigla": "REQ", "tipo__descricao": "Requerimento de Informa\u00e7\u00e3o", "autoria": "Guta", "texto_original": "http://sapl.conceicaodemacabu.rj.leg.br/media/", "ementa": "Pedido de informa\u00e7\u00e3o:\r\n\r\n1 - Se o Munic\u00edpio est\u00e1 em dia com as informa\u00e7\u00f5es do Sistema Nacional de Informa\u00e7\u00f5es sobre o Saneamento (SNIS).\r\n\r\n2 - Qual foi a data da \u00faltima inser\u00e7\u00e3o de informa\u00e7\u00e3o do SNIS.\r\n\r\n3 - Qual foi a informa\u00e7\u00e3o inserida no Sistema, informando para tanto o protocolo e anexando a c\u00f3pia do mesmo."}, {"id": "2053", "ano": "2022", "numero": "37", "tipo__sigla": "REQ", "tipo__descricao": "Requerimento de Informa\u00e7\u00e3o", "autoria": "Lucas Madureira", "texto_original": "http://sapl.conceicaodemacabu.rj.leg.br/media/sapl/public/materialegislativa/2022/2053/req_37-2018_-_informacao_acerca_dos_motoristas_e_dos_servidores_nao_motoristas_que_dirigem_veiculos_.pdf", "ementa": "Requer pedido de informa\u00e7\u00e3o acerca dos Motoristas e dos servidores n\u00e3o Motoristas que dirigem ve\u00edculos oficiais da Prefeitura Municipal de Concei\u00e7\u00e3o de Macabu/RJ."}, {"id": "2067", "ano": "2022", "numero": "38", "tipo__sigla": "REQ", "tipo__descricao": "Requerimento de Informa\u00e7\u00e3o", "autoria": "Dhal", "texto_original": "http://sapl.conceicaodemacabu.rj.leg.br/media/", "ementa": "Requer a Vossas Excel\u00eancias, na forma regimental, que seja dispensado os pareceres das Comiss\u00f5es, tendo como consequ\u00eancia, a possibilidade de leitura e vota\u00e7\u00e3o do Projeto de Lei objeto do requerimento em \u00fanica sess\u00e3o, consoante dic\u00e7\u00e3o do artigo 78 de Regimento Interno desta egr\u00e9gia Casa de Leis."}, {"id": "2087", "ano": "2022", "numero": "39", "tipo__sigla": "REQ", "tipo__descricao": "Requerimento de Informa\u00e7\u00e3o", "autoria": "Nath\u00e1lia Braga", "texto_original": "http://sapl.conceicaodemacabu.rj.leg.br/media/sapl/public/materialegislativa/2022/2087/req_39-2022_-_requer_informacoes_acerca_de_andamento_da_obra_da_creche_vovo_cedinha.pdf", "ementa": "Requer informa\u00e7\u00f5es acerca de andamento da obra da Creche Vov\u00f3 Cedinha"}, {"id": "2088", "ano": "2022", "numero": "40", "tipo__sigla": "REQ", "tipo__descricao": "Requerimento de Informa\u00e7\u00e3o", "autoria": "Nath\u00e1lia Braga", "texto_original": "http://sapl.conceicaodemacabu.rj.leg.br/media/sapl/public/materialegislativa/2022/2088/req_40-2022_-_informacoes_acerca_de_imoveis_da_prefeitura_que_estao_inutilizados_e_quais_os_motivos_.pdf", "ementa": "Requer informa\u00e7\u00f5es acerca de im\u00f3veis da prefeitura que est\u00e3o inutilizados e quais os motivos da inutiliza\u00e7\u00e3o"}, {"id": "2107", "ano": "2022", "numero": "41", "tipo__sigla": "REQ", "tipo__descricao": "Requerimento de Informa\u00e7\u00e3o", "autoria": "Nath\u00e1lia Braga", "texto_original": "http://sapl.conceicaodemacabu.rj.leg.br/media/", "ementa": "REQUER DISPENSA DE PARECERES DAS COMISS\u00d5ES DA CASA LEGISLATIVA, NA FORMA DO ARTIGO 78 DO REGIMENTO INTERNO."}, {"id": "2108", "ano": "2022", "numero": "42", "tipo__sigla": "REQ", "tipo__descricao": "Requerimento de Informa\u00e7\u00e3o", "autoria": "Lucas Madureira", "texto_original": "http://sapl.conceicaodemacabu.rj.leg.br/media/sapl/public/materialegislativa/2022/2108/req_42-2022_-_requer_copia_de_inteiro_teor_do_processo_n._242-2022.pdf", "ementa": "Requer c\u00f3pia de inteiro teor do processo n.\u00ba 242/2022"}, {"id": "2109", "ano": "2022", "numero": "43", "tipo__sigla": "REQ", "tipo__descricao": "Requerimento de Informa\u00e7\u00e3o", "autoria": "Lucas Madureira", "texto_original": "http://sapl.conceicaodemacabu.rj.leg.br/media/sapl/public/materialegislativa/2022/2109/requerimento_43-2022_-_lucas_madureira.pdf", "ementa": "Objetivando informa\u00e7\u00f5es quanto a contrata\u00e7\u00e3o de empresa especializada em coleta, armazenamento, tratamento e destina\u00e7\u00e3o final hospital e res\u00edduos de sa\u00fade, que fora homologada no dia 18 de agosto de 2022, em especial quanto ao processo licitat\u00f3rio na \u00edntegra, anexando junto todas as publica\u00e7\u00f5es realizadas relativas ao certame."}, {"id": "2126", "ano": "2022", "numero": "44", "tipo__sigla": "REQ", "tipo__descricao": "Requerimento de Informa\u00e7\u00e3o", "autoria": "Lucas Madureira", "texto_original": "http://sapl.conceicaodemacabu.rj.leg.br/media/sapl/public/materialegislativa/2022/2126/req_44-2022_-__encaminhamento_a_esta_casa_legislativa_de_copia_de_inteiro_teor_do_processo_n_7.299.pdf", "ementa": "Requer o encaminhamento a esta Casa legislativa de C\u00f3pia de Inteiro teor: Do processo n\u00b07.299/2022."}, {"id": "2130", "ano": "2022", "numero": "45", "tipo__sigla": "REQ", "tipo__descricao": "Requerimento de Informa\u00e7\u00e3o", "autoria": "Lucas Madureira", "texto_original": "http://sapl.conceicaodemacabu.rj.leg.br/media/sapl/public/materialegislativa/2022/2130/req_45-2022_-_informacoes_referentes_as_horas_extras_realizadas_por_pessoas_fisicas_que_ocupam_cargo.pdf", "ementa": "Requer informa\u00e7\u00f5es referentes \u00c0s horas extras realizadas por pessoas f\u00edsicas que ocupam cargo de provimento em comiss\u00e3o"}, {"id": "2140", "ano": "2022", "numero": "46", "tipo__sigla": "REQ", "tipo__descricao": "Requerimento de Informa\u00e7\u00e3o", "autoria": "Dhal", "texto_original": "http://sapl.conceicaodemacabu.rj.leg.br/media/", "ementa": "Requer que seja dispensado os pareceres da Comiss\u00f5es, tendo como consequ\u00eancia, a possibilidade de leitura e vota\u00e7\u00e3o do Projeto de Lei n.\u00b031/2022 do Excelent\u00edssimo Senhor Prefeito em \u00fanica sess\u00e3o, consoante dic\u00e7\u00e3o do artigo 78 do regimento Interno desta egr\u00e9gia Casa de Leis."}, {"id": "2142", "ano": "2022", "numero": "47", "tipo__sigla": "REQ", "tipo__descricao": "Requerimento de Informa\u00e7\u00e3o", "autoria": "Nath\u00e1lia Braga", "texto_original": "http://sapl.conceicaodemacabu.rj.leg.br/media/sapl/public/materialegislativa/2022/2142/ri_47-2022_-_requer_a_renuncia_ao_cargo_de_presidente_da_comissao_permanente_de_saude.pdf", "ementa": "A vereadora Nath\u00e1lia Braga requer a renuncia ao Cargo de Presidente da Comiss\u00e3o Permanente de Sa\u00fade."}, {"id": "2170", "ano": "2022", "numero": "48", "tipo__sigla": "REQ", "tipo__descricao": "Requerimento de Informa\u00e7\u00e3o", "autoria": "Lucas Madureira, Ga\u00facho, Guta", "texto_original": "http://sapl.conceicaodemacabu.rj.leg.br/media/sapl/public/materialegislativa/2022/2170/req_48-2022_-_solicita_copia_do_processo_licitatorio_e_de_pagamento.pdf", "ementa": "Solicita c\u00f3pia do processo licitat\u00f3rio e de pagamento, preg\u00e3o eletr\u00f4nico 085/2022 e carta convite 013/2022, ambas com mesmo objeto, visando contrata\u00e7\u00e3o de empresa para prestar servi\u00e7os de arbitragem no ano de 2022, para atender as necessidades da secretaria municipal de esporte e lazer, informando ainda destacadamente: 1- Dados completos das empresas vencedoras do certame, incluindo endere\u00e7o; 2- Quantidade de \u00e1rbitros fornecidos no contrato, especificando por categoria e com a devida comprova\u00e7\u00e3o de vinculo destes com a empresa vencedora do certame; 3- Valor pago aos funcion\u00e1rios pela empresa contratada, em compara\u00e7\u00e3o ao pago pelo munic\u00edpio por cada um destes em planilha."}, {"id": "2171", "ano": "2022", "numero": "49", "tipo__sigla": "REQ", "tipo__descricao": "Requerimento de Informa\u00e7\u00e3o", "autoria": "Ga\u00facho, Guta, Lucas Madureira", "texto_original": "http://sapl.conceicaodemacabu.rj.leg.br/media/sapl/public/materialegislativa/2022/2171/ri_49-2022_-_agenda_de_eventos_oficiais_que_ocorrerao_no_municipio_ate_31.12.2022.pdf", "ementa": "Requer seja informada a agenda de eventos oficiais que ocorrer\u00e3o no Munic\u00edpio at\u00e9 31/12/2022, com as respectivas programa\u00e7\u00f5es ou, caso n\u00e3o for poss\u00edvel, os respectivos planos de a\u00e7\u00f5es anexos."}, {"id": "2178", "ano": "2022", "numero": "50", "tipo__sigla": "REQ", "tipo__descricao": "Requerimento de Informa\u00e7\u00e3o", "autoria": "Guta", "texto_original": "http://sapl.conceicaodemacabu.rj.leg.br/media/sapl/public/materialegislativa/2022/2178/ri_50-2022_-_informacoes_se_ha_no_planejamento_do_municipio_a_implantacao_da_legislacao_federal.pdf", "ementa": "Solicito informa\u00e7\u00f5es se h\u00e1 no planejamento do Munic\u00edpio [...], a implanta\u00e7\u00e3o da Legisla\u00e7\u00e3o Federal supracitada, tendo em vista que o Concurso P\u00fablico Municipal se encontra em vigor, em havendo defasagem de Servidores para implanta\u00e7\u00e3o do 1/3 extraclasse, poder\u00e1 ser suprimida com chamamento dos aprovados."}, {"id": "2186", "ano": "2022", "numero": "51", "tipo__sigla": "REQ", "tipo__descricao": "Requerimento de Informa\u00e7\u00e3o", "autoria": "Dhal", "texto_original": "http://sapl.conceicaodemacabu.rj.leg.br/media/sapl/public/materialegislativa/2022/2186/ri_51-2022_-_informacoes_quanto_a_existencia_de_taxa_a_ser_paga.pdf", "ementa": "Requer informa\u00e7\u00f5es quanto a exist\u00eancia de taxa a ser paga no momento do protocolo de solicita\u00e7\u00f5es diversas junto ao Protocolo Municipal"}, {"id": "2198", "ano": "2022", "numero": "52", "tipo__sigla": "REQ", "tipo__descricao": "Requerimento de Informa\u00e7\u00e3o", "autoria": "Nath\u00e1lia Braga", "texto_original": "http://sapl.conceicaodemacabu.rj.leg.br/media/sapl/public/materialegislativa/2022/2198/ri_52-2022_-_inteiro_teor_da_contratacao_por_inexigibilidade_numero_de_processo_16307.2022.pdf", "ementa": "Solicita inteiro teor da contrata\u00e7\u00e3o por inexigibilidade, n\u00famero de processo 16307/2022, Contrato n\u00famero: 149/2022."}, {"id": "2203", "ano": "2022", "numero": "53", "tipo__sigla": "REQ", "tipo__descricao": "Requerimento de Informa\u00e7\u00e3o", "autoria": "Lucas Madureira, Ga\u00facho, Guta, Nath\u00e1lia Braga", "texto_original": "http://sapl.conceicaodemacabu.rj.leg.br/media/", "ementa": "Requer que seja dispensado os pareceres da Comiss\u00f5es, tendo como consequ\u00eancia, a possibilidade de leitura e vota\u00e7\u00e3o do Projeto de Lei n.\u00b083/2022 em \u00fanica sess\u00e3o, consoante dic\u00e7\u00e3o do artigo 78 do regimento Interno desta egr\u00e9gia Casa de Leis."}, {"id": "2209", "ano": "2022", "numero": "54", "tipo__sigla": "REQ", "tipo__descricao": "Requerimento de Informa\u00e7\u00e3o", "autoria": "Dhal", "texto_original": "http://sapl.conceicaodemacabu.rj.leg.br/media/", "ementa": "Requer, na forma regimental, que seja dispensado os pareceres das Comiss\u00f5es, tendo como consequ\u00eancia a possibilidade de leitura e vota\u00e7\u00e3o do Projeto de Lei objeto do requerimento em \u00fanica sess\u00e3o."}, {"id": "1794", "ano": "2022", "numero": "1", "tipo__sigla": "IND", "tipo__descricao": "Indica\u00e7\u00e3o Legislativa", "autoria": "Ga\u00facho", "texto_original": "http://sapl.conceicaodemacabu.rj.leg.br/media/sapl/public/materialegislativa/2022/1794/indicacao_n01-2022_000514.pdf", "ementa": "Indica altera\u00e7\u00e3o do art. 98, do Estatuto dos Servidores P\u00fablicos de Concei\u00e7\u00e3o de Macabu"}, {"id": "1796", "ano": "2022", "numero": "2", "tipo__sigla": "IND", "tipo__descricao": "Indica\u00e7\u00e3o Legislativa", "autoria": "Ga\u00facho", "texto_original": "http://sapl.conceicaodemacabu.rj.leg.br/media/sapl/public/materialegislativa/2022/1796/indicacao_n02-2022_000516.pdf", "ementa": "indica contrata\u00e7\u00e3o de uma empresa para que, com a utiliza\u00e7\u00e3o de uma retroescavadeira hidr\u00e1ulica, seja viabilizada a limpeza de todas as valas de nosso munic\u00edpio"}, {"id": "1799", "ano": "2022", "numero": "3", "tipo__sigla": "IND", "tipo__descricao": "Indica\u00e7\u00e3o Legislativa", "autoria": "Guta", "texto_original": "http://sapl.conceicaodemacabu.rj.leg.br/media/sapl/public/materialegislativa/2022/1799/indicacao_n03-2022_000518.pdf", "ementa": "Indica realiza\u00e7\u00e3o de limpeza das valas do bairro Vila Esperan\u00e7a"}, {"id": "1800", "ano": "2022", "numero": "4", "tipo__sigla": "IND", "tipo__descricao": "Indica\u00e7\u00e3o Legislativa", "autoria": "Nath\u00e1lia Braga", "texto_original": "http://sapl.conceicaodemacabu.rj.leg.br/media/sapl/public/materialegislativa/2022/1800/indicacao_n04-2022_000517.pdf", "ementa": "Indica ao secret\u00e1rio municipal de educa\u00e7\u00e3o convoca\u00e7\u00e3o dos professores aprovados no concurso  p\u00fablico"}, {"id": "1802", "ano": "2022", "numero": "5", "tipo__sigla": "IND", "tipo__descricao": "Indica\u00e7\u00e3o Legislativa", "autoria": "Guta", "texto_original": "http://sapl.conceicaodemacabu.rj.leg.br/media/sapl/public/materialegislativa/2022/1802/indicacao_n05-2022_000519.pdf", "ementa": "Objetivando a capina da rua Quinino Nunes, bem como limpeza das valas, no bairro da Usina."}, {"id": "1803", "ano": "2022", "numero": "6", "tipo__sigla": "IND", "tipo__descricao": "Indica\u00e7\u00e3o Legislativa", "autoria": "Guta", "texto_original": "http://sapl.conceicaodemacabu.rj.leg.br/media/sapl/public/materialegislativa/2022/1803/indicacao_n06-2022_000520.pdf", "ementa": "Objetivando vistoria na rua Jair Barcelos, subida da Balan\u00e7a, solicitando a possibilidade resolver a quest\u00e3o de manilhas entupidas."}, {"id": "1804", "ano": "2022", "numero": "7", "tipo__sigla": "IND", "tipo__descricao": "Indica\u00e7\u00e3o Legislativa", "autoria": "Guta", "texto_original": "http://sapl.conceicaodemacabu.rj.leg.br/media/sapl/public/materialegislativa/2022/1804/indicacao_n07-2022_000521.pdf", "ementa": "Objetivando limpeza na bairro Mutir\u00e3o da Rh\u00f3dia, pr\u00f3ximo da quadra."}, {"id": "1805", "ano": "2022", "numero": "8", "tipo__sigla": "IND", "tipo__descricao": "Indica\u00e7\u00e3o Legislativa", "autoria": "Guta", "texto_original": "http://sapl.conceicaodemacabu.rj.leg.br/media/sapl/public/materialegislativa/2022/1805/indicacao_n08-2022_000522.pdf", "ementa": "Objetivando vistoria na quadra da Rh\u00f3dia, pois a trave encontra-se quebrada."}, {"id": "1806", "ano": "2022", "numero": "9", "tipo__sigla": "IND", "tipo__descricao": "Indica\u00e7\u00e3o Legislativa", "autoria": "Guta", "texto_original": "http://sapl.conceicaodemacabu.rj.leg.br/media/sapl/public/materialegislativa/2022/1806/indicacao_n09-2022_000523.pdf", "ementa": "Objetivando vistoria na quadra do Curato, pois as telhas da cobertura est\u00e3o soltas."}, {"id": "1810", "ano": "2022", "numero": "10", "tipo__sigla": "IND", "tipo__descricao": "Indica\u00e7\u00e3o Legislativa", "autoria": "Nath\u00e1lia Braga", "texto_original": "http://sapl.conceicaodemacabu.rj.leg.br/media/sapl/public/materialegislativa/2022/1810/indicacao_n10-2022_000524.pdf", "ementa": "Indica ao poder Executivo a realizar homenagens a semana da mulher, oito de mar\u00e7o, com caf\u00e9 da manh\u00e3 e palestras, na \u00e1rea coberta da pra\u00e7a central."}, {"id": "1811", "ano": "2022", "numero": "11", "tipo__sigla": "IND", "tipo__descricao": "Indica\u00e7\u00e3o Legislativa", "autoria": "Ga\u00facho", "texto_original": "http://sapl.conceicaodemacabu.rj.leg.br/media/sapl/public/materialegislativa/2022/1811/indicacao_n11-2022_000525.pdf", "ementa": "Indica ao Poder Executivo instala\u00e7\u00e3o de corrim\u00e3o sobre corregos na localidade ch\u00e1cara de santana."}, {"id": "1812", "ano": "2022", "numero": "12", "tipo__sigla": "IND", "tipo__descricao": "Indica\u00e7\u00e3o Legislativa", "autoria": "Lucas Madureira", "texto_original": "http://sapl.conceicaodemacabu.rj.leg.br/media/sapl/public/materialegislativa/2022/1812/indicacao_n12-2022_000526.pdf", "ementa": "Indica que os prazos para pagamento do IPTU (Imposto Predial Territorial Urbano) com descontos concedidos pelo Poder Executivo sejam prorrogados por 30 dias"}, {"id": "1813", "ano": "2022", "numero": "13", "tipo__sigla": "IND", "tipo__descricao": "Indica\u00e7\u00e3o Legislativa", "autoria": "Nath\u00e1lia Braga", "texto_original": "http://sapl.conceicaodemacabu.rj.leg.br/media/sapl/public/materialegislativa/2022/1813/indicacao_n13-2022_000527.pdf", "ementa": "INCLUI NO CURR\u00cdCULO ESCOLAR DO ENSINO FUNDAMENTAL DAS ESCOLAS P\u00daBLICAS MUNICIPAIS DE CONCEI\u00c7\u00c3O DE MACABU-RJ O ESTUDO DE ORIENTA\u00c7\u00d5ES B\u00c1SICAS SOBRE EDUCA\u00c7\u00c3O FINANCEIRA, ECONOMIA DOM\u00c9STICA E D\u00c1 OUTRAS PROVID\u00caNCIAS."}, {"id": "1814", "ano": "2022", "numero": "14", "tipo__sigla": "IND", "tipo__descricao": "Indica\u00e7\u00e3o Legislativa", "autoria": "Nath\u00e1lia Braga", "texto_original": "http://sapl.conceicaodemacabu.rj.leg.br/media/sapl/public/materialegislativa/2022/1814/indicacao_n14-2022_000528.pdf", "ementa": "Indica que seja encaminhado ao Poder Executivo, na pessoa do secret\u00e1rio municipal de servi\u00e7o p\u00fablico, a presente indica\u00e7\u00e3o, objetivando que se obrigue o cumprimento da Lei municipal n\u00b01.639/2020, que disp\u00f5e sobre a obrigatoriedade de distribui\u00e7\u00e3o de equipamentos de prote\u00e7\u00e3o individual- EPI, aos funcion\u00e1rios das empresas de limpeza urbana, executores de obras e servi\u00e7os."}, {"id": "1815", "ano": "2022", "numero": "15", "tipo__sigla": "IND", "tipo__descricao": "Indica\u00e7\u00e3o Legislativa", "autoria": "Nath\u00e1lia Braga", "texto_original": "http://sapl.conceicaodemacabu.rj.leg.br/media/sapl/public/materialegislativa/2022/1815/indicacao_n15-2022_000529.pdf", "ementa": "Indica que seja encaminhado ao Poder Executivo, na pessoa do secret\u00e1rio municipal de sa\u00fade, a pressente indica\u00e7\u00e3o, objetivando distribui\u00e7\u00e3o de kit de higiene bucal nas escolas a cada seis meses."}, {"id": "1816", "ano": "2022", "numero": "16", "tipo__sigla": "IND", "tipo__descricao": "Indica\u00e7\u00e3o Legislativa", "autoria": "Guta", "texto_original": "http://sapl.conceicaodemacabu.rj.leg.br/media/sapl/public/materialegislativa/2022/1816/indicacao_n16-2022_000530.pdf", "ementa": "A presente indica\u00e7\u00e3o objetiva a inclus\u00e3o dos servidores comissionados e conselheiros tutelares a fazerem jus ao recebimento do cart\u00e3o alimenta\u00e7\u00e3o."}, {"id": "1817", "ano": "2022", "numero": "17", "tipo__sigla": "IND", "tipo__descricao": "Indica\u00e7\u00e3o Legislativa", "autoria": "Guta", "texto_original": "http://sapl.conceicaodemacabu.rj.leg.br/media/sapl/public/materialegislativa/2022/1817/indicacao_n17-2022_000531.pdf", "ementa": "Objetiva a inclus\u00e3o dos servidores municipais desta c\u00e2mara de vereadores em gozo de licen\u00e7a pr\u00eamio a fazerem jus ao recebimento do auxilio alimenta\u00e7\u00e3o."}, {"id": "1818", "ano": "2022", "numero": "18", "tipo__sigla": "IND", "tipo__descricao": "Indica\u00e7\u00e3o Legislativa", "autoria": "Guta", "texto_original": "http://sapl.conceicaodemacabu.rj.leg.br/media/sapl/public/materialegislativa/2022/1818/indicacao_n18-2022_000532.pdf", "ementa": "Indica instala\u00e7\u00e3o de ventiladores no Posto de Sa\u00fade Rodolfo Gambeta"}, {"id": "1822", "ano": "2022", "numero": "19", "tipo__sigla": "IND", "tipo__descricao": "Indica\u00e7\u00e3o Legislativa", "autoria": "Nath\u00e1lia Braga", "texto_original": "http://sapl.conceicaodemacabu.rj.leg.br/media/sapl/public/materialegislativa/2022/1822/indicacao_n19-2022_000533.pdf", "ementa": "Indica que seja concedido ponto facultativo no dia 14 de mar\u00e7o do corrente ano, tendo em vista o feriado municipal no dia 15 de mar\u00e7o"}, {"id": "1824", "ano": "2022", "numero": "20", "tipo__sigla": "IND", "tipo__descricao": "Indica\u00e7\u00e3o Legislativa", "autoria": "Tcharles", "texto_original": "http://sapl.conceicaodemacabu.rj.leg.br/media/sapl/public/materialegislativa/2022/1824/indicacao_n20-2022_000534.pdf", "ementa": "Indica aumento de di\u00e1rias."}, {"id": "1825", "ano": "2022", "numero": "21", "tipo__sigla": "IND", "tipo__descricao": "Indica\u00e7\u00e3o Legislativa", "autoria": "Nath\u00e1lia Braga", "texto_original": "http://sapl.conceicaodemacabu.rj.leg.br/media/sapl/public/materialegislativa/2022/1825/indicacao_n21-2022_000535.pdf", "ementa": "Objetiva a cria\u00e7\u00e3o de duas vagas exclusivas destinadas a portadores de necessidades especiais em frente as escolas p\u00fablicas e privadas."}, {"id": "1826", "ano": "2022", "numero": "22", "tipo__sigla": "IND", "tipo__descricao": "Indica\u00e7\u00e3o Legislativa", "autoria": "Nath\u00e1lia Braga", "texto_original": "http://sapl.conceicaodemacabu.rj.leg.br/media/sapl/public/materialegislativa/2022/1826/indicacao_n22-2022_000536.pdf", "ementa": "Objetiva a aquisi\u00e7\u00e3o de cadeiras de rodas para ficarem dispon\u00edveis nas unidades escolares."}, {"id": "1827", "ano": "2022", "numero": "23", "tipo__sigla": "IND", "tipo__descricao": "Indica\u00e7\u00e3o Legislativa", "autoria": "Nath\u00e1lia Braga", "texto_original": "http://sapl.conceicaodemacabu.rj.leg.br/media/sapl/public/materialegislativa/2022/1827/indicacao_n23-2022_000537.pdf", "ementa": "Objetiva a contrata\u00e7\u00e3o de educadores, bem como auxiliares de turma, visando atender de forma satisfat\u00f3ria os alunos com necessidades especiais."}, {"id": "1828", "ano": "2022", "numero": "24", "tipo__sigla": "IND", "tipo__descricao": "Indica\u00e7\u00e3o Legislativa", "autoria": "Nath\u00e1lia Braga", "texto_original": "http://sapl.conceicaodemacabu.rj.leg.br/media/sapl/public/materialegislativa/2022/1828/indicacao_n24-2022_000538.pdf", "ementa": "Objetiva aquisi\u00e7\u00e3o de fossa, filtro, sumidouro e manilhas de concreto para atender as varias demandas do munic\u00edpio."}, {"id": "1829", "ano": "2022", "numero": "25", "tipo__sigla": "IND", "tipo__descricao": "Indica\u00e7\u00e3o Legislativa", "autoria": "Nath\u00e1lia Braga", "texto_original": "http://sapl.conceicaodemacabu.rj.leg.br/media/sapl/public/materialegislativa/2022/1829/indicacao_n25-2022_000539.pdf", "ementa": "Objetiva a contrata\u00e7\u00e3o de Neuropediatra."}, {"id": "1830", "ano": "2022", "numero": "26", "tipo__sigla": "IND", "tipo__descricao": "Indica\u00e7\u00e3o Legislativa", "autoria": "Coutinho", "texto_original": "http://sapl.conceicaodemacabu.rj.leg.br/media/sapl/public/materialegislativa/2022/1830/indicacao_n26-2022_000540.pdf", "ementa": "INDICA AO PODER EXECUTIVO QUE CONCEDA  BENEFICIO RELATIVO AO CART\u00c3O DO SERVIDOR POR MATR\u00cdCULA."}, {"id": "1831", "ano": "2022", "numero": "27", "tipo__sigla": "IND", "tipo__descricao": "Indica\u00e7\u00e3o Legislativa", "autoria": "Coutinho", "texto_original": "http://sapl.conceicaodemacabu.rj.leg.br/media/sapl/public/materialegislativa/2022/1831/indicacao_n27-2022_000541.pdf", "ementa": "INDICA AO PODER EXECULTIVO QUE CONCEDA AUMENTO NO VALOR DA INSALUBRIDADE PARA SERVIDORES."}, {"id": "1832", "ano": "2022", "numero": "28", "tipo__sigla": "IND", "tipo__descricao": "Indica\u00e7\u00e3o Legislativa", "autoria": "Coutinho", "texto_original": "http://sapl.conceicaodemacabu.rj.leg.br/media/sapl/public/materialegislativa/2022/1832/indicacao_n28-2022_000542.pdf", "ementa": "INDICA AO PODER EXECUTIVO A INCLUS\u00c3O DE PROFESSORES NAS TURMAS DE BER\u00c7\u00c1RIO."}, {"id": "1833", "ano": "2022", "numero": "29", "tipo__sigla": "IND", "tipo__descricao": "Indica\u00e7\u00e3o Legislativa", "autoria": "Coutinho", "texto_original": "http://sapl.conceicaodemacabu.rj.leg.br/media/sapl/public/materialegislativa/2022/1833/indicacao_n29-2022_000543.pdf", "ementa": "INDICA AO PODER EXECUTIVO A INCLUS\u00c3O DO ENSINO DE ARTE POR PROFESSORES ESPECIALIZADOS NAS CRECHES MUNICIPAIS."}, {"id": "1834", "ano": "2022", "numero": "30", "tipo__sigla": "IND", "tipo__descricao": "Indica\u00e7\u00e3o Legislativa", "autoria": "Coutinho", "texto_original": "http://sapl.conceicaodemacabu.rj.leg.br/media/sapl/public/materialegislativa/2022/1834/indicacao_n30-2022_000544.pdf", "ementa": "INDICA AO PODER EXECUTIVO A INCLUS\u00c3O DO ENSINO DE EDUCA\u00c7\u00c3O F\u00cdSICA POR PROFESSORES ESPECIALIZADOS NAS CRECHES MUNICIPAIS."}, {"id": "1835", "ano": "2022", "numero": "31", "tipo__sigla": "IND", "tipo__descricao": "Indica\u00e7\u00e3o Legislativa", "autoria": "Coutinho", "texto_original": "http://sapl.conceicaodemacabu.rj.leg.br/media/sapl/public/materialegislativa/2022/1835/indicacao_n31-2022_000545.pdf", "ementa": "INDICA AO PODER EXECUTIVO A INCLUS\u00c3O DO ENSINO DE L\u00cdNGUA ESTRANGEIRA POR PROFESSORES ESPECIALIZADOS NAS CRECHES MUNICIPAIS."}, {"id": "1836", "ano": "2022", "numero": "32", "tipo__sigla": "IND", "tipo__descricao": "Indica\u00e7\u00e3o Legislativa", "autoria": "Coutinho", "texto_original": "http://sapl.conceicaodemacabu.rj.leg.br/media/sapl/public/materialegislativa/2022/1836/indicacao_n32-2022_000546.pdf", "ementa": "INDICA AO PODER EXECUTIVO  AMPLIA\u00c7\u00c3O DA EQUIPE  MULTIDISCIPLINAR DA SECRETARIA MUNICIPAL DE EDUCA\u00c7\u00c3O E CULTURA."}, {"id": "1837", "ano": "2022", "numero": "33", "tipo__sigla": "IND", "tipo__descricao": "Indica\u00e7\u00e3o Legislativa", "autoria": "Coutinho", "texto_original": "http://sapl.conceicaodemacabu.rj.leg.br/media/sapl/public/materialegislativa/2022/1837/indicacao_n33-2022_000547.pdf", "ementa": "INDICA AO PODER EXECUTIVO A ABERTURA DE VAGAS PARA ATENDIMENTO PSICOL\u00d3GICO GRATUITO PARA OS PROFISSIONAIS  DE SA\u00daDE DA REDE P\u00daBLICA MUNICIPAL."}, {"id": "1838", "ano": "2022", "numero": "34", "tipo__sigla": "IND", "tipo__descricao": "Indica\u00e7\u00e3o Legislativa", "autoria": "Coutinho", "texto_original": "http://sapl.conceicaodemacabu.rj.leg.br/media/sapl/public/materialegislativa/2022/1838/indicacao_n34-2022_000548.pdf", "ementa": "INDICA AO PODER EXECUTIVO A A BERTURA DE VAGAS PARA ATENDIMENTO PSICOL\u00d3GICO GRATUITO PARA OS PROFISSIONAIS DE EDUCA\u00c7\u00c3O DA REDE P\u00daBLICA MUNICIPAL."}, {"id": "1839", "ano": "2022", "numero": "35", "tipo__sigla": "IND", "tipo__descricao": "Indica\u00e7\u00e3o Legislativa", "autoria": "Leo Gago", "texto_original": "http://sapl.conceicaodemacabu.rj.leg.br/media/sapl/public/materialegislativa/2022/1839/indicacao_n35-2022_000549.pdf", "ementa": "INDICA AO PODER EXECUTIVO MODIFICA\u00c7\u00c3O DO ATENDIMENTO NO POSTO DE SA\u00daDE DA LOCALIDADE VILA TAVARES."}, {"id": "1855", "ano": "2022", "numero": "36", "tipo__sigla": "IND", "tipo__descricao": "Indica\u00e7\u00e3o Legislativa", "autoria": "Nath\u00e1lia Braga", "texto_original": "http://sapl.conceicaodemacabu.rj.leg.br/media/sapl/public/materialegislativa/2022/1855/indicacao_n36-2022_000550.pdf", "ementa": "Indica ao Poder Executivo instala\u00e7\u00e3o de um centro de conviv\u00eancia no bairro Vila S\u00e3o Jos\u00e9."}, {"id": "1856", "ano": "2022", "numero": "37", "tipo__sigla": "IND", "tipo__descricao": "Indica\u00e7\u00e3o Legislativa", "autoria": "Nath\u00e1lia Braga", "texto_original": "http://sapl.conceicaodemacabu.rj.leg.br/media/sapl/public/materialegislativa/2022/1856/indicacao_n37-2022_000551.pdf", "ementa": "Indica melhorias no trajeto  entre o Procura I para o Procura II"}, {"id": "1857", "ano": "2022", "numero": "38", "tipo__sigla": "IND", "tipo__descricao": "Indica\u00e7\u00e3o Legislativa", "autoria": "Nath\u00e1lia Braga", "texto_original": "http://sapl.conceicaodemacabu.rj.leg.br/media/sapl/public/materialegislativa/2022/1857/indicacao_n38-2022_000552.pdf", "ementa": "Indica que os agentes de sa\u00fade  dos bairros voltem a aferir a press\u00e3o dos moradores"}, {"id": "1858", "ano": "2022", "numero": "39", "tipo__sigla": "IND", "tipo__descricao": "Indica\u00e7\u00e3o Legislativa", "autoria": "Nath\u00e1lia Braga", "texto_original": "http://sapl.conceicaodemacabu.rj.leg.br/media/sapl/public/materialegislativa/2022/1858/indicacao_n39-2022_000553.pdf", "ementa": "Indica ao Poder Executivo o aumento de n\u00famero de vagas para atendimento de diversas especialidades no posto de sa\u00fade central."}, {"id": "1859", "ano": "2022", "numero": "40", "tipo__sigla": "IND", "tipo__descricao": "Indica\u00e7\u00e3o Legislativa", "autoria": "Nath\u00e1lia Braga", "texto_original": "http://sapl.conceicaodemacabu.rj.leg.br/media/sapl/public/materialegislativa/2022/1859/indicacao_n40-2022_000554.pdf", "ementa": "Indica ao Poder Executivo o retorno das atividades esportivas para os idosos."}, {"id": "1860", "ano": "2022", "numero": "41", "tipo__sigla": "IND", "tipo__descricao": "Indica\u00e7\u00e3o Legislativa", "autoria": "Nath\u00e1lia Braga", "texto_original": "http://sapl.conceicaodemacabu.rj.leg.br/media/sapl/public/materialegislativa/2022/1860/indicacao_n41-2022_000555.pdf", "ementa": "Indica ao poder executivo que seja adquirido autom\u00f3veis para a secretaria de promo\u00e7\u00e3o social."}, {"id": "1863", "ano": "2022", "numero": "42", "tipo__sigla": "IND", "tipo__descricao": "Indica\u00e7\u00e3o Legislativa", "autoria": "Nath\u00e1lia Braga", "texto_original": "http://sapl.conceicaodemacabu.rj.leg.br/media/sapl/public/materialegislativa/2022/1863/indicacao_n42-2022_000556.pdf", "ementa": "Indica constru\u00e7\u00e3o de banheiros na quadra de esportes  do bairro Porto Novo"}, {"id": "1865", "ano": "2022", "numero": "43", "tipo__sigla": "IND", "tipo__descricao": "Indica\u00e7\u00e3o Legislativa", "autoria": "Nath\u00e1lia Braga", "texto_original": "http://sapl.conceicaodemacabu.rj.leg.br/media/sapl/public/materialegislativa/2022/1865/indicacao_n43-2022_000557.pdf", "ementa": "Indica celebra\u00e7\u00e3o de parceria entre as secretaria de educa\u00e7\u00e3o e a de promo\u00e7\u00e3o social para realiza\u00e7\u00e3o de corte de cabelos masculinos nos alunos da rede municipal, mensalmente."}, {"id": "1866", "ano": "2022", "numero": "44", "tipo__sigla": "IND", "tipo__descricao": "Indica\u00e7\u00e3o Legislativa", "autoria": "Nath\u00e1lia Braga", "texto_original": "http://sapl.conceicaodemacabu.rj.leg.br/media/sapl/public/materialegislativa/2022/1866/indicacao_n44-2022_000558.pdf", "ementa": "Indica instala\u00e7\u00e3o de um centro de refer\u00eancia da assist\u00eancia social (CRASS) no bairro S\u00e3o Jos\u00e9"}, {"id": "1874", "ano": "2022", "numero": "45", "tipo__sigla": "IND", "tipo__descricao": "Indica\u00e7\u00e3o Legislativa", "autoria": "Dhal", "texto_original": "http://sapl.conceicaodemacabu.rj.leg.br/media/sapl/public/materialegislativa/2022/1874/indicacao_n45-2022__000564.pdf", "ementa": "Objetiva que seja autorizado o uso do terreno ao lado do pr\u00e9dio do clube da terceira idade. mensageiros do amor de Concei\u00e7\u00e3o de Macabu em dias de evento, para fins de estacionamento, indicando ainda que seja realizada limpeza e sinaliza\u00e7\u00e3o da entrada objetivando melhora no acesso ao pr\u00e9dio."}, {"id": "1875", "ano": "2022", "numero": "46", "tipo__sigla": "IND", "tipo__descricao": "Indica\u00e7\u00e3o Legislativa", "autoria": "Dhal", "texto_original": "http://sapl.conceicaodemacabu.rj.leg.br/media/sapl/public/materialegislativa/2022/1875/indicacao_n46-2022__000565.pdf", "ementa": "Indica ao poder executivo a volta do funcionamento da biblioteca municipal 07 de setembro no munic\u00edpio de Concei\u00e7\u00e3o de Macabu."}, {"id": "1876", "ano": "2022", "numero": "47", "tipo__sigla": "IND", "tipo__descricao": "Indica\u00e7\u00e3o Legislativa", "autoria": "Coutinho", "texto_original": "http://sapl.conceicaodemacabu.rj.leg.br/media/sapl/public/materialegislativa/2022/1876/indicacao_n47-2022__000566.pdf", "ementa": "Indica o retorno do projeto \u2018CURTA MACABU\u2019 realizado pela Secretaria Municipal de Educa\u00e7\u00e3o e Cultura"}, {"id": "1877", "ano": "2022", "numero": "48", "tipo__sigla": "IND", "tipo__descricao": "Indica\u00e7\u00e3o Legislativa", "autoria": "Coutinho", "texto_original": "http://sapl.conceicaodemacabu.rj.leg.br/media/sapl/public/materialegislativa/2022/1877/indicacao_n48-2022__000567.pdf", "ementa": "Indica o retorno do projeto Nascer com Dignidade"}, {"id": "1878", "ano": "2022", "numero": "49", "tipo__sigla": "IND", "tipo__descricao": "Indica\u00e7\u00e3o Legislativa", "autoria": "Sandro Daumas", "texto_original": "http://sapl.conceicaodemacabu.rj.leg.br/media/sapl/public/materialegislativa/2022/1878/indicacao_n49-2022__000568.pdf", "ementa": "Indica que seja criado o Programa Recuperar"}, {"id": "1883", "ano": "2022", "numero": "50", "tipo__sigla": "IND", "tipo__descricao": "Indica\u00e7\u00e3o Legislativa", "autoria": "Dhal", "texto_original": "http://sapl.conceicaodemacabu.rj.leg.br/media/sapl/public/materialegislativa/2022/1883/indicacao_n50-2022__000569.pdf", "ementa": "Indica realiza\u00e7\u00e3o de Termo de Compromisso com os estudantes de Enfermagem e T\u00e9cnico de Enfermagem, que realizam est\u00e1gio no munic\u00edpio"}, {"id": "1884", "ano": "2022", "numero": "51", "tipo__sigla": "IND", "tipo__descricao": "Indica\u00e7\u00e3o Legislativa", "autoria": "Nath\u00e1lia Braga", "texto_original": "http://sapl.conceicaodemacabu.rj.leg.br/media/sapl/public/materialegislativa/2022/1884/indicacao_n51-2022__000570.pdf", "ementa": "Indica implanta\u00e7\u00e3o de 1/3 para planejamento de professores"}, {"id": "1885", "ano": "2022", "numero": "52", "tipo__sigla": "IND", "tipo__descricao": "Indica\u00e7\u00e3o Legislativa", "autoria": "Nath\u00e1lia Braga", "texto_original": "http://sapl.conceicaodemacabu.rj.leg.br/media/sapl/public/materialegislativa/2022/1885/indicacao_n52-2022__000572.pdf", "ementa": "Reitera Indica\u00e7\u00e3o n.\u00ba 251/2021, para  que servidores do quadro permanente do cargo de Auxiliar de Enfermagem para enquadramento e nomea\u00e7\u00e3o no cargo de T\u00e9cnico de Enfermagem"}, {"id": "1891", "ano": "2022", "numero": "53", "tipo__sigla": "IND", "tipo__descricao": "Indica\u00e7\u00e3o Legislativa", "autoria": "Nath\u00e1lia Braga", "texto_original": "http://sapl.conceicaodemacabu.rj.leg.br/media/sapl/public/materialegislativa/2022/1891/indicacao_n53-2022.pdf", "ementa": "Objetivando que se retorne com feira dos artes\u00e3os a ser realizada todos os fins de semana."}, {"id": "1892", "ano": "2022", "numero": "54", "tipo__sigla": "IND", "tipo__descricao": "Indica\u00e7\u00e3o Legislativa", "autoria": "Nath\u00e1lia Braga", "texto_original": "http://sapl.conceicaodemacabu.rj.leg.br/media/sapl/public/materialegislativa/2022/1892/indicacao_n54-2022__000600.pdf", "ementa": "Objetivando que o munic\u00edpio possa subsidiar o ingresso dos estudantes das escolas p\u00fablicas municipais no circo instalado nesta cidade."}, {"id": "1894", "ano": "2022", "numero": "55", "tipo__sigla": "IND", "tipo__descricao": "Indica\u00e7\u00e3o Legislativa", "autoria": "Lucas Madureira", "texto_original": "http://sapl.conceicaodemacabu.rj.leg.br/media/sapl/public/materialegislativa/2022/1894/indicacao_n55-2022__000601.pdf", "ementa": "Indica aquisi\u00e7\u00e3o de aparelho de ultrassonografia computadorizada"}, {"id": "1896", "ano": "2022", "numero": "56", "tipo__sigla": "IND", "tipo__descricao": "Indica\u00e7\u00e3o Legislativa", "autoria": "Dhal", "texto_original": "http://sapl.conceicaodemacabu.rj.leg.br/media/sapl/public/materialegislativa/2022/1896/indicacao_n56-2022__000602.pdf", "ementa": "Indica pagamento de Adicional de de Desempenho de Atividade Exclusiva de Estado"}, {"id": "1902", "ano": "2022", "numero": "57", "tipo__sigla": "IND", "tipo__descricao": "Indica\u00e7\u00e3o Legislativa", "autoria": "Ga\u00facho", "texto_original": "http://sapl.conceicaodemacabu.rj.leg.br/media/sapl/public/materialegislativa/2022/1902/indicacao_n57-2022__000603.pdf", "ementa": "Indica fornecimento de \u00e1gua mineral (gal\u00f5es de 20 litros) nas creches e escolas p\u00fablica municipais, conforme autorizado pela Lei Municipal n.\u00ba 1.371/2015"}, {"id": "1903", "ano": "2022", "numero": "58", "tipo__sigla": "IND", "tipo__descricao": "Indica\u00e7\u00e3o Legislativa", "autoria": "Nath\u00e1lia Braga", "texto_original": "http://sapl.conceicaodemacabu.rj.leg.br/media/sapl/public/materialegislativa/2022/1903/indicacao_n58-2022__000604.pdf", "ementa": "Indica realiza\u00e7\u00e3o de eventos que valorizem os talentos macabuenses jovens e adultos"}, {"id": "1904", "ano": "2022", "numero": "59", "tipo__sigla": "IND", "tipo__descricao": "Indica\u00e7\u00e3o Legislativa", "autoria": "Nath\u00e1lia Braga", "texto_original": "http://sapl.conceicaodemacabu.rj.leg.br/media/sapl/public/materialegislativa/2022/1904/indicacao_n59-2022__000605.pdf", "ementa": "Indica realiza\u00e7\u00e3o de atividades esportivas que envolvam jovens, idosos e e mulheres, nos bairros da cidade"}, {"id": "1905", "ano": "2022", "numero": "60", "tipo__sigla": "IND", "tipo__descricao": "Indica\u00e7\u00e3o Legislativa", "autoria": "Nath\u00e1lia Braga", "texto_original": "http://sapl.conceicaodemacabu.rj.leg.br/media/sapl/public/materialegislativa/2022/1905/indicacao_n60-2022__000606.pdf", "ementa": "Indica adiantamento do pagamento dos servidores municipais."}, {"id": "1906", "ano": "2022", "numero": "61", "tipo__sigla": "IND", "tipo__descricao": "Indica\u00e7\u00e3o Legislativa", "autoria": "Nath\u00e1lia Braga", "texto_original": "http://sapl.conceicaodemacabu.rj.leg.br/media/sapl/public/materialegislativa/2022/1906/indicacao_n61-2022__000607.pdf", "ementa": "Indica que seja oferecido maior suporte ao campeonato de futebol macabuense"}, {"id": "1910", "ano": "2022", "numero": "62", "tipo__sigla": "IND", "tipo__descricao": "Indica\u00e7\u00e3o Legislativa", "autoria": "Nath\u00e1lia Braga", "texto_original": "http://sapl.conceicaodemacabu.rj.leg.br/media/sapl/public/materialegislativa/2022/1910/indicacao_n62-2022__000608.pdf", "ementa": "Indica ao Poder Executivo que seja realizada limpeza da pra\u00e7a e manuten\u00e7\u00e3o da ilumina\u00e7\u00e3o no bairro Vila Tavares."}, {"id": "1911", "ano": "2022", "numero": "63", "tipo__sigla": "IND", "tipo__descricao": "Indica\u00e7\u00e3o Legislativa", "autoria": "Nath\u00e1lia Braga", "texto_original": "http://sapl.conceicaodemacabu.rj.leg.br/media/sapl/public/materialegislativa/2022/1911/indicacao_n63-2022__000609.pdf", "ementa": "Indica ao Poder Executivo que seja constru\u00edda uma pista de la\u00e7o no parque de exposi\u00e7\u00f5es do munic\u00edpio."}, {"id": "1912", "ano": "2022", "numero": "64", "tipo__sigla": "IND", "tipo__descricao": "Indica\u00e7\u00e3o Legislativa", "autoria": "Nath\u00e1lia Braga", "texto_original": "http://sapl.conceicaodemacabu.rj.leg.br/media/sapl/public/materialegislativa/2022/1912/indicacao_n64-2022__000610.pdf", "ementa": "Indica ao Poder Executivo que seja realizada cursos de qualifica\u00e7\u00e3o espec\u00edficos para treinamentos aos cuidadores de creches e ber\u00e7\u00e1rios do munic\u00edpio."}, {"id": "1913", "ano": "2022", "numero": "65", "tipo__sigla": "IND", "tipo__descricao": "Indica\u00e7\u00e3o Legislativa", "autoria": "Nath\u00e1lia Braga", "texto_original": "http://sapl.conceicaodemacabu.rj.leg.br/media/sapl/public/materialegislativa/2022/1913/indicacao_n65-2022__000611.pdf", "ementa": "Indica ao Poder Executivo que seja realizado o dia D para campanha nacional de vacina\u00e7\u00e3o contra a influenza e sarampo infantil."}, {"id": "1916", "ano": "2022", "numero": "66", "tipo__sigla": "IND", "tipo__descricao": "Indica\u00e7\u00e3o Legislativa", "autoria": "Guta", "texto_original": "http://sapl.conceicaodemacabu.rj.leg.br/media/sapl/public/materialegislativa/2022/1916/indicacao_n66-2022__000612.pdf", "ementa": "Objetivando a cria\u00e7\u00e3o e pagamento do Risco de Vida aos Servidores lotados no Horto Municipal e no Posto de Sa\u00fade localizado ao lado do Horto Municipal."}, {"id": "1925", "ano": "2022", "numero": "67", "tipo__sigla": "IND", "tipo__descricao": "Indica\u00e7\u00e3o Legislativa", "autoria": "Coutinho", "texto_original": "http://sapl.conceicaodemacabu.rj.leg.br/media/sapl/public/materialegislativa/2022/1925/indicacao_n67-2022__000613.pdf", "ementa": "Indica abertura de vagas para professores de m\u00fasica para atuarem na Escola Municipal de M\u00fasica da Secretaria Municipal de Educa\u00e7\u00e3o e Cultura"}, {"id": "1926", "ano": "2022", "numero": "68", "tipo__sigla": "IND", "tipo__descricao": "Indica\u00e7\u00e3o Legislativa", "autoria": "Coutinho", "texto_original": "http://sapl.conceicaodemacabu.rj.leg.br/media/sapl/public/materialegislativa/2022/1926/indicacao_n68-2022__000614.pdf", "ementa": "Indica que o prazo para chamar os aprovados no concurso p\u00fablico vigente seja prorrogado"}, {"id": "1927", "ano": "2022", "numero": "69", "tipo__sigla": "IND", "tipo__descricao": "Indica\u00e7\u00e3o Legislativa", "autoria": "Guta", "texto_original": "http://sapl.conceicaodemacabu.rj.leg.br/media/sapl/public/materialegislativa/2022/1927/indicacao_n69-2022__000615.pdf", "ementa": "Objetiva reiterar indica\u00e7\u00e3o j\u00e1 formulada e que seja encaminhado a esta Casa o Projeto de Lei com aumento nos valores das di\u00e1rias dos motoristas."}, {"id": "1930", "ano": "2022", "numero": "70", "tipo__sigla": "IND", "tipo__descricao": "Indica\u00e7\u00e3o Legislativa", "autoria": "Guta", "texto_original": "http://sapl.conceicaodemacabu.rj.leg.br/media/sapl/public/materialegislativa/2022/1930/indicacao_n70-2022__000616.pdf", "ementa": "Objetivando que na licita\u00e7\u00e3o da secretaria municipal de educa\u00e7\u00e3o para compra de uniformes escolares dos alunos da rede municipal de ensino possa incluir : 1- cal\u00e7ados; 2-cal\u00e7a comprida; 3-blusa de frio."}, {"id": "1931", "ano": "2022", "numero": "71", "tipo__sigla": "IND", "tipo__descricao": "Indica\u00e7\u00e3o Legislativa", "autoria": "Guta", "texto_original": "http://sapl.conceicaodemacabu.rj.leg.br/media/sapl/public/materialegislativa/2022/1931/indicacao_n71-2022__000617.pdf", "ementa": "Indica realiza\u00e7\u00e3o de conserto das ponte de Santo Agostinho"}, {"id": "1935", "ano": "2022", "numero": "72", "tipo__sigla": "IND", "tipo__descricao": "Indica\u00e7\u00e3o Legislativa", "autoria": "Ga\u00facho", "texto_original": "http://sapl.conceicaodemacabu.rj.leg.br/media/sapl/public/materialegislativa/2022/1935/indicacao_n72-2022__000618.pdf", "ementa": "INDICA AO PODER EXECUTIVO INTENSIFICA\u00c7\u00c3O DAS ORIENTA\u00c7\u00d5ES PARA O TRANSITO SEGURO."}, {"id": "1936", "ano": "2022", "numero": "73", "tipo__sigla": "IND", "tipo__descricao": "Indica\u00e7\u00e3o Legislativa", "autoria": "Dhal", "texto_original": "http://sapl.conceicaodemacabu.rj.leg.br/media/sapl/public/materialegislativa/2022/1936/indicacao_n73-2022__000619.pdf", "ementa": "Objetiva o cumprimento em \u00e2mbito municipal da Emenda Constitucional n\u00b0120/2022, publicada no dia 06 de maio do corrente ano, que foi estipulado o vencimento dos agentes comunit\u00e1rios de sa\u00fade e dos agentes de combate \u00e0s endemias, n\u00e3o sendo inferior a 2 (dois) sal\u00e1rios m\u00ednimos."}, {"id": "1938", "ano": "2022", "numero": "74", "tipo__sigla": "IND", "tipo__descricao": "Indica\u00e7\u00e3o Legislativa", "autoria": "Dhal", "texto_original": "http://sapl.conceicaodemacabu.rj.leg.br/media/sapl/public/materialegislativa/2022/1938/indicacao_n74-2022__000620.pdf", "ementa": "Objetiva a troca de l\u00e2mpadas e revis\u00e3o da ilumina\u00e7\u00e3o p\u00fablica e instala\u00e7\u00f5es na RJ-196, no trecho que liga o bairro Porto ao bairro S\u00e3o Henry."}, {"id": "1939", "ano": "2022", "numero": "75", "tipo__sigla": "IND", "tipo__descricao": "Indica\u00e7\u00e3o Legislativa", "autoria": "Guta", "texto_original": "http://sapl.conceicaodemacabu.rj.leg.br/media/sapl/public/materialegislativa/2022/1939/indicacao_n75-2022__000621.pdf", "ementa": "Objetiva que se conceda redu\u00e7\u00e3o do Imposto Predial e Territorial Urbano (IPTU) aos im\u00f3veis produtores de energia fotovoltaica, a fim de incentivar o implemento da pr\u00e1tica de produ\u00e7\u00e3o de fontes de energia ecologicamente respons\u00e1vel."}, {"id": "1943", "ano": "2022", "numero": "76", "tipo__sigla": "IND", "tipo__descricao": "Indica\u00e7\u00e3o Legislativa", "autoria": "Nath\u00e1lia Braga", "texto_original": "http://sapl.conceicaodemacabu.rj.leg.br/media/sapl/public/materialegislativa/2022/1943/indicacao_n76-2022__000622.pdf", "ementa": "Indica que seja realizado o Dia D para Combate a Dengue e Chikungunya"}, {"id": "1949", "ano": "2022", "numero": "77", "tipo__sigla": "IND", "tipo__descricao": "Indica\u00e7\u00e3o Legislativa", "autoria": "Tcharles", "texto_original": "http://sapl.conceicaodemacabu.rj.leg.br/media/sapl/public/materialegislativa/2022/1949/indicacao_n77-2022__000623.pdf", "ementa": "indica o cumprimento, por todos os estabelecimentos p\u00fablicos e privados localizados no Munic\u00edpio de Concei\u00e7\u00e3o de Macabu, da Lei Municipal n.\u00ba 1.608/2019, que disp\u00f5e sobre a obrigatoriedade de todas as placas de atendimento priorit\u00e1rio, incluir o s\u00edmbolo mundial do Transtorno do Espectro Autista."}, {"id": "1950", "ano": "2022", "numero": "78", "tipo__sigla": "IND", "tipo__descricao": "Indica\u00e7\u00e3o Legislativa", "autoria": "Guta", "texto_original": "http://sapl.conceicaodemacabu.rj.leg.br/media/sapl/public/materialegislativa/2022/1950/indicacao_n78-2022__000624.pdf", "ementa": "Indica o cumprimento da Lei Municipal n.\u00ba 1.755/2022, alterada pela Lei Municipal n.\u00ba 1968/2022, que garantiu aos cargos das classes \"E\" e \"EI\" reajuste,  tendo por base o piso salarial dos profissionais do magist\u00e9rio para 2022, nos moldes da Lei Federal n.\u00ba  11.738/2008, de forma retroativa \u00e0 data de sua publica\u00e7\u00e3o."}, {"id": "1955", "ano": "2022", "numero": "79", "tipo__sigla": "IND", "tipo__descricao": "Indica\u00e7\u00e3o Legislativa", "autoria": "Nath\u00e1lia Braga", "texto_original": "http://sapl.conceicaodemacabu.rj.leg.br/media/sapl/public/materialegislativa/2022/1955/indicacao_n79-2022__000625.pdf", "ementa": "Indica ao poder Executivo uma data para realiza\u00e7\u00e3o da repescagem das vacinas de sarampo, gripe, terceira dose de refor\u00e7o para covid."}, {"id": "1956", "ano": "2022", "numero": "80", "tipo__sigla": "IND", "tipo__descricao": "Indica\u00e7\u00e3o Legislativa", "autoria": "Guta", "texto_original": "http://sapl.conceicaodemacabu.rj.leg.br/media/sapl/public/materialegislativa/2022/1956/indicacao_n80-2022_000627.pdf", "ementa": "Objetiva o cumprimento da Lei Complementar 191/2022 que garantiu aos servidores p\u00fablicos civis e militares da \u00e1rea de sa\u00fade e da seguran\u00e7a p\u00fablica da uni\u00e3o, dos estados, do distrito federal e dos munic\u00edpios o pagamento anu\u00eanios, tri\u00eanios, quinqu\u00eanios, licen\u00e7a- premio e demais mecanismos equivalentes que aumentem a despesa com pessoal."}, {"id": "1959", "ano": "2022", "numero": "81", "tipo__sigla": "IND", "tipo__descricao": "Indica\u00e7\u00e3o Legislativa", "autoria": "Guta", "texto_original": "http://sapl.conceicaodemacabu.rj.leg.br/media/sapl/public/materialegislativa/2022/1959/indicacao_n81-2022_000628.pdf", "ementa": "Indica que seja encaminhado ao Poder Executivo, na pessoa do Prefeito Municipal objetivando a cria\u00e7\u00e3o e organiza\u00e7\u00e3o de um festival do aipim."}, {"id": "1961", "ano": "2022", "numero": "82", "tipo__sigla": "IND", "tipo__descricao": "Indica\u00e7\u00e3o Legislativa", "autoria": "Guta", "texto_original": "http://sapl.conceicaodemacabu.rj.leg.br/media/sapl/public/materialegislativa/2022/1961/indicacao_n82-2022_000629.pdf", "ementa": "Objetiva a coloca\u00e7\u00e3o de tendas para o com\u00e9rcio ambulante em eventos que a \u00e1rea coberta esteja sendo usada."}, {"id": "1962", "ano": "2022", "numero": "83", "tipo__sigla": "IND", "tipo__descricao": "Indica\u00e7\u00e3o Legislativa", "autoria": "Guta", "texto_original": "http://sapl.conceicaodemacabu.rj.leg.br/media/sapl/public/materialegislativa/2022/1962/indicacao_n83-2022_000630.pdf", "ementa": "Objetiva que o munic\u00edpio cumpra a Lei Federal n\u00b011.738/2008, Art 2\u00b0, que trata da carga hor\u00e1ria limite m\u00e1xima de 2/3 ( dois ter\u00e7os) dos professores para o desempenho das atividades de intera\u00e7\u00e3o com os educandos."}, {"id": "1964", "ano": "2022", "numero": "84", "tipo__sigla": "IND", "tipo__descricao": "Indica\u00e7\u00e3o Legislativa", "autoria": "Guta", "texto_original": "http://sapl.conceicaodemacabu.rj.leg.br/media/sapl/public/materialegislativa/2022/1964/indicacao_n84-2022_000633.pdf", "ementa": "Objetivando que seja inclu\u00edda no Or\u00e7amento para 2023,reformas nas quadras p\u00fablicas,  tendo em vista que na LDO para exerc\u00edcio de 2023 n\u00e3o contempla."}, {"id": "1965", "ano": "2022", "numero": "85", "tipo__sigla": "IND", "tipo__descricao": "Indica\u00e7\u00e3o Legislativa", "autoria": "Nath\u00e1lia Braga", "texto_original": "http://sapl.conceicaodemacabu.rj.leg.br/media/sapl/public/materialegislativa/2022/1965/indicacao_n85-2022_000634.pdf", "ementa": "Objetivando a cria\u00e7\u00e3o do campeonato Municipal de futebol feminino."}, {"id": "1966", "ano": "2022", "numero": "86", "tipo__sigla": "IND", "tipo__descricao": "Indica\u00e7\u00e3o Legislativa", "autoria": "Nath\u00e1lia Braga", "texto_original": "http://sapl.conceicaodemacabu.rj.leg.br/media/sapl/public/materialegislativa/2022/1966/indicacao_n86-2022_000635.pdf", "ementa": "Objetivando constru\u00e7\u00e3o de uma pra\u00e7a no bairro Palioca, com academia ,quadra e brinquedos."}, {"id": "1967", "ano": "2022", "numero": "87", "tipo__sigla": "IND", "tipo__descricao": "Indica\u00e7\u00e3o Legislativa", "autoria": "Nath\u00e1lia Braga", "texto_original": "http://sapl.conceicaodemacabu.rj.leg.br/media/sapl/public/materialegislativa/2022/1967/indicacao_n87-2022_000636.pdf", "ementa": "Objetivando inclus\u00e3o do absorvente na dos lista itens da cesta b\u00e1sica para os Cras."}, {"id": "1968", "ano": "2022", "numero": "88", "tipo__sigla": "IND", "tipo__descricao": "Indica\u00e7\u00e3o Legislativa", "autoria": "Nath\u00e1lia Braga", "texto_original": "http://sapl.conceicaodemacabu.rj.leg.br/media/sapl/public/materialegislativa/2022/1968/indicacao_n88-2022_000638.pdf", "ementa": "Objetivando retorno da Festa Macaipira."}, {"id": "1969", "ano": "2022", "numero": "89", "tipo__sigla": "IND", "tipo__descricao": "Indica\u00e7\u00e3o Legislativa", "autoria": "Nath\u00e1lia Braga", "texto_original": "http://sapl.conceicaodemacabu.rj.leg.br/media/sapl/public/materialegislativa/2022/1969/indicacao_n89-2022_000639.pdf", "ementa": "Objetivando a cria\u00e7\u00e3o da Bolsa Atleta para ajudar no transporte, vestimentas e alimenta\u00e7\u00e3o."}, {"id": "1970", "ano": "2022", "numero": "90", "tipo__sigla": "IND", "tipo__descricao": "Indica\u00e7\u00e3o Legislativa", "autoria": "Sandro Daumas", "texto_original": "http://sapl.conceicaodemacabu.rj.leg.br/media/sapl/public/materialegislativa/2022/1970/indicacao_n90-2022_000643.pdf", "ementa": "Objetiva que seja disponibilizado internet de forma gratuita na pra\u00e7a principal, bem como, nas \u00e1reas rurais, com internet rural."}, {"id": "1972", "ano": "2022", "numero": "91", "tipo__sigla": "IND", "tipo__descricao": "Indica\u00e7\u00e3o Legislativa", "autoria": "Dhal", "texto_original": "http://sapl.conceicaodemacabu.rj.leg.br/media/sapl/public/materialegislativa/2022/1972/indicacao_n91-2022_000644.pdf", "ementa": "Objetiva que seja realizado novo termo de fomento entre o munic\u00edpio de Concei\u00e7\u00e3o de Macabu-RJ e a APAE, tendo em vista o atual estar findado em 03(tr\u00eas) meses."}, {"id": "1973", "ano": "2022", "numero": "92", "tipo__sigla": "IND", "tipo__descricao": "Indica\u00e7\u00e3o Legislativa", "autoria": "Ga\u00facho", "texto_original": "http://sapl.conceicaodemacabu.rj.leg.br/media/sapl/public/materialegislativa/2022/1973/indicacao_n92-2022_000645.pdf", "ementa": "Objetivando que seja alterado a art. 101,\u00a7 1\u00ba do Estatuto dos  Servidores, para que assim consagre direito a redu\u00e7\u00e3o de carga hor\u00e1ria a todos os servidores e n\u00e3o somente os que possuem 40 horas semanais de carga hor\u00e1ria."}, {"id": "1974", "ano": "2022", "numero": "93", "tipo__sigla": "IND", "tipo__descricao": "Indica\u00e7\u00e3o Legislativa", "autoria": "Guta", "texto_original": "http://sapl.conceicaodemacabu.rj.leg.br/media/sapl/public/materialegislativa/2022/1974/indicacao_n93-2022_000646.pdf", "ementa": "Objetivando que seja realizado conv\u00eanio com o Governo do Estado, visando que a Prefeitura fique respons\u00e1vel para auxiliar na manuten\u00e7\u00e3o dos ve\u00edculos da Pol\u00edcia Militar."}, {"id": "1975", "ano": "2022", "numero": "94", "tipo__sigla": "IND", "tipo__descricao": "Indica\u00e7\u00e3o Legislativa", "autoria": "Nath\u00e1lia Braga", "texto_original": "http://sapl.conceicaodemacabu.rj.leg.br/media/sapl/public/materialegislativa/2022/1975/indicacao_n94-2022_000648.pdf", "ementa": "Objetivando  retomada das medidas preventivas contra o Covid, uma vez que o munic\u00edpio n\u00e3o possui o servi\u00e7o de UTI Covid."}, {"id": "1976", "ano": "2022", "numero": "95", "tipo__sigla": "IND", "tipo__descricao": "Indica\u00e7\u00e3o Legislativa", "autoria": "Nath\u00e1lia Braga", "texto_original": "http://sapl.conceicaodemacabu.rj.leg.br/media/sapl/public/materialegislativa/2022/1976/indicacao_n95-2022_000649.pdf", "ementa": "Objetivando que seja realizada uma maior fiscaliza\u00e7\u00e3o dos agentes de sa\u00fade para controle e combate a dengue, com especial  aten\u00e7\u00e3o as tampas para caixas \u00e1guas e vistorias em terrenos e quintais baldios."}, {"id": "1979", "ano": "2022", "numero": "96", "tipo__sigla": "IND", "tipo__descricao": "Indica\u00e7\u00e3o Legislativa", "autoria": "Dhal", "texto_original": "http://sapl.conceicaodemacabu.rj.leg.br/media/sapl/public/materialegislativa/2022/1979/indicacao_n96-2022_000650.pdf", "ementa": "Indica Reforma do Monumento em Homenagem ao Dia da B\u00edblia"}, {"id": "1980", "ano": "2022", "numero": "97", "tipo__sigla": "IND", "tipo__descricao": "Indica\u00e7\u00e3o Legislativa", "autoria": "Dhal", "texto_original": "http://sapl.conceicaodemacabu.rj.leg.br/media/sapl/public/materialegislativa/2022/1980/indicacao_n97-2022_000665.pdf", "ementa": "Indica Promo\u00e7\u00e3o de Evento em Homenagem ao Dia da B\u00edblia"}, {"id": "1981", "ano": "2022", "numero": "98", "tipo__sigla": "IND", "tipo__descricao": "Indica\u00e7\u00e3o Legislativa", "autoria": "Guta", "texto_original": "http://sapl.conceicaodemacabu.rj.leg.br/media/sapl/public/materialegislativa/2022/1981/indicacao_n98-2022_000666.pdf", "ementa": "Objetivando o conserto  da Torre de Transmiss\u00e3o Televisiva."}, {"id": "1982", "ano": "2022", "numero": "99", "tipo__sigla": "IND", "tipo__descricao": "Indica\u00e7\u00e3o Legislativa", "autoria": "Lucas Madureira", "texto_original": "http://sapl.conceicaodemacabu.rj.leg.br/media/sapl/public/materialegislativa/2022/1982/indicacao_n99-2022_000667.pdf", "ementa": "Indica ao poder executivo a constru\u00e7\u00e3o de quadra no bairro Usina no Conjunto Habitacional Nossa Senhora de Lurdes."}, {"id": "1983", "ano": "2022", "numero": "100", "tipo__sigla": "IND", "tipo__descricao": "Indica\u00e7\u00e3o Legislativa", "autoria": "Lucas Madureira", "texto_original": "http://sapl.conceicaodemacabu.rj.leg.br/media/sapl/public/materialegislativa/2022/1983/indicacao_n100-2022_000668.pdf", "ementa": "Indica ao poder executivo a volta do projeto de canoagem no lado do parque de exposi\u00e7\u00f5es municipal Otto Guimar\u00e3es Linhares."}, {"id": "1984", "ano": "2022", "numero": "101", "tipo__sigla": "IND", "tipo__descricao": "Indica\u00e7\u00e3o Legislativa", "autoria": "Tcharles", "texto_original": "http://sapl.conceicaodemacabu.rj.leg.br/media/sapl/public/materialegislativa/2022/1984/indicacao_n101-2022_000669.pdf", "ementa": "Constru\u00e7\u00e3o de quadra na Escola Estadual Municipalizada Victor Sence, no bairro da Usina"}, {"id": "1985", "ano": "2022", "numero": "102", "tipo__sigla": "IND", "tipo__descricao": "Indica\u00e7\u00e3o Legislativa", "autoria": "Tcharles", "texto_original": "http://sapl.conceicaodemacabu.rj.leg.br/media/sapl/public/materialegislativa/2022/1985/indicacao_n102-2022_000670.pdf", "ementa": "Indica ao Poder Executivo a constru\u00e7\u00e3o de uma quadra na Escola Municipal de Capelinha, no Assentamento Capelinha."}, {"id": "1990", "ano": "2022", "numero": "103", "tipo__sigla": "IND", "tipo__descricao": "Indica\u00e7\u00e3o Legislativa", "autoria": "Nath\u00e1lia Braga", "texto_original": "http://sapl.conceicaodemacabu.rj.leg.br/media/sapl/public/materialegislativa/2022/1990/indicacao_n103-2022_000671.pdf", "ementa": "Indica disponibiliza\u00e7\u00e3o de atendimento pedi\u00e1trico mensalmente nas creches e escolas municipais que tenham alunos de at\u00e9 05 anos, com atendimento m\u00e9dico e atualizado de cart\u00e3o de vacina\u00e7\u00e3o."}, {"id": "1991", "ano": "2022", "numero": "104", "tipo__sigla": "IND", "tipo__descricao": "Indica\u00e7\u00e3o Legislativa", "autoria": "Nath\u00e1lia Braga", "texto_original": "http://sapl.conceicaodemacabu.rj.leg.br/media/sapl/public/materialegislativa/2022/1991/indicacao_n104-2022_000672.pdf", "ementa": "Indica\u00e7\u00e3o objetivando cria\u00e7\u00e3o de um n\u00facleo de prote\u00e7\u00e3o recolhimento e defesa animal em situa\u00e7\u00e3o de abandono, soltos em vias p\u00fablica, bem como, os que sofrem de maus tratos pelo dono."}, {"id": "1994", "ano": "2022", "numero": "105", "tipo__sigla": "IND", "tipo__descricao": "Indica\u00e7\u00e3o Legislativa", "autoria": "Tcharles", "texto_original": "http://sapl.conceicaodemacabu.rj.leg.br/media/sapl/public/materialegislativa/2022/1994/indicacao_n105-2022_000673.pdf", "ementa": "Indica\u00e7\u00e3o para que seja revogada a Lei Municipal n\u00ba 555/2002,que  trata das di\u00e1rias dos Servidores e Agentes Pol\u00edticos, para que possam ser inclu\u00eddos na Lei Municipal, para que estes  possam ser inclu\u00eddos na Lei n\u00ba1418/2015 (di\u00e1rias no \u00e2mbito do Fundo Municipal de Sa\u00fade e do Fundo Municipal e Desenvolvimento Social, a servidores ocupantes do cargo de motorista),atrav\u00e9s de uma altera\u00e7\u00e3o na referida  Lei."}, {"id": "1995", "ano": "2022", "numero": "106", "tipo__sigla": "IND", "tipo__descricao": "Indica\u00e7\u00e3o Legislativa", "autoria": "Coutinho", "texto_original": "http://sapl.conceicaodemacabu.rj.leg.br/media/sapl/public/materialegislativa/2022/1995/indicacao_n106-2022_000674.pdf", "ementa": "Indica a amplia\u00e7\u00e3o do espa\u00e7o de recrea\u00e7\u00e3o do Centro Municipal de Educa\u00e7\u00e3o Infantil Vov\u00f3 Cedinha."}, {"id": "1996", "ano": "2022", "numero": "107", "tipo__sigla": "IND", "tipo__descricao": "Indica\u00e7\u00e3o Legislativa", "autoria": "Guta", "texto_original": "http://sapl.conceicaodemacabu.rj.leg.br/media/sapl/public/materialegislativa/2022/1996/indicacao_n107-2022_000675.pdf", "ementa": "Indica a distribui\u00e7\u00e3o de lanches para pacientes que viajam a tratamento em outros munic\u00edpios."}, {"id": "1997", "ano": "2022", "numero": "108", "tipo__sigla": "IND", "tipo__descricao": "Indica\u00e7\u00e3o Legislativa", "autoria": "Guta", "texto_original": "http://sapl.conceicaodemacabu.rj.leg.br/media/sapl/public/materialegislativa/2022/1997/indicacao_n108-2022_000676.pdf", "ementa": "Indica a cria\u00e7\u00e3o de adicional de final de semana para motoristas da sa\u00fade."}, {"id": "1998", "ano": "2022", "numero": "109", "tipo__sigla": "IND", "tipo__descricao": "Indica\u00e7\u00e3o Legislativa", "autoria": "Guta", "texto_original": "http://sapl.conceicaodemacabu.rj.leg.br/media/sapl/public/materialegislativa/2022/1998/indicacao_n109-2022_000677.pdf", "ementa": "Objetiva que seja alterada a lei municipal 1.418/2015 (di\u00e1rias no \u00e2mbito do fundo municipal de sa\u00fade e do fundo municipal de promo\u00e7\u00e3o e desenvolvimento social, para que conste tamb\u00e9m os motoristas de todas as outras secret\u00e1rias municipais, tendo em vista que o aumento foram destinados somente aos motoristas do fundo municipal de sa\u00fade e do fundo municipal de promo\u00e7\u00e3o e desenvolvimento social."}, {"id": "2000", "ano": "2022", "numero": "110", "tipo__sigla": "IND", "tipo__descricao": "Indica\u00e7\u00e3o Legislativa", "autoria": "Guta", "texto_original": "http://sapl.conceicaodemacabu.rj.leg.br/media/", "ementa": "Indica o cumprimento da Lei Municipal n.\u00ba 1.528/2018, instituiu o programa de Li\u00e7\u00f5es de Primeiros Socorros na Educa\u00e7\u00e3o b\u00e1sica da Rede Escolar do Munic\u00edpio de Concei\u00e7\u00e3o de Macabu, bem como realiza\u00e7\u00e3o de conv\u00eanio com Corpo de Bombeiros para fins de palestras e treinamento."}, {"id": "2002", "ano": "2022", "numero": "111", "tipo__sigla": "IND", "tipo__descricao": "Indica\u00e7\u00e3o Legislativa", "autoria": "Ga\u00facho", "texto_original": "http://sapl.conceicaodemacabu.rj.leg.br/media/sapl/public/materialegislativa/2022/2002/indicacao_n111-2022_000678.pdf", "ementa": "Indica ao Poder Executivo sinaliza\u00e7\u00e3o para estacionamento de motos na regi\u00e3o central do munic\u00edpio de Concei\u00e7\u00e3o de Macabu."}, {"id": "2014", "ano": "2022", "numero": "112", "tipo__sigla": "IND", "tipo__descricao": "Indica\u00e7\u00e3o Legislativa", "autoria": "Guta", "texto_original": "http://sapl.conceicaodemacabu.rj.leg.br/media/sapl/public/materialegislativa/2022/2014/indicacao_n112-2022_000679.pdf", "ementa": "Objetiva que seja confeccionado um muro cultural, com pinturas e artes em grafite, na creche municipal Vov\u00f3 Cenira Proc\u00f3pio, localizada na rua Pastor Manoel de Brito."}, {"id": "2015", "ano": "2022", "numero": "113", "tipo__sigla": "IND", "tipo__descricao": "Indica\u00e7\u00e3o Legislativa", "autoria": "Nath\u00e1lia Braga", "texto_original": "http://sapl.conceicaodemacabu.rj.leg.br/media/sapl/public/materialegislativa/2022/2015/indicacao_n113-2022_000680.pdf", "ementa": "Indica Instala\u00e7\u00e3o de grade de prote\u00e7\u00e3o na ciclovia"}, {"id": "2016", "ano": "2022", "numero": "114", "tipo__sigla": "IND", "tipo__descricao": "Indica\u00e7\u00e3o Legislativa", "autoria": "Nath\u00e1lia Braga", "texto_original": "http://sapl.conceicaodemacabu.rj.leg.br/media/sapl/public/materialegislativa/2022/2016/indicacao_n114-2022_000681.pdf", "ementa": "Indica recolhimento de todos os brinquedos sucateados de todas as pra\u00e7as, inclusive os da pra\u00e7a central"}, {"id": "2017", "ano": "2022", "numero": "115", "tipo__sigla": "IND", "tipo__descricao": "Indica\u00e7\u00e3o Legislativa", "autoria": "Nath\u00e1lia Braga", "texto_original": "http://sapl.conceicaodemacabu.rj.leg.br/media/sapl/public/materialegislativa/2022/2017/indicacao_n115-2022_000682.pdf", "ementa": "Indica evento de conscientiza\u00e7\u00e3o do agosto lil\u00e1s, m\u00eas de preven\u00e7\u00e3o \u00e0 viol\u00eancia \u00e0 mulher, com palestra, atendimentos psicol\u00f3gico, n\u00fameros para den\u00fancias e atendimentos m\u00e9dicos"}, {"id": "2018", "ano": "2022", "numero": "116", "tipo__sigla": "IND", "tipo__descricao": "Indica\u00e7\u00e3o Legislativa", "autoria": "Nath\u00e1lia Braga", "texto_original": "http://sapl.conceicaodemacabu.rj.leg.br/media/sapl/public/materialegislativa/2022/2018/indicacao_n116-2022_000683.pdf", "ementa": "Indica cria\u00e7\u00e3o do tratamento mediante equoterapia"}, {"id": "2022", "ano": "2022", "numero": "117", "tipo__sigla": "IND", "tipo__descricao": "Indica\u00e7\u00e3o Legislativa", "autoria": "Ga\u00facho", "texto_original": "http://sapl.conceicaodemacabu.rj.leg.br/media/sapl/public/materialegislativa/2022/2022/indicacao_n117-2022_000684.pdf", "ementa": "Indica realiza\u00e7\u00e3o de reforma e manuten\u00e7\u00e3o da quadra do bairro Porto."}, {"id": "2025", "ano": "2022", "numero": "118", "tipo__sigla": "IND", "tipo__descricao": "Indica\u00e7\u00e3o Legislativa", "autoria": "Lucas Madureira, Dhal", "texto_original": "http://sapl.conceicaodemacabu.rj.leg.br/media/sapl/public/materialegislativa/2022/2025/indicacao_n118-2022_000685.pdf", "ementa": "Indica que seja encaminhando ao Poder Executivo, na pessoa do Prefeito Municipal, objetivando o pagamento de periculosidade aos fiscais de tributo municipal."}, {"id": "2027", "ano": "2022", "numero": "119", "tipo__sigla": "IND", "tipo__descricao": "Indica\u00e7\u00e3o Legislativa", "autoria": "Tcharles", "texto_original": "http://sapl.conceicaodemacabu.rj.leg.br/media/sapl/public/materialegislativa/2022/2027/indicacao_n119-2022_000686.pdf", "ementa": "Indica, que seja encaminhado ao Poder Executivo, na pessoa do Prefeito Municipal, objetivando a cria\u00e7\u00e3o do auxilio tecnol\u00f3gico educacional para o desenvolvimento das atividades remotas e tecnol\u00f3gicas aos profissionais da educa\u00e7\u00e3o e servidores das unidades escolares."}, {"id": "2028", "ano": "2022", "numero": "120", "tipo__sigla": "IND", "tipo__descricao": "Indica\u00e7\u00e3o Legislativa", "autoria": "Tcharles", "texto_original": "http://sapl.conceicaodemacabu.rj.leg.br/media/sapl/public/materialegislativa/2022/2028/indicacao_n120-2022_000687.pdf", "ementa": "Indico, que seja encaminhado ao Poder Executivo, na pessoa do Prefeito Municipal, objetivando que seja confeccionado um muro cultural, com pinturas e artes em grafite, na Usina, localizada na Avenida Victor Sense."}, {"id": "2033", "ano": "2022", "numero": "121", "tipo__sigla": "IND", "tipo__descricao": "Indica\u00e7\u00e3o Legislativa", "autoria": "Dhal", "texto_original": "http://sapl.conceicaodemacabu.rj.leg.br/media/sapl/public/materialegislativa/2022/2033/indicacao_n121-2022_000688.pdf", "ementa": "Indica, que seja encaminhado ao Poder Executivo a presente Indica\u00e7\u00e3o, objetivando reforma ou troca dos brinquedos do parquinho da unidade escolar C.E.M.I. Fadinha Encantada."}, {"id": "2039", "ano": "2022", "numero": "122", "tipo__sigla": "IND", "tipo__descricao": "Indica\u00e7\u00e3o Legislativa", "autoria": "Nath\u00e1lia Braga", "texto_original": "http://sapl.conceicaodemacabu.rj.leg.br/media/sapl/public/materialegislativa/2022/2039/indicacao_n122-2022_000689.pdf", "ementa": "Que seja encaminhado ao Exmo. Senhor Prefeito Municipal a presente indica\u00e7\u00e3o objetivando que seja cumprida a Lei Municipal 1759/2022, que instituiu a pol\u00edtica municipal de res\u00edduos s\u00f3lidos, no que tange a parte de campanha permanente de orienta\u00e7\u00e3o e conscientiza\u00e7\u00e3o da popula\u00e7\u00e3o para a necessidade da coleta de res\u00edduos s\u00f3lidos."}, {"id": "2080", "ano": "2022", "numero": "123", "tipo__sigla": "IND", "tipo__descricao": "Indica\u00e7\u00e3o Legislativa", "autoria": "Leo Gago", "texto_original": "http://sapl.conceicaodemacabu.rj.leg.br/media/sapl/public/materialegislativa/2022/2080/indicacao_n123-2022_000690.pdf", "ementa": "Indica constru\u00e7\u00e3o de um portal na entrada da cidade  afim de dar destaque aos que transitam pela rodovia e os turistas sejam bem recepcionados no munic\u00edpio."}, {"id": "2089", "ano": "2022", "numero": "124", "tipo__sigla": "IND", "tipo__descricao": "Indica\u00e7\u00e3o Legislativa", "autoria": "Coutinho", "texto_original": "http://sapl.conceicaodemacabu.rj.leg.br/media/sapl/public/materialegislativa/2022/2089/indicacao_n124-2022_000691.pdf", "ementa": "Indica abertura de vagas e convoca\u00e7\u00e3o de orientadores pedag\u00f3gicos pelo concurso p\u00fablico vigente"}, {"id": "2090", "ano": "2022", "numero": "125", "tipo__sigla": "IND", "tipo__descricao": "Indica\u00e7\u00e3o Legislativa", "autoria": "Nath\u00e1lia Braga", "texto_original": "http://sapl.conceicaodemacabu.rj.leg.br/media/sapl/public/materialegislativa/2022/2090/indicacao_n125-2022_000692.pdf", "ementa": "Indica que a antiga creche do Horto funcione como um CRAS e centro de conviv\u00eancia"}, {"id": "2091", "ano": "2022", "numero": "126", "tipo__sigla": "IND", "tipo__descricao": "Indica\u00e7\u00e3o Legislativa", "autoria": "Nath\u00e1lia Braga", "texto_original": "http://sapl.conceicaodemacabu.rj.leg.br/media/sapl/public/materialegislativa/2022/2091/indicacao_n126-2022_000693.pdf", "ementa": "Indica realiza\u00e7\u00e3o de pavimenta\u00e7\u00e3o da Rua Eduardo Neres, pr\u00f3ximo a antiga empresa Transmac e Salvador Florido, no bairro Bocaina"}, {"id": "2093", "ano": "2022", "numero": "127", "tipo__sigla": "IND", "tipo__descricao": "Indica\u00e7\u00e3o Legislativa", "autoria": "Dhal", "texto_original": "http://sapl.conceicaodemacabu.rj.leg.br/media/sapl/public/materialegislativa/2022/2093/indicacao_n127-2022_000694.pdf", "ementa": "Objetiva a contrata\u00e7\u00e3o de empresa de \u00f4nibus para atender ao transporte de alunos da rede."}, {"id": "2097", "ano": "2022", "numero": "128", "tipo__sigla": "IND", "tipo__descricao": "Indica\u00e7\u00e3o Legislativa", "autoria": "Guta", "texto_original": "http://sapl.conceicaodemacabu.rj.leg.br/media/sapl/public/materialegislativa/2022/2097/indicacao_n128-2022_000695.pdf", "ementa": "Indica coloca\u00e7\u00e3o de um carro \u00e0 disposi\u00e7\u00e3o do Centro de Fisioterapia"}, {"id": "2098", "ano": "2022", "numero": "129", "tipo__sigla": "IND", "tipo__descricao": "Indica\u00e7\u00e3o Legislativa", "autoria": "Guta", "texto_original": "http://sapl.conceicaodemacabu.rj.leg.br/media/sapl/public/materialegislativa/2022/2098/indicacao_n129-2022_000696.pdf", "ementa": "Indica disponibiliza\u00e7\u00e3o de uniformes de viagem para alunos dos projetos de Taekwondo e Jiu-jitsu"}, {"id": "2099", "ano": "2022", "numero": "130", "tipo__sigla": "IND", "tipo__descricao": "Indica\u00e7\u00e3o Legislativa", "autoria": "Guta", "texto_original": "http://sapl.conceicaodemacabu.rj.leg.br/media/sapl/public/materialegislativa/2022/2099/indicacao_n130-2022_000697.pdf", "ementa": "Indico que seja encaminhado ao Poder Executivo, a reitera\u00e7\u00e3o a Indica\u00e7\u00e3o de n.\u00b098, objetivando o conserto da Torre de Transmiss\u00e3o Televisiva."}, {"id": "2100", "ano": "2022", "numero": "131", "tipo__sigla": "IND", "tipo__descricao": "Indica\u00e7\u00e3o Legislativa", "autoria": "Guta", "texto_original": "http://sapl.conceicaodemacabu.rj.leg.br/media/sapl/public/materialegislativa/2022/2100/indicacao_n131-2022_000698.pdf", "ementa": "Indico que seja encaminhado ao Poder Executivo a presente Indica\u00e7\u00e3o objetivando a resolu\u00e7\u00e3o das vistorias veiculares realizadas pelo DETRAN neste munic\u00edpio."}, {"id": "2101", "ano": "2022", "numero": "132", "tipo__sigla": "IND", "tipo__descricao": "Indica\u00e7\u00e3o Legislativa", "autoria": "Leo Gago", "texto_original": "http://sapl.conceicaodemacabu.rj.leg.br/media/sapl/public/materialegislativa/2022/2101/indicacao_n132-2022_000699.pdf", "ementa": "Indico que seja encaminhado ao Senhor Prefeito Municipal , a presente indica\u00e7\u00e3o, objetivando a realiza\u00e7\u00e3o de um projeto esportivo no Parque de Exposi\u00e7\u00f5es, com constru\u00e7\u00e3o de pista de corrida, de bicicleta, dentre outras atividades."}, {"id": "2110", "ano": "2022", "numero": "133", "tipo__sigla": "IND", "tipo__descricao": "Indica\u00e7\u00e3o Legislativa", "autoria": "Guta", "texto_original": "http://sapl.conceicaodemacabu.rj.leg.br/media/sapl/public/materialegislativa/2022/2110/indicacao_n133-2022_000700.pdf", "ementa": "Objetivando que seja realizada convoca\u00e7\u00e3o dos Professores de Educa\u00e7\u00e3o Especial, aprovados no Concurso P\u00fablico em vig\u00eancia."}, {"id": "2115", "ano": "2022", "numero": "134", "tipo__sigla": "IND", "tipo__descricao": "Indica\u00e7\u00e3o Legislativa", "autoria": "Guta", "texto_original": "http://sapl.conceicaodemacabu.rj.leg.br/media/sapl/public/materialegislativa/2022/2115/indicacao_n134-2022_000701.pdf", "ementa": "Reiterando a Indica\u00e7\u00e3o Legislativa n\u00ba 082/2022."}, {"id": "2116", "ano": "2022", "numero": "135", "tipo__sigla": "IND", "tipo__descricao": "Indica\u00e7\u00e3o Legislativa", "autoria": "Guta", "texto_original": "http://sapl.conceicaodemacabu.rj.leg.br/media/sapl/public/materialegislativa/2022/2116/indicacao_n135-2022_000702.pdf", "ementa": "Indicando que seja encaminhado ao Presidente do Instituto de Previd\u00eancia e Assist\u00eancia dos servidores do munic\u00edpio de Concei\u00e7\u00e3o de Macabu - IPASCON, o presente, objetivando que seja criado o cart\u00e3o alimenta\u00e7\u00e3o para os servidores do Instituto."}, {"id": "2117", "ano": "2022", "numero": "136", "tipo__sigla": "IND", "tipo__descricao": "Indica\u00e7\u00e3o Legislativa", "autoria": "Guta", "texto_original": "http://sapl.conceicaodemacabu.rj.leg.br/media/sapl/public/materialegislativa/2022/2117/indicacao_n136-2022__000704.pdf", "ementa": "Indica realiza\u00e7\u00e3o de conserto em \u00e1rea pr\u00f3xima do cemit\u00e9rio."}, {"id": "2119", "ano": "2022", "numero": "137", "tipo__sigla": "IND", "tipo__descricao": "Indica\u00e7\u00e3o Legislativa", "autoria": "Sandro Daumas", "texto_original": "http://sapl.conceicaodemacabu.rj.leg.br/media/sapl/public/materialegislativa/2022/2119/indicacao_n137-2022__000705.pdf", "ementa": "Objetiva que seja disponibilizado para a popula\u00e7\u00e3o com Transtorno do Espectro Autista - TEA, cursos profissionalizantes."}, {"id": "2121", "ano": "2022", "numero": "138", "tipo__sigla": "IND", "tipo__descricao": "Indica\u00e7\u00e3o Legislativa", "autoria": "Nath\u00e1lia Braga", "texto_original": "http://sapl.conceicaodemacabu.rj.leg.br/media/sapl/public/materialegislativa/2022/2121/indicacao_n138-2022__000706.pdf", "ementa": "Indica que haja avalia\u00e7\u00e3o peri\u00f3dica dos pr\u00e9dios escolares com a finalidade de preserva\u00e7\u00e3o e manuten\u00e7\u00e3o e manuten\u00e7\u00e3o dos pr\u00e9dios p\u00fablicos para que  n\u00e3o aconte\u00e7a a depreda\u00e7\u00e3o total"}, {"id": "2122", "ano": "2022", "numero": "139", "tipo__sigla": "IND", "tipo__descricao": "Indica\u00e7\u00e3o Legislativa", "autoria": "Nath\u00e1lia Braga", "texto_original": "http://sapl.conceicaodemacabu.rj.leg.br/media/sapl/public/materialegislativa/2022/2122/indicacao_n139-2022__000707.pdf", "ementa": "Indica que aconte\u00e7am a\u00e7\u00f5es na Secretaria Municipal de Meio Ambiente para plantio de mudas e reflorestamento das \u00e1reas da Amorosa, Santo Agostinho e outros lugares da cidade atingidos pelas fortes chuvas"}, {"id": "2123", "ano": "2022", "numero": "140", "tipo__sigla": "IND", "tipo__descricao": "Indica\u00e7\u00e3o Legislativa", "autoria": "Nath\u00e1lia Braga", "texto_original": "http://sapl.conceicaodemacabu.rj.leg.br/media/sapl/public/materialegislativa/2022/2123/indicacao_n140-2022__000708.pdf", "ementa": "Indica cria\u00e7\u00e3o da Secretaria de Defesa Civil, aut\u00f4noma e com or\u00e7amento pr\u00f3prio."}, {"id": "2124", "ano": "2022", "numero": "141", "tipo__sigla": "IND", "tipo__descricao": "Indica\u00e7\u00e3o Legislativa", "autoria": "Nath\u00e1lia Braga", "texto_original": "http://sapl.conceicaodemacabu.rj.leg.br/media/sapl/public/materialegislativa/2022/2124/indicacao_n141-2022__000709.pdf", "ementa": "Indica que se proceda a vistoria realizada pela Secretaria de Seguran\u00e7a P\u00fablica e Mobilidade Urbana dos carros abandonados em vias p\u00fablicas, com notifica\u00e7\u00e3o pr\u00e9via aso propriet\u00e1rios."}, {"id": "2125", "ano": "2022", "numero": "142", "tipo__sigla": "IND", "tipo__descricao": "Indica\u00e7\u00e3o Legislativa", "autoria": "Nath\u00e1lia Braga", "texto_original": "http://sapl.conceicaodemacabu.rj.leg.br/media/sapl/public/materialegislativa/2022/2125/indicacao_n142-2022__000710.pdf", "ementa": "Indica acr\u00e9scimo de transporte e hor\u00e1rio para os universit\u00e1rios  que estudam em tempo integral , manh\u00e3 e tarde, em Maca\u00e9 e Campos"}, {"id": "2131", "ano": "2022", "numero": "143", "tipo__sigla": "IND", "tipo__descricao": "Indica\u00e7\u00e3o Legislativa", "autoria": "Dhal", "texto_original": "http://sapl.conceicaodemacabu.rj.leg.br/media/sapl/public/materialegislativa/2022/2131/indicacao_n143-2022__000711.pdf", "ementa": "Objetiva a inclus\u00e3o do cargo de t\u00e9cnico em radiologia no quadro de gratifica\u00e7\u00e3o por escolaridade institu\u00eddo pela Lei municipal n\u00b0 1614/2019."}, {"id": "2135", "ano": "2022", "numero": "144", "tipo__sigla": "IND", "tipo__descricao": "Indica\u00e7\u00e3o Legislativa", "autoria": "Nath\u00e1lia Braga", "texto_original": "http://sapl.conceicaodemacabu.rj.leg.br/media/sapl/public/materialegislativa/2022/2135/indicacao_n144-2022__000712.pdf", "ementa": "Objetiva que os equinos recolhidos pelo munic\u00edpio, aqueles cujo os propriet\u00e1rios n\u00e3o resgatarem no prazo legal, sejam aproveitados para projetos de tambor e baliza, equoterapia e outros projetos voltados ao uso dos mesmos, com a finalidade de aproveita-los em prol das necessidades do munic\u00edpio."}, {"id": "2136", "ano": "2022", "numero": "145", "tipo__sigla": "IND", "tipo__descricao": "Indica\u00e7\u00e3o Legislativa", "autoria": "Nath\u00e1lia Braga", "texto_original": "http://sapl.conceicaodemacabu.rj.leg.br/media/sapl/public/materialegislativa/2022/2136/indicacao_n145-2022__000713.pdf", "ementa": "Objetiva que para cada campeonato esportivo organizado pela secretaria municipal de esporte na modalidade masculina, seja inclu\u00eddo tamb\u00e9m a modalidade feminina do respectivo campeonato."}, {"id": "2137", "ano": "2022", "numero": "146", "tipo__sigla": "IND", "tipo__descricao": "Indica\u00e7\u00e3o Legislativa", "autoria": "Nath\u00e1lia Braga", "texto_original": "http://sapl.conceicaodemacabu.rj.leg.br/media/sapl/public/materialegislativa/2022/2137/indicacao_n146-2022__000714.pdf", "ementa": "Objetiva que a secretaria municipal de educa\u00e7\u00e3o promova cursos de capacita\u00e7\u00e3o para gestores, professores e pais de alunos com Transtorno do Espectro do Autismo (TEA)."}, {"id": "2138", "ano": "2022", "numero": "147", "tipo__sigla": "IND", "tipo__descricao": "Indica\u00e7\u00e3o Legislativa", "autoria": "Nath\u00e1lia Braga", "texto_original": "http://sapl.conceicaodemacabu.rj.leg.br/media/sapl/public/materialegislativa/2022/2138/indicacao_n147-2022__000715.pdf", "ementa": "Indica ao Poder Executivo a cria\u00e7\u00e3o de uma pista de la\u00e7o, no parque de exposi\u00e7\u00f5es."}, {"id": "2143", "ano": "2022", "numero": "148", "tipo__sigla": "IND", "tipo__descricao": "Indica\u00e7\u00e3o Legislativa", "autoria": "Guta", "texto_original": "http://sapl.conceicaodemacabu.rj.leg.br/media/sapl/public/materialegislativa/2022/2143/indicacao_n148-2022__000716.pdf", "ementa": "Reitera\u00e7\u00e3o da Indica\u00e7\u00e3o Legislativa n.\u00b0128/2022, objetivando que o Prefeito disponibilize um ve\u00edculo para ficar a disposi\u00e7\u00e3o do centro de fisioterapia."}, {"id": "2147", "ano": "2022", "numero": "149", "tipo__sigla": "IND", "tipo__descricao": "Indica\u00e7\u00e3o Legislativa", "autoria": "Coutinho", "texto_original": "http://sapl.conceicaodemacabu.rj.leg.br/media/sapl/public/materialegislativa/2022/2147/indicacao_n149-2022__000717.pdf", "ementa": "Indica pagamento de abono para todos os servidores p\u00fablicos municipais (por matr\u00edcula) no m\u00eas de dezembro do corrente"}, {"id": "2149", "ano": "2022", "numero": "150", "tipo__sigla": "IND", "tipo__descricao": "Indica\u00e7\u00e3o Legislativa", "autoria": "Leo Gago", "texto_original": "http://sapl.conceicaodemacabu.rj.leg.br/media/sapl/public/materialegislativa/2022/2149/indicacao_n150-2022__000718.pdf", "ementa": "Indica\u00e7\u00e3o objetivando a concess\u00e3o de cesta natalina para os servidores municipais."}, {"id": "2150", "ano": "2022", "numero": "151", "tipo__sigla": "IND", "tipo__descricao": "Indica\u00e7\u00e3o Legislativa", "autoria": "Leo Gago", "texto_original": "http://sapl.conceicaodemacabu.rj.leg.br/media/sapl/public/materialegislativa/2022/2150/indicacao_n151-2022__000719.pdf", "ementa": "Indica\u00e7\u00e3o objetivando a cria\u00e7\u00e3o do programa de inclus\u00e3o de alimentos org\u00e2nicos ou de base agroecol\u00f3gico no card\u00e1pio de merenda escolar da rede municipal."}, {"id": "2151", "ano": "2022", "numero": "152", "tipo__sigla": "IND", "tipo__descricao": "Indica\u00e7\u00e3o Legislativa", "autoria": "Tcharles", "texto_original": "http://sapl.conceicaodemacabu.rj.leg.br/media/sapl/public/materialegislativa/2022/2151/indicacao_n152-2022__000720.pdf", "ementa": "Indica\u00e7\u00e3o objetivando que seja constru\u00edda uma quadra na creche Vov\u00f3 Cenira Proc\u00f3pio."}, {"id": "2152", "ano": "2022", "numero": "153", "tipo__sigla": "IND", "tipo__descricao": "Indica\u00e7\u00e3o Legislativa", "autoria": "Dhal", "texto_original": "http://sapl.conceicaodemacabu.rj.leg.br/media/sapl/public/materialegislativa/2022/2152/indicacao_n153-2022__000721.pdf", "ementa": "Tem por finalidade que seja providenciada instala\u00e7\u00e3o de lombadas na Rua Guilherme Barbosa, no Porto; e Rua Francisco Lima, no S\u00e3o Henry."}, {"id": "2153", "ano": "2022", "numero": "154", "tipo__sigla": "IND", "tipo__descricao": "Indica\u00e7\u00e3o Legislativa", "autoria": "Dhal", "texto_original": "http://sapl.conceicaodemacabu.rj.leg.br/media/sapl/public/materialegislativa/2022/2153/indicacao_n154-2022__000722.pdf", "ementa": "Objetiva a disponibiliza\u00e7\u00e3o de uniforme de Bal\u00e9 aos alunos do projeto implantado pelo munic\u00edpio."}, {"id": "2154", "ano": "2022", "numero": "155", "tipo__sigla": "IND", "tipo__descricao": "Indica\u00e7\u00e3o Legislativa", "autoria": "Lucas Madureira", "texto_original": "http://sapl.conceicaodemacabu.rj.leg.br/media/sapl/public/materialegislativa/2022/2154/indicacao_n155-2022__000723.pdf", "ementa": "Reitera\u00e7\u00e3o da Indica\u00e7\u00e3o Legislativa de n\u00b0142/2022 que trata do incremento de transporte e hor\u00e1rios para os universit\u00e1rios que estudam em tempo integral, manh\u00e3 e tarde, em Maca\u00e9 e Campos."}, {"id": "2155", "ano": "2022", "numero": "156", "tipo__sigla": "IND", "tipo__descricao": "Indica\u00e7\u00e3o Legislativa", "autoria": "Guta", "texto_original": "http://sapl.conceicaodemacabu.rj.leg.br/media/sapl/public/materialegislativa/2022/2155/indicacao_n156-2022__000724.pdf", "ementa": "Indica\u00e7\u00e3o objetivando que seja o \"Cart\u00e3o Alimenta\u00e7\u00e3o\" estendido aos aposentados e pensionistas."}, {"id": "2156", "ano": "2022", "numero": "157", "tipo__sigla": "IND", "tipo__descricao": "Indica\u00e7\u00e3o Legislativa", "autoria": "Guta", "texto_original": "http://sapl.conceicaodemacabu.rj.leg.br/media/sapl/public/materialegislativa/2022/2156/indicacao_n157-2022__000725.pdf", "ementa": "Indica\u00e7\u00e3o objetivando que seja o disponibilizado como pr\u00e1tica esportiva na pra\u00e7a municipal, Futmesa."}, {"id": "2159", "ano": "2022", "numero": "158", "tipo__sigla": "IND", "tipo__descricao": "Indica\u00e7\u00e3o Legislativa", "autoria": "Guta", "texto_original": "http://sapl.conceicaodemacabu.rj.leg.br/media/sapl/public/materialegislativa/2022/2159/indicacao_n158-2022__000726.pdf", "ementa": "indica instala\u00e7\u00e3o de quebra-molas no Mutir\u00e3o, bairro Rh\u00f3dia"}, {"id": "2160", "ano": "2022", "numero": "159", "tipo__sigla": "IND", "tipo__descricao": "Indica\u00e7\u00e3o Legislativa", "autoria": "Nath\u00e1lia Braga", "texto_original": "http://sapl.conceicaodemacabu.rj.leg.br/media/sapl/public/materialegislativa/2022/2160/indicacao_n159-2022__000727.pdf", "ementa": "Indica coloca\u00e7\u00e3o de placas vis\u00edveis, quebra-molas, sem\u00e1foro ou ainda guardas municipais em determinados pontos da cidade"}, {"id": "2161", "ano": "2022", "numero": "160", "tipo__sigla": "IND", "tipo__descricao": "Indica\u00e7\u00e3o Legislativa", "autoria": "Nath\u00e1lia Braga", "texto_original": "http://sapl.conceicaodemacabu.rj.leg.br/media/sapl/public/materialegislativa/2022/2161/indicacao_n160-2022__000728.pdf", "ementa": "Indica cria\u00e7\u00e3o de um cronograma distribui\u00e7\u00e3o de mudas cultivadas no Horto Municipal Vereador H\u00e9lio Ara\u00fajo"}, {"id": "2162", "ano": "2022", "numero": "161", "tipo__sigla": "IND", "tipo__descricao": "Indica\u00e7\u00e3o Legislativa", "autoria": "Nath\u00e1lia Braga", "texto_original": "http://sapl.conceicaodemacabu.rj.leg.br/media/sapl/public/materialegislativa/2022/2162/indicacao_n161-2022__000729.pdf", "ementa": "Indica revitaliza\u00e7\u00e3o e reforma das \u00e1reas de recrea\u00e7\u00e3o de todas as escolas e creches municipais"}, {"id": "2163", "ano": "2022", "numero": "162", "tipo__sigla": "IND", "tipo__descricao": "Indica\u00e7\u00e3o Legislativa", "autoria": "Nath\u00e1lia Braga", "texto_original": "http://sapl.conceicaodemacabu.rj.leg.br/media/sapl/public/materialegislativa/2022/2163/indicacao_n162-2022__000730.pdf", "ementa": "Indica constru\u00e7\u00e3o de ponto de \u00f4nibus na pra\u00e7a, perto da igreja cat\u00f3lica"}, {"id": "2164", "ano": "2022", "numero": "163", "tipo__sigla": "IND", "tipo__descricao": "Indica\u00e7\u00e3o Legislativa", "autoria": "Ga\u00facho", "texto_original": "http://sapl.conceicaodemacabu.rj.leg.br/media/sapl/public/materialegislativa/2022/2164/indicacao_n163-2022__000731.pdf", "ementa": "Indica que seja autorizado aos fiscais de obras do munic\u00edpio que o exerc\u00edcio de suas atividades possam ocorrer, tamb\u00e9m, nos s\u00e1bados e domingos."}, {"id": "2166", "ano": "2022", "numero": "164", "tipo__sigla": "IND", "tipo__descricao": "Indica\u00e7\u00e3o Legislativa", "autoria": "Nath\u00e1lia Braga", "texto_original": "http://sapl.conceicaodemacabu.rj.leg.br/media/sapl/public/materialegislativa/2022/2166/indicacao_n164-2022__000732.pdf", "ementa": "Indica ao poder executivo pavimenta\u00e7\u00e3o das ruas Eduardo Neres e Salvador Florido, bairro bocaina."}, {"id": "2167", "ano": "2022", "numero": "165", "tipo__sigla": "IND", "tipo__descricao": "Indica\u00e7\u00e3o Legislativa", "autoria": "Nath\u00e1lia Braga", "texto_original": "http://sapl.conceicaodemacabu.rj.leg.br/media/sapl/public/materialegislativa/2022/2167/indicacao_n165-2022__000733.pdf", "ementa": "INDICA AO PODER EXECUTIVO O RETORNO DA FEIRA DOS ARTES\u00c3OS AOS S\u00c1BADOS, DOMINGOS E FERIADOS NA PRA\u00c7A CENTRAL."}, {"id": "2168", "ano": "2022", "numero": "166", "tipo__sigla": "IND", "tipo__descricao": "Indica\u00e7\u00e3o Legislativa", "autoria": "Nath\u00e1lia Braga", "texto_original": "http://sapl.conceicaodemacabu.rj.leg.br/media/sapl/public/materialegislativa/2022/2168/indicacao_n166-2022__000734.pdf", "ementa": "Indica ao poder executivo programa\u00e7\u00e3o de shows locais, caixa de som, campeonatos de jogos, encontro de artistas aos fins de semana e feriados no pra\u00e7a central."}, {"id": "2172", "ano": "2022", "numero": "167", "tipo__sigla": "IND", "tipo__descricao": "Indica\u00e7\u00e3o Legislativa", "autoria": "Dhal", "texto_original": "http://sapl.conceicaodemacabu.rj.leg.br/media/sapl/public/materialegislativa/2022/2172/indicacao_n167-2022__000735.pdf", "ementa": "Objetiva a compra de pe\u00e7as para compor as baterias carnavalescas, assim como talabartes e baquetas para serem utilizadas pelos blocos carnavalescos."}, {"id": "2173", "ano": "2022", "numero": "168", "tipo__sigla": "IND", "tipo__descricao": "Indica\u00e7\u00e3o Legislativa", "autoria": "Tcharles", "texto_original": "http://sapl.conceicaodemacabu.rj.leg.br/media/sapl/public/materialegislativa/2022/2173/indicacao_n168-2022__000737.pdf", "ementa": "Indica disponibiliza\u00e7\u00e3o de de plano de sa\u00fade aos servidores p\u00fablicos municipais e seus dependentes"}, {"id": "2176", "ano": "2022", "numero": "169", "tipo__sigla": "IND", "tipo__descricao": "Indica\u00e7\u00e3o Legislativa", "autoria": "Nath\u00e1lia Braga", "texto_original": "http://sapl.conceicaodemacabu.rj.leg.br/media/sapl/public/materialegislativa/2022/2176/indicacao_n169-2022__000738.pdf", "ementa": "Indica disponibiliza\u00e7\u00e3o de livros para os alunos da rede municipal de ensino"}, {"id": "2179", "ano": "2022", "numero": "170", "tipo__sigla": "IND", "tipo__descricao": "Indica\u00e7\u00e3o Legislativa", "autoria": "Nath\u00e1lia Braga", "texto_original": "http://sapl.conceicaodemacabu.rj.leg.br/media/sapl/public/materialegislativa/2022/2179/indicacao_n170-2022__000739.pdf", "ementa": "Objetiva a realiza\u00e7\u00e3o de campanhas com intuito de incentivar e acelerar a vacina\u00e7\u00e3o da dose de refor\u00e7o da Covid-19 no Munic\u00edpio."}, {"id": "2180", "ano": "2022", "numero": "171", "tipo__sigla": "IND", "tipo__descricao": "Indica\u00e7\u00e3o Legislativa", "autoria": "Nath\u00e1lia Braga", "texto_original": "http://sapl.conceicaodemacabu.rj.leg.br/media/sapl/public/materialegislativa/2022/2180/indicacao_n171-2022__000741.pdf", "ementa": "INDICA QUE SEJA ENCAMINHADO AO EXMO. SENHOR PREFEITO MUNICIPAL, AP\u00d3S APROVA\u00c7\u00c3O DO PLEN\u00c1RIO, A PRESENTE INDICA\u00c7\u00c3O OBJETIVANDO QUE SEJA INCENTIVADO A VACINA\u00c7\u00c3O DE POLIOMIELITE NAS CRIAN\u00c7AS A PARTIR DE 2 MESES A 5 ANOS DE IDADE."}, {"id": "2181", "ano": "2022", "numero": "172", "tipo__sigla": "IND", "tipo__descricao": "Indica\u00e7\u00e3o Legislativa", "autoria": "Nath\u00e1lia Braga", "texto_original": "http://sapl.conceicaodemacabu.rj.leg.br/media/sapl/public/materialegislativa/2022/2181/indicacao_n172-2022__000742.pdf", "ementa": "Indica que sejam realizadas a\u00e7\u00f5es voltadas para conscientiza\u00e7\u00e3o da preven\u00e7\u00e3o \u00e0 dengue."}, {"id": "2182", "ano": "2022", "numero": "173", "tipo__sigla": "IND", "tipo__descricao": "Indica\u00e7\u00e3o Legislativa", "autoria": "Nath\u00e1lia Braga", "texto_original": "http://sapl.conceicaodemacabu.rj.leg.br/media/sapl/public/materialegislativa/2022/2182/indicacao_n173-2022__000743.pdf", "ementa": "Indica instala\u00e7\u00e3o de quebra-molas onde h\u00e1 placa de sinaliza\u00e7\u00e3o."}, {"id": "2183", "ano": "2022", "numero": "174", "tipo__sigla": "IND", "tipo__descricao": "Indica\u00e7\u00e3o Legislativa", "autoria": "Guta", "texto_original": "http://sapl.conceicaodemacabu.rj.leg.br/media/sapl/public/materialegislativa/2022/2183/indicacao_n174-2022__000744.pdf", "ementa": "Indica que a Secretaria Municipal de Educa\u00e7\u00e3o compre uniformes para os alunos da Rede Municipal de ensino."}, {"id": "2184", "ano": "2022", "numero": "175", "tipo__sigla": "IND", "tipo__descricao": "Indica\u00e7\u00e3o Legislativa", "autoria": "Guta", "texto_original": "http://sapl.conceicaodemacabu.rj.leg.br/media/sapl/public/materialegislativa/2022/2184/indicacao_n175-2022__000745.pdf", "ementa": "Indica que a Secretaria Municipal de Educa\u00e7\u00e3o crie projeto de transporte para atender os alunos em viagens aos passeios durante o ano."}, {"id": "2188", "ano": "2022", "numero": "176", "tipo__sigla": "IND", "tipo__descricao": "Indica\u00e7\u00e3o Legislativa", "autoria": "Sandro Daumas", "texto_original": "http://sapl.conceicaodemacabu.rj.leg.br/media/sapl/public/materialegislativa/2022/2188/indicacao_n176-2022__000746.pdf", "ementa": "Indica constru\u00e7\u00e3o de uma Capela Mortu\u00e1ria P\u00fablica no Cemit\u00e9rio Municipal de Concei\u00e7\u00e3o de Macabu."}, {"id": "2190", "ano": "2022", "numero": "177", "tipo__sigla": "IND", "tipo__descricao": "Indica\u00e7\u00e3o Legislativa", "autoria": "Guta", "texto_original": "http://sapl.conceicaodemacabu.rj.leg.br/media/sapl/public/materialegislativa/2022/2190/indicacao_n177-2022__000747.pdf", "ementa": "Indica concess\u00e3o de Abono Natalino aos Aposentados e Pensionistas"}, {"id": "2191", "ano": "2022", "numero": "178", "tipo__sigla": "IND", "tipo__descricao": "Indica\u00e7\u00e3o Legislativa", "autoria": "Nath\u00e1lia Braga", "texto_original": "http://sapl.conceicaodemacabu.rj.leg.br/media/sapl/public/materialegislativa/2022/2191/indicacao_n178-2022__000748.pdf", "ementa": "Visa o dep\u00f3sito e recolhimento de forma correta dos lixos pl\u00e1sticos, evitando o despejo de forma irregular."}, {"id": "2192", "ano": "2022", "numero": "179", "tipo__sigla": "IND", "tipo__descricao": "Indica\u00e7\u00e3o Legislativa", "autoria": "Ga\u00facho", "texto_original": "http://sapl.conceicaodemacabu.rj.leg.br/media/sapl/public/materialegislativa/2022/2192/indicacao_n179-2022__000749.pdf", "ementa": "Indica que a Prefeitura Municipal de Concei\u00e7\u00e3o de Macabu estude a viabilidade de cria\u00e7\u00e3o de um projeto que leve internet a zona rural, onde se conceda algum tipo de subven\u00e7\u00e3o as empresas provedoras para cabear as zonas long\u00ednquas do Munic\u00edpio."}, {"id": "2194", "ano": "2022", "numero": "180", "tipo__sigla": "IND", "tipo__descricao": "Indica\u00e7\u00e3o Legislativa", "autoria": "Dhal", "texto_original": "http://sapl.conceicaodemacabu.rj.leg.br/media/sapl/public/materialegislativa/2022/2194/indicacao_n180-2022__000750.pdf", "ementa": "Indica\u00e7\u00e3o objetivando apoio estrutural para os blocos de embalo carnavalescos atrav\u00e9s de um termo de coopera\u00e7\u00e3o entre a prefeitura municipal e as entidades envolvidas nos eventos nos eventos para o carnaval do pr\u00f3ximo ano."}, {"id": "2199", "ano": "2022", "numero": "181", "tipo__sigla": "IND", "tipo__descricao": "Indica\u00e7\u00e3o Legislativa", "autoria": "Ga\u00facho", "texto_original": "http://sapl.conceicaodemacabu.rj.leg.br/media/sapl/public/materialegislativa/2022/2199/indicacao_n181-2022__000751.pdf", "ementa": "INDICA AO PODER EXECUTIVO O RETORNO DA COPA DE FUTSAL DO COM\u00c9RCIO DE CONCEI\u00c7\u00c3O DE MACABU/RJ COM APOIO DA PREFEITURA MUNICIPAL."}, {"id": "2200", "ano": "2022", "numero": "182", "tipo__sigla": "IND", "tipo__descricao": "Indica\u00e7\u00e3o Legislativa", "autoria": "Ga\u00facho", "texto_original": "http://sapl.conceicaodemacabu.rj.leg.br/media/sapl/public/materialegislativa/2022/2200/indicacao_n182-2022__000752.pdf", "ementa": "INDICA AO PODER EXECUTIVO A REALIZA\u00c7\u00c3O DE CAMPEONATO MUNICIPAL DE FUTSAL SUB-17 E SUB-15."}, {"id": "2207", "ano": "2022", "numero": "183", "tipo__sigla": "IND", "tipo__descricao": "Indica\u00e7\u00e3o Legislativa", "autoria": "Coutinho", "texto_original": "http://sapl.conceicaodemacabu.rj.leg.br/media/sapl/public/materialegislativa/2022/2207/indicacao_n183-2022__000753.pdf", "ementa": "Indica que seja adicionado a\u00e7\u00e3o no Quadro de Detalhamento de Despesa - QDD, com sua respectiva fun\u00e7\u00e3o, subfun\u00e7\u00e3o, categoria econ\u00f4mica e fonte de recurso no Or\u00e7amento de 2023, da Secretaria Municipal de Meio Ambiente, visando a implementa\u00e7\u00e3o da Autossufici\u00eancia Energ\u00e9tica."}, {"id": "2220", "ano": "2022", "numero": "184", "tipo__sigla": "IND", "tipo__descricao": "Indica\u00e7\u00e3o Legislativa", "autoria": "Guta", "texto_original": "http://sapl.conceicaodemacabu.rj.leg.br/media/sapl/public/materialegislativa/2022/2220/indicacao_n184-2022__000754.pdf", "ementa": "Indica ao Poder Executivo a concess\u00e3o de isen\u00e7\u00e3o  de IPTU e Alvar\u00e1 de Funcionamento aos propriet\u00e1rios ou possuidores de im\u00f3veis edificados atingidos por enchentes e alagamentos."}, {"id": "2221", "ano": "2022", "numero": "185", "tipo__sigla": "IND", "tipo__descricao": "Indica\u00e7\u00e3o Legislativa", "autoria": "Guta", "texto_original": "http://sapl.conceicaodemacabu.rj.leg.br/media/sapl/public/materialegislativa/2022/2221/indicacao_n185-2022__000755.pdf", "ementa": "Indica ao Poder Executivo, em reitera\u00e7\u00e3o \u00e0 indica\u00e7\u00e3o 177/2022, a concess\u00e3o de adicional extraordin\u00e1rio tamb\u00e9m aos servidores p\u00fablicos inativos e pensionistas."}, {"id": "2222", "ano": "2022", "numero": "186", "tipo__sigla": "IND", "tipo__descricao": "Indica\u00e7\u00e3o Legislativa", "autoria": "Dhal", "texto_original": "http://sapl.conceicaodemacabu.rj.leg.br/media/sapl/public/materialegislativa/2022/2222/indicacao_n186-2022__000756.pdf", "ementa": "Objetiva a compra do propriedade hotel fazenda Malibu."}, {"id": "1934", "ano": "2022", "numero": "1", "tipo__sigla": "MOC", "tipo__descricao": "Mo\u00e7\u00e3o", "autoria": "Guta", "texto_original": "http://sapl.conceicaodemacabu.rj.leg.br/media/sapl/public/materialegislativa/2022/1934/mocaoderepudio012022.pdf", "ementa": "Mo\u00e7\u00e3o de Rep\u00fadio contra o leil\u00e3o realizado no dia 16/06/2016, no processo 0363000-56.2003.5.01.0481, referente ao hotel Malibu, \u00fanico estabelecimento de hotelaria na cidade, a mais de 50 anos fazendo hist\u00f3ria na cidade."}, {"id": "2224", "ano": "2022", "numero": "1", "tipo__sigla": "CHAPA", "tipo__descricao": "Chapa Candidata \u00e0 Mesa Diretora", "autoria": "Nath\u00e1lia Braga", "texto_original": "http://sapl.conceicaodemacabu.rj.leg.br/media/sapl/public/materialegislativa/2022/2224/chapa_a_000631.pdf", "ementa": "(CHAPA A) Presidente: Nath\u00e1lia Silveira Braga; 1\u00b0 Vice-Presidente: Sandro de Oliveira Daumas; 2\u00b0 Vice-Presidente: Tcharles Ribeiro dos Santos Viana; 1\u00b0 Secret\u00e1rio: Jos\u00e9 Marcelo Mo\u00e7o Neto; 2\u00b0 Secret\u00e1rio: Marco Aur\u00e9lio Silva Bueno."}, {"id": "2225", "ano": "2022", "numero": "2", "tipo__sigla": "CHAPA", "tipo__descricao": "Chapa Candidata \u00e0 Mesa Diretora", "autoria": "Dhal", "texto_original": "http://sapl.conceicaodemacabu.rj.leg.br/media/", "ementa": "(RETIRADA) Presidente: Jorge Luiz Silva Andrade; 1\u00b0 Vice-Presidente: Nath\u00e1lia Silveira Braga; 2\u00b0 Vice-Presidente: Tayguara Bueno de Souza Tavares; 1\u00b0 Secret\u00e1rio: Carlos Augusto Paula Barbosa; 2\u00b0 Secret\u00e1rio: Lucas Madureira Pereira."}, {"id": "2226", "ano": "2022", "numero": "3", "tipo__sigla": "CHAPA", "tipo__descricao": "Chapa Candidata \u00e0 Mesa Diretora", "autoria": "Lucas Madureira", "texto_original": "http://sapl.conceicaodemacabu.rj.leg.br/media/sapl/public/materialegislativa/2022/2226/chapa_b_000632.pdf", "ementa": "(CHAPA B) Presidente: Vagner Santos Ign\u00e1cio; 1\u00b0 Vice-Presidente: Jorge Luiz Silva Andrade; 2\u00b0 Vice-Presidente: Tayguara Bueno de Souza Tavares; 1\u00b0 Secret\u00e1rio: Lucas Madureira Pereira; 2\u00b0 Secret\u00e1rio: Carlos Augusto Paula Barbosa."}]}