{"headers": {"id": "ID", "ano": "Ano", "numero": "N\u00famero", "tipo__sigla": "Tipo de Mat\u00e9ria Legislativa/Sigla", "tipo__descricao": "Tipo de Mat\u00e9ria Legislativa/Descri\u00e7\u00e3o", "autoria": "Autorias", "texto_original": "Texto Original", "ementa": "Ementa"}, "results": [{"id": "1129", "ano": "2020", "numero": "1", "tipo__sigla": "EMEN", "tipo__descricao": "Emenda", "autoria": "Barcelos Resina", "texto_original": "http://sapl.conceicaodemacabu.rj.leg.br/media/", "ementa": "EMENDA MODIFICATIVA AO ANTEPROJETO DE LEI 005/2020. ALTERA O CAPUT E ARTIGO 1\u00ba DO REFERIDO APLO."}, {"id": "1195", "ano": "2020", "numero": "2", "tipo__sigla": "EMEN", "tipo__descricao": "Emenda", "autoria": "Toninho da Sa\u00fade", "texto_original": "http://sapl.conceicaodemacabu.rj.leg.br/media/", "ementa": "EMENDA SUPRESSIVA 002/2020 AO ARTIGO 12 DO PROJETO DE LEI COMPLEMENTAR 019/2020."}, {"id": "1156", "ano": "2020", "numero": "1", "tipo__sigla": "PLC", "tipo__descricao": "Projeto de Lei Complementar", "autoria": "Prefeitura Municipal de Concei\u00e7\u00e3o de Macabu", "texto_original": "http://sapl.conceicaodemacabu.rj.leg.br/media/sapl/public/materialegislativa/2020/1156/plc_009-2020_-_executivo_18062020.pdf", "ementa": "Disp\u00f5e sobre altera\u00e7\u00e3o da Lei n.\u00ba 756/2006, revoga\u00e7\u00e3o da Lei n.\u00ba 1.520/2018, que estabelecem al\u00edquotas de contribui\u00e7\u00e3o previdenci\u00e1ria  e do Plano de Amortiza\u00e7\u00e3o para equacionamento de d\u00e9ficit atuarial, e estipula o valor da taxa de administra\u00e7\u00e3o para o exerc\u00edcio  de 2020, do IPASCON"}, {"id": "1194", "ano": "2020", "numero": "2", "tipo__sigla": "PLC", "tipo__descricao": "Projeto de Lei Complementar", "autoria": "Prefeitura Municipal de Concei\u00e7\u00e3o de Macabu", "texto_original": "http://sapl.conceicaodemacabu.rj.leg.br/media/sapl/public/materialegislativa/2020/1194/plc_019-2020_-_executivo_30112020.pdf", "ementa": "ACRESCENTA, ALTERA E REVOGA DISPOSITIVOS A LEI 471/2001, DE 31 DE DEZEMBRO DE 2001, QUE \"DISP\u00d5E SOBRE O SISTEMA TRIBUT\u00c1RIO DO MUNIC\u00cdPIO E D\u00c1 OUTRAS PROVID\u00caNCIAS\"."}, {"id": "1052", "ano": "2020", "numero": "1", "tipo__sigla": "PLO", "tipo__descricao": "Projeto de Lei Ordin\u00e1ria", "autoria": "Prefeitura Municipal de Concei\u00e7\u00e3o de Macabu", "texto_original": "http://sapl.conceicaodemacabu.rj.leg.br/media/sapl/public/materialegislativa/2020/1052/plo_001-2020_-_pmcm_10012020.pdf", "ementa": "DISP\u00d5E SOBRE ABERTURA DE CR\u00c9DITO SUPLEMENTAR NO OR\u00c7AMENTO VIGENTE DO FUNDO MUNICIPAL DE ASSIST\u00caNCIA SOCIAL DE CONCEI\u00c7\u00c3O DE MACABU."}, {"id": "1053", "ano": "2020", "numero": "2", "tipo__sigla": "PLO", "tipo__descricao": "Projeto de Lei Ordin\u00e1ria", "autoria": "Prefeitura Municipal de Concei\u00e7\u00e3o de Macabu", "texto_original": "http://sapl.conceicaodemacabu.rj.leg.br/media/sapl/public/materialegislativa/2020/1053/plo_002-2020_-_pmcm_10012020.pdf", "ementa": "AUTORIZA O PODER EXECUTIVO A: ALTERAR A LEI MUNICIPAL N\u00b0 1490 QUE DISP\u00d5E SOBRE O PLANO PLURIANUAL PARA O PER\u00cdODO DE 2018 A 2021, ALTERAR A LEI MUNICIPAL N\u00ba 1593 QUE DISP\u00d5E SOBRE AS DIRETRIZES PARA A ELABORA\u00c7\u00c3O DA LEI OR\u00c7AMENT\u00c1RIA DE 2020 E ABRIR CR\u00c9DITO ESPECIAL NO OR\u00c7AMENTO DO EXERC\u00cdCIO FINANCEIRO DE 2020."}, {"id": "1054", "ano": "2020", "numero": "3", "tipo__sigla": "PLO", "tipo__descricao": "Projeto de Lei Ordin\u00e1ria", "autoria": "Prefeitura Municipal de Concei\u00e7\u00e3o de Macabu", "texto_original": "http://sapl.conceicaodemacabu.rj.leg.br/media/sapl/public/materialegislativa/2020/1054/plo_003-2020_-_pmcm_10012020.pdf", "ementa": "AUTORIZA O PODER EXECUTIVO A: ALTERAR A LEI MUNICIPAL N\u00ba 1490 QUE DISP\u00d5E SOBRE O PLANO PLURIANUAL PARA O PER\u00cdODO DE 2018 A 2021, ALTERAR A LEI MUNICIPAL N\u00ba 1593 QUE DISP\u00d5E SOBRE AS DIRETRIZES PARA A ELABORA\u00c7\u00c3O DA LEI OR\u00c7AMENT\u00c1RIA DE 2020 E ABRIR CR\u00c9DITO ESPECIAL NO OR\u00c7AMENTO DO EXERC\u00cdCIO FINANCEIRO DE 2020."}, {"id": "1055", "ano": "2020", "numero": "4", "tipo__sigla": "PLO", "tipo__descricao": "Projeto de Lei Ordin\u00e1ria", "autoria": "Prefeitura Municipal de Concei\u00e7\u00e3o de Macabu", "texto_original": "http://sapl.conceicaodemacabu.rj.leg.br/media/sapl/public/materialegislativa/2020/1055/plo_004-2020_-_pmcm_14012020.pdf", "ementa": "AUTORIZA O PODER EXECUTIVO A: ALTERAR A LEI MUNICIPAL N\u00ba 1490 QUE DISP\u00d5E SOBRE O PLANO PLURIANUAL PARA O PER\u00cdODO DE 2018 A 2021, ALTERAR A LEI MUNICIPAL N\u00ba 1593 QUE DISP\u00d5E SOBRE AS DIRETRIZES PARA A ELABORA\u00c7\u00c3O DA LEI OR\u00c7AMENT\u00c1RIA DE 2020 E ABRIR CR\u00c9DITO ESPECIAL NO OR\u00c7AMENTO DO EXERC\u00cdCIO FINANCEIRO DE 2020."}, {"id": "1056", "ano": "2020", "numero": "5", "tipo__sigla": "PLO", "tipo__descricao": "Projeto de Lei Ordin\u00e1ria", "autoria": "Prefeitura Municipal de Concei\u00e7\u00e3o de Macabu", "texto_original": "http://sapl.conceicaodemacabu.rj.leg.br/media/sapl/public/materialegislativa/2020/1056/plo_005-2020_-_pmcm_28012020.pdf", "ementa": "ALTERA ARTIGOS, INCISOS E ANEXOS DA LEI N\u00ba 1.554 DE 05/12/2018, QUE TRATA DO PLANO DE CARGOS, CARREIRAS E SAL\u00c1RIOS DA ADMINISTRA\u00c7\u00c3O DIRETA E INDIRETA DO MUNIC\u00cdPIO DE CONCEI\u00c7\u00c3O DE MACABU E D\u00c1 OUTRAS PROVID\u00caNCIAS."}, {"id": "1057", "ano": "2020", "numero": "6", "tipo__sigla": "PLO", "tipo__descricao": "Projeto de Lei Ordin\u00e1ria", "autoria": "Prefeitura Municipal de Concei\u00e7\u00e3o de Macabu", "texto_original": "http://sapl.conceicaodemacabu.rj.leg.br/media/sapl/public/materialegislativa/2020/1057/plo_006-2020_pmcm_17022020.pdf", "ementa": "DISP\u00d5E SOBRE A ABERTURA DE VAGA DE PROVIMENTO EFETIVO, A SER PREENCHIDA POR CONCURSO P\u00daBLICO \u00c0 LEI N\u00ba 1.554 DE 05/12/2018, QUE TRATA DO PLANO DE CARGOS, CARREIRAS E SAL\u00c1RIOS DA ADMINISTRA\u00c7\u00c3O DIRETA E INDIRETA DO MUNIC\u00cdPIO DE CONCEI\u00c7\u00c3O DE MACABU E D\u00c1 OUTRAS PROVID\u00caNCIAS."}, {"id": "1058", "ano": "2020", "numero": "7", "tipo__sigla": "PLO", "tipo__descricao": "Projeto de Lei Ordin\u00e1ria", "autoria": "Prefeitura Municipal de Concei\u00e7\u00e3o de Macabu", "texto_original": "http://sapl.conceicaodemacabu.rj.leg.br/media/sapl/public/materialegislativa/2020/1058/plo_007-2020_pmcm_17022020.pdf", "ementa": "D\u00c1 NOVA REDA\u00c7\u00c3O A LEI MUNICIPAL N\u00ba 256/95 QUE CRIA O CONSELHO MUNICIPAL DE ASSIST\u00caNCIA SOCIAL - CMAS E DISP\u00d5E SOBRE SUA ESTRUTURA\u00c7\u00c3O, ORGANIZA\u00c7\u00c3O E D\u00c1 OUTRAS PROVID\u00caNCIAS."}, {"id": "1061", "ano": "2020", "numero": "9", "tipo__sigla": "PLO", "tipo__descricao": "Projeto de Lei Ordin\u00e1ria", "autoria": "Toninho da Sa\u00fade", "texto_original": "http://sapl.conceicaodemacabu.rj.leg.br/media/", "ementa": "ALTERA DISPOSITIVOS DA LEI N\u00ba 1.584/2019, QUE DISP\u00d5E SOBRE A CONCESS\u00c3O DE AUX\u00cdLIO ALIMENTA\u00c7\u00c3O AOS SERVIDORES DA C\u00c2MARA MUNICIPAL DE CONCEI\u00c7\u00c3O DE MACABU/RJ."}, {"id": "1062", "ano": "2020", "numero": "10", "tipo__sigla": "PLO", "tipo__descricao": "Projeto de Lei Ordin\u00e1ria", "autoria": "Toninho Barcelos Messias Andr\u00e9 Nath\u00e1lia", "texto_original": "http://sapl.conceicaodemacabu.rj.leg.br/media/sapl/public/materialegislativa/2020/1062/plo_010-2020_-_subsidios_prefeito_e_secretario_03082020.pdf", "ementa": "Fixa os subs\u00eddios do prefeito, vice-prefeito e dos secret\u00e1rios municipais do Munic\u00edpio de Concei\u00e7\u00e3o Macabu para legislatura 2021-2024"}, {"id": "1069", "ano": "2020", "numero": "11", "tipo__sigla": "PLO", "tipo__descricao": "Projeto de Lei Ordin\u00e1ria", "autoria": "Prefeitura Municipal de Concei\u00e7\u00e3o de Macabu", "texto_original": "http://sapl.conceicaodemacabu.rj.leg.br/media/sapl/public/materialegislativa/2020/1069/plo_008-2020_-_pmcm_02032020.pdf", "ementa": "DISP\u00d5E SOBRE A ABERTURA DE VAGA DE PROVIMENTO EFETIVO, A SER PREENCHIDA POR CONCURSO P\u00daBLICO A LEI N\u00ba 1554 DE 05/12/2018, QUE TRATA DO PLANO DE CARGOS, CARREIRAS E SAL\u00c1RIOS DA ADMINISTRA\u00c7\u00c3O DIRETA E INDIRETA DO MUNIC\u00cdPIO DE CONCEI\u00c7\u00c3O DE MACABU E D\u00c1 OUTRAS PROVID\u00caNCIAS."}, {"id": "1071", "ano": "2020", "numero": "12", "tipo__sigla": "PLO", "tipo__descricao": "Projeto de Lei Ordin\u00e1ria", "autoria": "Paulo Henrique - PH", "texto_original": "http://sapl.conceicaodemacabu.rj.leg.br/media/sapl/public/materialegislativa/2020/1071/plo_012-2020_-_paulo_henrique_17042020.pdf", "ementa": "Disp\u00f5e sobre a inclus\u00e3o da festa popular em comemora\u00e7\u00e3o ao padroeiro da Assist\u00eancia Social Santo Ant\u00f4nio - Asilo, no Calend\u00e1rio Oficial de Eventos do Munic\u00edpio de Concei\u00e7\u00e3o de Macabu"}, {"id": "1106", "ano": "2020", "numero": "13", "tipo__sigla": "PLO", "tipo__descricao": "Projeto de Lei Ordin\u00e1ria", "autoria": "Guta", "texto_original": "http://sapl.conceicaodemacabu.rj.leg.br/media/", "ementa": "DISP\u00d5E SOBRE A DENOMINA\u00c7\u00c3O DE ESPA\u00c7OS P\u00daBLICOS. DENOMINA COMO JOS\u00c9 DA SILVA MAGALH\u00c3ES A FARM\u00c1CIA POPULAR SEDIADA NO TERMINAL RODOVI\u00c1RIO FRANCISCO BARBOSA DE ANDRADE, LOCALIZADO NA AVENIDA VICTOR SENCE."}, {"id": "1118", "ano": "2020", "numero": "14", "tipo__sigla": "PLO", "tipo__descricao": "Projeto de Lei Ordin\u00e1ria", "autoria": "Prefeitura Municipal de Concei\u00e7\u00e3o de Macabu", "texto_original": "http://sapl.conceicaodemacabu.rj.leg.br/media/sapl/public/materialegislativa/2020/1118/plo_009-2020_-_pmcm_16042020.pdf", "ementa": "ALTERA A LEI N\u00ba 756 DE 21 DE DEZEMBRO DE 2006, E REVOGA A LEI N\u00ba 1.520 DE 18 DE ABRIL DE 2018 E A LEI 1.537 DE 31 DE AGOSTO DE 2018, QUE ESTABELECEM AL\u00cdQUOTAS DE CONTRIBUI\u00c7\u00c3O PREVIDENCI\u00c1RIA E DO PLANO DE AMORTIZA\u00c7\u00c3O PARA EQUACIONAMENTO DE DEFICIT ATUARIAL, E ESTIPULA O VALOR DA TAXA DE ADMINISTRA\u00c7\u00c3O PARA O EXERC\u00cdCIO DE 2020 DO INSTITUTO DE PREVID\u00caNCIA E ASSIST\u00caNCIA DOS SERVIDORES MUNICIPAIS DE CONCEI\u00c7\u00c3O DE MACABU - IPASCON."}, {"id": "1127", "ano": "2020", "numero": "15", "tipo__sigla": "PLO", "tipo__descricao": "Projeto de Lei Ordin\u00e1ria", "autoria": "Barcelos Resina", "texto_original": "http://sapl.conceicaodemacabu.rj.leg.br/media/sapl/public/materialegislativa/2020/1127/plo_015-2020_-_barcelos_resina_17042020.pdf", "ementa": "Disp\u00f5e sobre a obrigatoriedade de distribui\u00e7\u00e3o de equipamentos de prote\u00e7\u00e3o individual - EPI aos funcion\u00e1rios das empresas de limpeza urbana, coleta de lixo, executoras de obras e servi\u00e7os durante o per\u00edodo de epidemia ou pandemia, na forma que menciona"}, {"id": "1128", "ano": "2020", "numero": "17", "tipo__sigla": "PLO", "tipo__descricao": "Projeto de Lei Ordin\u00e1ria", "autoria": "Barcelos Resina", "texto_original": "http://sapl.conceicaodemacabu.rj.leg.br/media/sapl/public/materialegislativa/2020/1128/plo_017-2020_-_barcelos_resina_17042020.pdf", "ementa": "Disp\u00f5e em car\u00e1ter excepcional sobre a suspens\u00e3o do cumprimento de obriga\u00e7\u00f5es financeiras referente a empr\u00e9stimos consignados contra\u00eddos por servidores p\u00fablicos municipais, no \u00e2mbito do munic\u00edpio de Concei\u00e7\u00e3o de Macabu e d\u00e1 outras provid\u00eancias"}, {"id": "1141", "ano": "2020", "numero": "18", "tipo__sigla": "PLO", "tipo__descricao": "Projeto de Lei Ordin\u00e1ria", "autoria": "Prefeitura Municipal de Concei\u00e7\u00e3o de Macabu", "texto_original": "http://sapl.conceicaodemacabu.rj.leg.br/media/sapl/public/materialegislativa/2020/1141/plo_010-2020_-_executivo_19052020.pdf", "ementa": "AUTORIZA A CONCESS\u00c3O DE USO DE UM IM\u00d3VEL AO CLUBE DA TERCEIRA IDADE - MENSAGEIROS DO AMOR DE CONCEI\u00c7\u00c3O DE MACABU."}, {"id": "1154", "ano": "2020", "numero": "19", "tipo__sigla": "PLO", "tipo__descricao": "Projeto de Lei Ordin\u00e1ria", "autoria": "Nath\u00e1lia Braga", "texto_original": "http://sapl.conceicaodemacabu.rj.leg.br/media/", "ementa": "Disp\u00f5e sobre a divulga\u00e7\u00e3o dos direitos da pessoa portadora  de C\u00e2ncer e d\u00e1 outras provid\u00eancias"}, {"id": "1155", "ano": "2020", "numero": "20", "tipo__sigla": "PLO", "tipo__descricao": "Projeto de Lei Ordin\u00e1ria", "autoria": "Barcelos Resina", "texto_original": "http://sapl.conceicaodemacabu.rj.leg.br/media/sapl/public/materialegislativa/2020/1155/plo_20-2020_-_barcelos_resina_07082020.pdf", "ementa": "Institui  a Semana Municipal de Conscientiza\u00e7\u00e3o  e Combate \u00e0 Viol\u00eancia Contra a Pessoa Idosa no Munic\u00edpio de Concei\u00e7\u00e3o de Macabu e d\u00e1 provid\u00eancias"}, {"id": "1158", "ano": "2020", "numero": "21", "tipo__sigla": "PLO", "tipo__descricao": "Projeto de Lei Ordin\u00e1ria", "autoria": "Nath\u00e1lia Braga", "texto_original": "http://sapl.conceicaodemacabu.rj.leg.br/media/", "ementa": "Denomina como Jos\u00e9 Nunes Ramos toda a extens\u00e3o da via p\u00fablica denominada como Estrada do Procura Um, tendo seu in\u00edcio localizado na coordenada  geogr\u00e1fica -22.105519, -41.866020 e final  -22.111198, 41.913694, com base no sistema Google Maps"}, {"id": "1159", "ano": "2020", "numero": "22", "tipo__sigla": "PLO", "tipo__descricao": "Projeto de Lei Ordin\u00e1ria", "autoria": "Nath\u00e1lia Braga", "texto_original": "http://sapl.conceicaodemacabu.rj.leg.br/media/", "ementa": "Denomina como Ideir Nunes Fernandes toda extens\u00e3o da via p\u00fablica denominada com Estrada do Procura Dois, tendo seu in\u00edcio localizado na coordenada geogr\u00e1fica -22.109143, -41.866370 e final -22.109794, -41.41.877163, com base no sistema Google Maps"}, {"id": "1161", "ano": "2020", "numero": "23", "tipo__sigla": "PLO", "tipo__descricao": "Projeto de Lei Ordin\u00e1ria", "autoria": "Prefeitura Municipal de Concei\u00e7\u00e3o de Macabu", "texto_original": "http://sapl.conceicaodemacabu.rj.leg.br/media/sapl/public/materialegislativa/2020/1161/plo_011-2020_-_executivo_-_ldo_2021_15062020.pdf", "ementa": "DISP\u00d5E SOBRE AS DIRETRIZES PARA A ELABORA\u00c7\u00c3O E EXECU\u00c7\u00c3O DA LEI OR\u00c7AMENT\u00c1RIA DO MUNIC\u00cdPIO DE CONCEI\u00c7\u00c3O DE MACABU/RJ, PARA O EXERC\u00cdCIO DE 2021 E D\u00c1 OUTRAS PROVID\u00caNCIAS."}, {"id": "1163", "ano": "2020", "numero": "24", "tipo__sigla": "PLO", "tipo__descricao": "Projeto de Lei Ordin\u00e1ria", "autoria": "Prefeitura Municipal de Concei\u00e7\u00e3o de Macabu", "texto_original": "http://sapl.conceicaodemacabu.rj.leg.br/media/sapl/public/materialegislativa/2020/1163/oficio_119_-2020_refer_ao_plo_024-2020_29062020.pdf", "ementa": "Disp\u00f5e sobre a altera\u00e7\u00e3o do artigo primeiro  e par\u00e1grafo segundo do artigo segundo, da Lei Municipal n.\u00ba 1.592/2019, que institui o Programa \"Leite Cidad\u00e3o: Viva com Sa\u00fade\" no Munic\u00edpio de Concei\u00e7\u00e3o de Macabu e d\u00e1 outras provid\u00eancias."}, {"id": "1164", "ano": "2020", "numero": "25", "tipo__sigla": "PLO", "tipo__descricao": "Projeto de Lei Ordin\u00e1ria", "autoria": "Paulo Henrique - PH", "texto_original": "http://sapl.conceicaodemacabu.rj.leg.br/media/", "ementa": "DISP\u00d5E SOBRE ALTERA\u00c7\u00c3O DE DENOMINA\u00c7\u00c3O DE VIA P\u00daBLICA. ALTERA A DENOMINA\u00c7\u00c3O DA VIA P\u00daBLICA REGISTRADA COMO RUA SANTO ANT\u00d4NIO, LOCALIZADA NO BAIRRO VILA S\u00c3O JOS\u00c9, PARA RUA JOS\u00c9 ORLANDO AMORIM."}, {"id": "1176", "ano": "2020", "numero": "26", "tipo__sigla": "PLO", "tipo__descricao": "Projeto de Lei Ordin\u00e1ria", "autoria": "Prefeitura Municipal de Concei\u00e7\u00e3o de Macabu", "texto_original": "http://sapl.conceicaodemacabu.rj.leg.br/media/sapl/public/materialegislativa/2020/1176/plo_013-2020_-_executivo_24082020.pdf", "ementa": "SUSPENDE AT\u00c9 31/12/2020 O PAGAMENTO AO IPASCON DO VALOR MENSAL DA AMORTIZA\u00c7\u00c3O DO D\u00c9FICIT ATUARIAL, NA FORMA DA LEI COMPLEMENTAR FEDERAL N\u00ba 173, DE 27/05/2020, E PORTARIA ME/SPREV N\u00ba 14.816 DE 16/06/2020."}, {"id": "1179", "ano": "2020", "numero": "27", "tipo__sigla": "PLO", "tipo__descricao": "Projeto de Lei Ordin\u00e1ria", "autoria": "Prefeitura Municipal de Concei\u00e7\u00e3o de Macabu", "texto_original": "http://sapl.conceicaodemacabu.rj.leg.br/media/sapl/public/materialegislativa/2020/1179/plo_014-2020_-_executivo_-_loa_03092020.pdf", "ementa": "ESTIMA A RECEITA E FIXA A DESPESA DO MUNIC\u00cdPIO DE CONCEI\u00c7\u00c3O DE MACABU PARA O EXERC\u00cdCIO DE 2021."}, {"id": "1181", "ano": "2020", "numero": "28", "tipo__sigla": "PLO", "tipo__descricao": "Projeto de Lei Ordin\u00e1ria", "autoria": "Paulo Henrique - PH", "texto_original": "http://sapl.conceicaodemacabu.rj.leg.br/media/sapl/public/materialegislativa/2020/1181/plo_no_028-202003052021.pdf", "ementa": "Denomina como Ciclovia  Sebasti\u00e3o Madureira, a ciclovia instalada na RJ-182, que liga o bairro Usina  ao bairro Piteira, em Concei\u00e7\u00e3o de Macabu/RJ"}, {"id": "1184", "ano": "2020", "numero": "29", "tipo__sigla": "PLO", "tipo__descricao": "Projeto de Lei Ordin\u00e1ria", "autoria": "Guta", "texto_original": "http://sapl.conceicaodemacabu.rj.leg.br/media/", "ementa": "Denomina Manoel Souza Fran\u00e7a, a via p\u00fablica localizada \u00e0s margens do radar eletr\u00f4nico localizado no bairro Usina, tendo seu in\u00edcio na coordenada geogr\u00e1fica -22.075802, -41.881780 e final -22.075427, -41.881946, com base no sistema Google Maps"}, {"id": "1185", "ano": "2020", "numero": "30", "tipo__sigla": "PLO", "tipo__descricao": "Projeto de Lei Ordin\u00e1ria", "autoria": "Guta", "texto_original": "http://sapl.conceicaodemacabu.rj.leg.br/media/", "ementa": "Denomina Elias Coelho dos Santos, o Pronto Atendimento Pedi\u00e1trico sediado no pr\u00e9dio do Hospital Municipal Ana Moreira, tendo por refer\u00eancia de acesso a Rua Rozendo Fontes Tavares"}, {"id": "1188", "ano": "2020", "numero": "31", "tipo__sigla": "PLO", "tipo__descricao": "Projeto de Lei Ordin\u00e1ria", "autoria": "Barcelos Resina", "texto_original": "http://sapl.conceicaodemacabu.rj.leg.br/media/", "ementa": "Denomina o pr\u00e9dio localizado na Rua Jo\u00e3o Enne, n.\u00ba 96, Bocaina, Concei\u00e7\u00e3o de Macabu/RJ, onde funciona o ETA (Esta\u00e7\u00e3o de Tratamento de \u00c1gua), como Lu\u00eds Carlos de Farias (Suquinha)"}, {"id": "1189", "ano": "2020", "numero": "32", "tipo__sigla": "PLO", "tipo__descricao": "Projeto de Lei Ordin\u00e1ria", "autoria": "Prefeitura Municipal de Concei\u00e7\u00e3o de Macabu", "texto_original": "http://sapl.conceicaodemacabu.rj.leg.br/media/sapl/public/materialegislativa/2020/1189/plo_015-20_pmcm__032-2020_cmcm_15102020.pdf", "ementa": "Disp\u00f5e sobre autoriza\u00e7\u00e3o de altera\u00e7\u00e3o or\u00e7ament\u00e1ria municipal , no \u00e2mbito do Instituto de Previd\u00eancia e Assist\u00eancia dos Servidores Municipais de Concei\u00e7\u00e3o de Macabu, alterando o anexo da Lei Municipal n.\u00ba 1.623/2019 e d\u00e1 outras provid\u00eancias"}, {"id": "1190", "ano": "2020", "numero": "33", "tipo__sigla": "PLO", "tipo__descricao": "Projeto de Lei Ordin\u00e1ria", "autoria": "Prefeitura Municipal de Concei\u00e7\u00e3o de Macabu", "texto_original": "http://sapl.conceicaodemacabu.rj.leg.br/media/sapl/public/materialegislativa/2020/1190/plo_016-20_pmcm__033-2020_cmcm_29102020.pdf", "ementa": "Disp\u00f5e sobre autoriza\u00e7\u00e3o para abertura de cr\u00e9dito suplementar na import\u00e2ncia de R$1.865.000,00 (um milh\u00e3o oitocentos e sessenta e cinco mil) reais para refor\u00e7ar dota\u00e7\u00f5es or\u00e7ament\u00e1rias."}, {"id": "1191", "ano": "2020", "numero": "34", "tipo__sigla": "PLO", "tipo__descricao": "Projeto de Lei Ordin\u00e1ria", "autoria": "Prefeitura Municipal de Concei\u00e7\u00e3o de Macabu", "texto_original": "http://sapl.conceicaodemacabu.rj.leg.br/media/", "ementa": "Disp\u00f5e sobre abertura de cr\u00e9dito especial por contrato de repasse para implanta\u00e7\u00e3o de pavimenta\u00e7\u00e3o em vias p\u00fablicas urbanas"}, {"id": "1192", "ano": "2020", "numero": "35", "tipo__sigla": "PLO", "tipo__descricao": "Projeto de Lei Ordin\u00e1ria", "autoria": "Barcelos Resina", "texto_original": "http://sapl.conceicaodemacabu.rj.leg.br/media/", "ementa": "Denomina como Rua Lu\u00eds Carlos de Farias (Suquinha) a rua paralela a Francisco Portela e Rua Manoel Garcia, no bairro Bocaina, Concei\u00e7\u00e3o de Macabu-RJ"}, {"id": "1193", "ano": "2020", "numero": "36", "tipo__sigla": "PLO", "tipo__descricao": "Projeto de Lei Ordin\u00e1ria", "autoria": "Prefeitura Municipal de Concei\u00e7\u00e3o de Macabu", "texto_original": "http://sapl.conceicaodemacabu.rj.leg.br/media/sapl/public/materialegislativa/2020/1193/plo_018-2020_-_executivo_30112020.pdf", "ementa": "ALTERA ANEXO DA LEI N\u00ba 1.554 DE 05/12/2018, QUE TRATA DO PLANO DE CARGOS, CARREIRAS E SAL\u00c1RIOS DA ADMINISTRA\u00c7\u00c3O DIRETA E INDIRETA DO MUNIC\u00cdPIO DE CONCEI\u00c7\u00c3O DE MACABU E D\u00c1 OUTRAS PROVID\u00caNCIAS."}, {"id": "1196", "ano": "2020", "numero": "37", "tipo__sigla": "PLO", "tipo__descricao": "Projeto de Lei Ordin\u00e1ria", "autoria": "Prefeitura Municipal de Concei\u00e7\u00e3o de Macabu", "texto_original": "http://sapl.conceicaodemacabu.rj.leg.br/media/", "ementa": "AUTORIZA O PODER EXECUTIVO: A ALTERAR A LEI MUNICIPAL N\u00ba 1492 QUE DISP\u00d5E SOBRE O PLANO PLURIANUAL PARA O PER\u00cdODO DE 2018 A 2021, ALTERAR A LEI MUNICIPAL N\u00ba 1593 QUE DISP\u00d5E SOBRE AS DIRETRIZES PARA A ELABORA\u00c7\u00c3O DA LEI OR\u00c7AMENT\u00c1RIA DE 2020 E ABRIR CR\u00c9DITO ESPECIAL NO OR\u00c7AMENTO FINANCEIRO DE 2020."}, {"id": "1198", "ano": "2020", "numero": "39", "tipo__sigla": "PLO", "tipo__descricao": "Projeto de Lei Ordin\u00e1ria", "autoria": "Prefeitura Municipal de Concei\u00e7\u00e3o de Macabu", "texto_original": "http://sapl.conceicaodemacabu.rj.leg.br/media/sapl/public/materialegislativa/2020/1198/plo_021-2020_-_executivo_-_abono_fundeb_11122020.pdf", "ementa": "AUTORIZA O PODER EXECUTIVO MUNICIPAL A PAGAR ABONO PARA O ALCANCE M\u00cdNIMO DE 60,0% (SESSENTA POR CENTO) DOS PROFISSIONAIS DO MAGIST\u00c9RIO DO ENSINO P\u00daBLICO MUNICIPAL NO EXERC\u00cdCIO DE 2020."}, {"id": "1200", "ano": "2020", "numero": "40", "tipo__sigla": "PLO", "tipo__descricao": "Projeto de Lei Ordin\u00e1ria", "autoria": "Prefeitura Municipal de Concei\u00e7\u00e3o de Macabu", "texto_original": "http://sapl.conceicaodemacabu.rj.leg.br/media/sapl/public/materialegislativa/2020/1200/plo_22.2020.pdf", "ementa": "DISP\u00d5E SOBRE ABERTURA DE CR\u00c9DITO SUPLEMENTAR NA IMPORT\u00c2CIA DE R$ 759.740,69 (SETECENTOS E CINQUENTA E NOVE MIL, SETECENTOS E QUARENTA REAIS E SESSENTA E NOVE CENTAVOS), PARA REFOR\u00c7AR DOTA\u00c7\u00d5ES OR\u00c7AMENT\u00c1RIAS NA PREFEITURA MUNICIPAL DE CONCEI\u00c7\u00c3O DE MACABU, CONSTANTES DO ANEXO I."}, {"id": "1072", "ano": "2020", "numero": "1", "tipo__sigla": "PRL", "tipo__descricao": "Projeto de Resolu\u00e7\u00e3o Legislativa", "autoria": "Barcelos Resina", "texto_original": "http://sapl.conceicaodemacabu.rj.leg.br/media/", "ementa": "CONCEDE T\u00cdTULO DE CIDADANIA MACABUENSE \u00c0 SENHORA VANUSA DA SILVA ROCHA, PELA DEDICA\u00c7\u00c3O E SERVI\u00c7OS PRESTADOS AO MUNIC\u00cdPIO DE CONCEI\u00c7\u00c3O DE MACABU/RJ."}, {"id": "1063", "ano": "2020", "numero": "2", "tipo__sigla": "PRL", "tipo__descricao": "Projeto de Resolu\u00e7\u00e3o Legislativa", "autoria": "Toninho da Sa\u00fade", "texto_original": "http://sapl.conceicaodemacabu.rj.leg.br/media/sapl/public/materialegislativa/2020/1063/pre_002-2020_-_mesa_diretora_03082020.pdf", "ementa": "FIXA OS SUBS\u00cdDIOS DOS VEREADORES DA C\u00c2MARA MUNICIPAL DE CONCEI\u00c7\u00c3O DE MACABU PARA A LEGISLATURA 2021-2024."}, {"id": "1073", "ano": "2020", "numero": "3", "tipo__sigla": "PRL", "tipo__descricao": "Projeto de Resolu\u00e7\u00e3o Legislativa", "autoria": "Barcelos Resina", "texto_original": "http://sapl.conceicaodemacabu.rj.leg.br/media/", "ementa": "CONCEDE T\u00cdTULO DE CIDAD\u00c3O MACABUENSE AO SENHOR CRISTIANO LOPES BANJAR, PASTOR DA IGREJA METODISTA MACABU, PELOS RELEVANTES SERVI\u00c7OS COMUNIT\u00c1RIOS E DE EVANGELIZA\u00c7\u00c3O PRESTADOS \u00c0 POPULA\u00c7\u00c3O MACABUENSE."}, {"id": "1075", "ano": "2020", "numero": "4", "tipo__sigla": "PRL", "tipo__descricao": "Projeto de Resolu\u00e7\u00e3o Legislativa", "autoria": "Barcelos Resina", "texto_original": "http://sapl.conceicaodemacabu.rj.leg.br/media/", "ementa": "CONCEDE T\u00cdTULO DE HONRA AO M\u00c9RITO AO SENHORA LEONARDO SEIXAS BARBOSA, PROFISSIONAL DE EDUCA\u00c7\u00c3O F\u00cdSICA, PELOS RELEVANTES SERVI\u00c7OS PRESTADOS AO MUNIC\u00cdPIO COMO PROPRIET\u00c1RIO E FUNDADOS DA \"ESCOLINHA DE FUTEBOL BOLA CHEIA\"."}, {"id": "1076", "ano": "2020", "numero": "5", "tipo__sigla": "PRL", "tipo__descricao": "Projeto de Resolu\u00e7\u00e3o Legislativa", "autoria": "Barcelos Resina", "texto_original": "http://sapl.conceicaodemacabu.rj.leg.br/media/", "ementa": "CONCEDE T\u00cdTULO DE CIDAD\u00c3O MACABUENSE \u00c0 SENHORA DANIELE DE SOUZA ALVES DA SILVA, PELOS RELEVANTES SERVI\u00c7OS PRESTADOS AO MUNIC\u00cdPIO DE CONCEI\u00c7\u00c3O, DESDE NO ANO DE 2008."}, {"id": "1077", "ano": "2020", "numero": "6", "tipo__sigla": "PRL", "tipo__descricao": "Projeto de Resolu\u00e7\u00e3o Legislativa", "autoria": "Barcelos Resina", "texto_original": "http://sapl.conceicaodemacabu.rj.leg.br/media/", "ementa": "CONCEDE T\u00cdTULO DE CIDAD\u00c3O MACABUENSE AO SENHOR SEBASTI\u00c3O GON\u00c7ALVES, PELO AMOR, DEDICA\u00c7\u00c3O E SERVI\u00c7OS PRESTADOS AO MUNIC\u00cdPIO DE CONCEI\u00c7\u00c3O DE MACABU."}, {"id": "1084", "ano": "2020", "numero": "7", "tipo__sigla": "PRL", "tipo__descricao": "Projeto de Resolu\u00e7\u00e3o Legislativa", "autoria": "Nath\u00e1lia Braga", "texto_original": "http://sapl.conceicaodemacabu.rj.leg.br/media/", "ementa": "CONCEDE T\u00cdTULO DE HONRA AO M\u00c9RITO \u00c0 SENHORA ANNA PAULA GEADA SOARES DA CUNHA, INSPETORA DA POL\u00cdCIA CIVIL, LOTADA NA 122\u00aa DELEGACIA DE POL\u00cdCIA, PELOS RELEVANTES SERVI\u00c7OS PRESTADOS AO MUNIC\u00cdPIO DE CONCEI\u00c7\u00c3O DE MACABU, DESDE O ANO DE 2018."}, {"id": "1078", "ano": "2020", "numero": "8", "tipo__sigla": "PRL", "tipo__descricao": "Projeto de Resolu\u00e7\u00e3o Legislativa", "autoria": "Nath\u00e1lia Braga", "texto_original": "http://sapl.conceicaodemacabu.rj.leg.br/media/", "ementa": "CONCEDE T\u00cdTULO DE HONRA AO M\u00c9RITO AO SENHORA GILBERTO PEREIRA MARTINS, SERVIDOR P\u00daBLICO ESTADUAL DA FUNDA\u00c7\u00c3O LE\u00c3O XII H\u00c1 37 ANOS, PELOS RELEVANTES SERVI\u00c7OS PRESTADOS AO MUNIC\u00cdPIO DE CONCEI\u00c7\u00c3O DE MACABU."}, {"id": "1079", "ano": "2020", "numero": "9", "tipo__sigla": "PRL", "tipo__descricao": "Projeto de Resolu\u00e7\u00e3o Legislativa", "autoria": "Nath\u00e1lia Braga", "texto_original": "http://sapl.conceicaodemacabu.rj.leg.br/media/", "ementa": "CONCEDE MO\u00c7\u00c3O DE APLAUSOS AO SENHORA PAULO CEZAR AZEVEDO DE ANDRADE, NATURAL DE CONCEI\u00c7\u00c3O DE MACABU, MOTORISTA EM ATUA\u00c7\u00c3O NO CART\u00d3RIO DA CIDADE, PELOS RELEVANTES SERVI\u00c7OS PRESTADOS AO MUNIC\u00cdPIO DE CONCEI\u00c7\u00c3O DE MACABU."}, {"id": "1080", "ano": "2020", "numero": "10", "tipo__sigla": "PRL", "tipo__descricao": "Projeto de Resolu\u00e7\u00e3o Legislativa", "autoria": "Nath\u00e1lia Braga", "texto_original": "http://sapl.conceicaodemacabu.rj.leg.br/media/", "ementa": "CONCEDE T\u00cdTULO DE CIDAD\u00c3 MACABUENSE \u00c0 SENHORA FABIANA FERREIRA, NATURAL DO MUNIC\u00cdPIO DE GUARAPARI/ES, PELOS RELEVANTES SERVI\u00c7OS PRESTADOS AO MUNIC\u00cdPIO DE CONCEI\u00c7\u00c3O DE MACABU, COMO EMPREENDEDORA."}, {"id": "1081", "ano": "2020", "numero": "11", "tipo__sigla": "PRL", "tipo__descricao": "Projeto de Resolu\u00e7\u00e3o Legislativa", "autoria": "Toninho da Sa\u00fade", "texto_original": "http://sapl.conceicaodemacabu.rj.leg.br/media/", "ementa": "CONCEDE T\u00cdTULO DE CIDAD\u00c3 MACABUENSE \u00c0 SENHORA MARIA NOGUEIRA DE SOUZA, NATURAL DO MUNIC\u00cdPIO DE ARARUAMA, PRODUTORA RURAL, PELOS RELEVANTES SERVI\u00c7OS PRESTADOS AO MUNIC\u00cdPIO DE CONCEI\u00c7\u00c3O DE MACABU."}, {"id": "1082", "ano": "2020", "numero": "12", "tipo__sigla": "PRL", "tipo__descricao": "Projeto de Resolu\u00e7\u00e3o Legislativa", "autoria": "Messias", "texto_original": "http://sapl.conceicaodemacabu.rj.leg.br/media/", "ementa": "CONCEDE T\u00cdTULO DE CIDAD\u00c3O MACABUENSE AO SENHORA EDSON FIGUEIRA, NATURAL DO MUNIC\u00cdPIO DO RIO DE JANEIRO, PELOS RELEVANTES SERVI\u00c7OS PRESTADOS AO MUNIC\u00cdPIO DE CONCEI\u00c7\u00c3O DE MACABU."}, {"id": "1083", "ano": "2020", "numero": "13", "tipo__sigla": "PRL", "tipo__descricao": "Projeto de Resolu\u00e7\u00e3o Legislativa", "autoria": "Dr. Fernando", "texto_original": "http://sapl.conceicaodemacabu.rj.leg.br/media/", "ementa": "CONCEDE MO\u00c7\u00c3O DE APLAUSOS \u00c0 SENHORA MARIA ALDA DOS SANTOS, NATURAL DE CONCEI\u00c7\u00c3O DE MACABU, EDUCADORA APOSENTADA, PELOS RELEVANTES SERVI\u00c7OS PRESTADOS AO MUNIC\u00cdPIO DE CONCEI\u00c7\u00c3O DE MACABU NA \u00c1REA DA EDUCA\u00c7\u00c3O."}, {"id": "1085", "ano": "2020", "numero": "14", "tipo__sigla": "PRL", "tipo__descricao": "Projeto de Resolu\u00e7\u00e3o Legislativa", "autoria": "Paulo Henrique - PH", "texto_original": "http://sapl.conceicaodemacabu.rj.leg.br/media/", "ementa": "CONCEDE MO\u00c7\u00c3O DE APLAUSOS AO SENHORA FLAVIANO LEAL DE SOUZA, SERVIDOR P\u00daBLICO DA EMPRESA DE ASSIST\u00caNCIA T\u00c9CNICA E EXTENS\u00c3O RURAL DO ESTADO DO RIO DE JANEIRO (EMATER), PELOS RELEVANTES SERVI\u00c7OS PRESTADOS AO MUNIC\u00cdPIO DE CONCEI\u00c7\u00c3O DE MACABU."}, {"id": "1086", "ano": "2020", "numero": "15", "tipo__sigla": "PRL", "tipo__descricao": "Projeto de Resolu\u00e7\u00e3o Legislativa", "autoria": "Paulo Henrique - PH", "texto_original": "http://sapl.conceicaodemacabu.rj.leg.br/media/", "ementa": "CONCEDE MO\u00c7\u00c3O DE APLAUSOS \u00c0 SENHORA STELLA ALVES BRANCO ROMANOS, DIRETORA DA EMPRESA BRASILEIRA DE ASSIST\u00caNCIA T\u00c9CNICA E EXTENS\u00c3O RURAL DO ESTADO DO RIO DE JANEIRO (EMATER), PELOS RELEVANTES SERVI\u00c7OS PRESTADOS AO MUNIC\u00cdPIO DE CONCEI\u00c7\u00c3O DE MACABU."}, {"id": "1087", "ano": "2020", "numero": "16", "tipo__sigla": "PRL", "tipo__descricao": "Projeto de Resolu\u00e7\u00e3o Legislativa", "autoria": "Paulo Henrique - PH", "texto_original": "http://sapl.conceicaodemacabu.rj.leg.br/media/", "ementa": "CONCEDE MO\u00c7\u00c3O DE APLAUSOS \u00c0 SENHORA CLICIA BRAGA ALVES, ASSISTENTE SOCIAL, PELOS RELEVANTES SERVI\u00c7OS PRESTADOS AO MUNIC\u00cdPIO DE CONCEI\u00c7\u00c3O DE MACABU, NA \u00c1REA DE ASSIST\u00caNCIA SOCIAL, COMO COORDENADORA DO CENTRO DE REFER\u00caNCIA DE ASSIST\u00caNCIA SOCIAL (CRAS), LOCALIZADO NO BAIRRO DA RH\u00d3DIA."}, {"id": "1089", "ano": "2020", "numero": "17", "tipo__sigla": "PRL", "tipo__descricao": "Projeto de Resolu\u00e7\u00e3o Legislativa", "autoria": "Paulo Henrique - PH", "texto_original": "http://sapl.conceicaodemacabu.rj.leg.br/media/", "ementa": "CONCEDE T\u00cdTULO DE HONRA AO M\u00c9RITO AO SENHOR M\u00c1RIO LUIZ MACHADO SILVA, RADIALISTA, PELOS RELEVANTES SERVI\u00c7OS PRESTADOS AO MUNIC\u00cdPIO DE CONCEI\u00c7\u00c3O DE MACABU, NA \u00c1REA DE COMUNICA\u00c7\u00c3O SOCIAL."}, {"id": "1090", "ano": "2020", "numero": "18", "tipo__sigla": "PRL", "tipo__descricao": "Projeto de Resolu\u00e7\u00e3o Legislativa", "autoria": "Nath\u00e1lia Braga", "texto_original": "http://sapl.conceicaodemacabu.rj.leg.br/media/", "ementa": "CONCEDE T\u00cdTULO DE HONRA AO M\u00c9RITO \u00c0 SENHORA AIDA BARBOSA DE MORAES, PROFESSORA, PELOS RELEVANTES SERVI\u00c7OS PRESTADOS AO MUNIC\u00cdPIO DE CONCEI\u00c7\u00c3O DE MACABU."}, {"id": "1091", "ano": "2020", "numero": "19", "tipo__sigla": "PRL", "tipo__descricao": "Projeto de Resolu\u00e7\u00e3o Legislativa", "autoria": "Valmir Lessa", "texto_original": "http://sapl.conceicaodemacabu.rj.leg.br/media/", "ementa": "CONCEDE T\u00cdTULO DE CIDAD\u00c3O MACABUENSE AO SENHORA HAROLDO MANOEL RIBEIRO, NATURAL DO MUNIC\u00cdPIO DE QUISSAM\u00c3, PELOS RELEVANTES SERVI\u00c7OS PRESTADOS AO MUNIC\u00cdPIO DE CONCEI\u00c7\u00c3O DE MACABU, COMO PESCADOR E COMERCIANTE."}, {"id": "1092", "ano": "2020", "numero": "20", "tipo__sigla": "PRL", "tipo__descricao": "Projeto de Resolu\u00e7\u00e3o Legislativa", "autoria": "Valmir Lessa", "texto_original": "http://sapl.conceicaodemacabu.rj.leg.br/media/", "ementa": "CONCEDE T\u00cdTULO DE CIDAD\u00c3 MACABUENSE \u00c0 SENHORA ASSMA GABRIEL, NATURAL DO MUNIC\u00cdPIO DE MUQUI/ES, PELOS RELEVANTES SERVI\u00c7OS PRESTADOS AO MUNIC\u00cdPIO DE CONCEI\u00c7\u00c3O DE MACABU, ATRAV\u00c9S DE TRABALHOS VOLUNT\u00c1RIOS."}, {"id": "1093", "ano": "2020", "numero": "21", "tipo__sigla": "PRL", "tipo__descricao": "Projeto de Resolu\u00e7\u00e3o Legislativa", "autoria": "Valmir Lessa", "texto_original": "http://sapl.conceicaodemacabu.rj.leg.br/media/", "ementa": "CONCEDE T\u00cdTULO DE CIDAD\u00c3O MACABUENSE AO SENHORA ERALSIO AZEVEDO, NATURAL DO MUNIC\u00cdPIO DE TRAJANO DE MORAES/RJ, PELOS RELEVANTES SERVI\u00c7OS PRESTADOS AO MUNIC\u00cdPIO DE CONCEI\u00c7\u00c3O DE MACABU, COMO TRABALHADOR NA EXTINTA USINA VICTOR SENCE."}, {"id": "1094", "ano": "2020", "numero": "22", "tipo__sigla": "PRL", "tipo__descricao": "Projeto de Resolu\u00e7\u00e3o Legislativa", "autoria": "Valmir Lessa", "texto_original": "http://sapl.conceicaodemacabu.rj.leg.br/media/", "ementa": "CONCEDE T\u00cdTULO DE CIDAD\u00c3O MACABUENSE AO SENHOR JORGE MAUR\u00cdCIO, SAPATEIRO, NATURAL DA CIDADE DE CAMPOS DOS GOYTACAZES/RJ, PELOS RELEVANTE SERVI\u00c7OS PRESTADOS AO MUNIC\u00cdPIO DE CONCEI\u00c7\u00c3O DE MACABU, COMO INSTRUTOR NA FUNDA\u00c7\u00c3O PARA A INF\u00c2NCIA E ADOLESC\u00caNCIA (FIA)."}, {"id": "1095", "ano": "2020", "numero": "23", "tipo__sigla": "PRL", "tipo__descricao": "Projeto de Resolu\u00e7\u00e3o Legislativa", "autoria": "Toninho da Sa\u00fade", "texto_original": "http://sapl.conceicaodemacabu.rj.leg.br/media/", "ementa": "CONCEDE A COMENDA CELINA BELLA \u00c0 SENHORA SUELIR BATISTA RAMOS, PELOS RELEVANTES SERVI\u00c7OS PRESTADOS A EDUCA\u00c7\u00c3O E A CULTURA NO MUNIC\u00cdPIO DE CONCEI\u00c7\u00c3O DE MACABU."}, {"id": "1096", "ano": "2020", "numero": "24", "tipo__sigla": "PRL", "tipo__descricao": "Projeto de Resolu\u00e7\u00e3o Legislativa", "autoria": "Dr. Fernando", "texto_original": "http://sapl.conceicaodemacabu.rj.leg.br/media/", "ementa": "CONCEDE MO\u00c7\u00c3O DE APLAUSOS \u00c0 SENHORA R\u00caLVA ESTEVES FERREIRA, PELOS SERVI\u00c7OS PRESTADOS AO MUNIC\u00cdPIO DE CONCEI\u00c7\u00c3O DE MACABU, NA PROMO\u00c7\u00c3O DE EVENTOS RELIGIOSOS E DE CARIDADE,"}, {"id": "1097", "ano": "2020", "numero": "25", "tipo__sigla": "PRL", "tipo__descricao": "Projeto de Resolu\u00e7\u00e3o Legislativa", "autoria": "Toninho da Sa\u00fade", "texto_original": "http://sapl.conceicaodemacabu.rj.leg.br/media/", "ementa": "CONCEDE T\u00cdTULO DE CIDAD\u00c3O MACABUENSE AO SENHOR BRUNO BRITO SANTOS, NATURAL DO MUNIC\u00cdPIO DE FEIRA DE SANTANA/BA, PROPRIET\u00c1RIO DE IM\u00d3VEL LOCALIZADO EM SANTO AGOSTINHO, PELOS RELEVANTES SERVI\u00c7OS PRESTADOS AO MUNIC\u00cdPIO DE CONCEI\u00c7\u00c3O DE MACABU."}, {"id": "1098", "ano": "2020", "numero": "26", "tipo__sigla": "PRL", "tipo__descricao": "Projeto de Resolu\u00e7\u00e3o Legislativa", "autoria": "Toninho da Sa\u00fade", "texto_original": "http://sapl.conceicaodemacabu.rj.leg.br/media/", "ementa": "CONCEDE T\u00cdTULO DE CIDAD\u00c3 MACABUENSE \u00c0 SENHORA NATALHA ORMINDO FERNANDES, CANTORA, NATURAL DO ESTADO DA BAHIA, PELOS RELEVANTES SERVI\u00c7OS PRESTADOS AO MUNIC\u00cdPIO DE CONCEI\u00c7\u00c3O DE MACABU, COMO ARTISTA E EMPREENDEDORA."}, {"id": "1099", "ano": "2020", "numero": "27", "tipo__sigla": "PRL", "tipo__descricao": "Projeto de Resolu\u00e7\u00e3o Legislativa", "autoria": "Sandro Daumas", "texto_original": "http://sapl.conceicaodemacabu.rj.leg.br/media/", "ementa": "CONCEDE T\u00cdTULO DE CIDAD\u00c3O MACABUENSE AO SENHOR MARCELO CANDIDO DE JESUS, NATURAL DA CIDADE DE CAMPOS DOS GOYTACAZES,  PELOS RELEVANTES SERVI\u00c7OS PRESTADOS AO MUNIC\u00cdPIO DE CONCEI\u00c7\u00c3O DE MACABU, COMO EMPRES\u00c1RIO, CONTRIBUINDO NA GERA\u00c7\u00c3O DE EMPREGO E RENDA."}, {"id": "1100", "ano": "2020", "numero": "28", "tipo__sigla": "PRL", "tipo__descricao": "Projeto de Resolu\u00e7\u00e3o Legislativa", "autoria": "Toninho da Sa\u00fade", "texto_original": "http://sapl.conceicaodemacabu.rj.leg.br/media/", "ementa": "CONCEDE T\u00cdTULO DE CIDAD\u00c3 MACABUENSE \u00c0 SENHORA ANDREA DE FARIAS FERREIRA, SERVIDORA P\u00daBLICA DA C\u00c2MARA MUNICIPAL DE CONCEI\u00c7\u00c3O DE MACABU, NATURAL DO MUNIC\u00cdPIO DE IRABORA\u00cd/RJ, PELOS RELAVANTES SERVI\u00c7OS PRESTADOS AO MUNIC\u00cdPIO DE CONCEI\u00c7\u00c3O DE MACABU, COMO AUXILIAR LEGISLATIVO DA CASA DE LEIS."}, {"id": "1101", "ano": "2020", "numero": "29", "tipo__sigla": "PRL", "tipo__descricao": "Projeto de Resolu\u00e7\u00e3o Legislativa", "autoria": "Toninho da Sa\u00fade", "texto_original": "http://sapl.conceicaodemacabu.rj.leg.br/media/", "ementa": "CONCEDE T\u00cdTULO DE CIDAD\u00c3O MACABUENSE AO SENHORA AYRTON MARQUES F\u00c9LIX DA SILVA, SERVIDOR P\u00daBLICO DA C\u00c2MARA MUNICIPAL DE CONCEI\u00c7\u00c3O DE MACABU, NATURAL DO MUNIC\u00cdPIO DE NOVA FRIBURGO/RJ, PELOS RELEVANTES SERVI\u00c7OS PRESTADOS AO MUNIC\u00cdPIO DE CONCEI\u00c7\u00c3O DE MACABU, COMO CONTROLADOR INTERNO DA CASA LEGISLATIVA."}, {"id": "1102", "ano": "2020", "numero": "30", "tipo__sigla": "PRL", "tipo__descricao": "Projeto de Resolu\u00e7\u00e3o Legislativa", "autoria": "Toninho da Sa\u00fade", "texto_original": "http://sapl.conceicaodemacabu.rj.leg.br/media/", "ementa": "CONCEDE MO\u00c7\u00c3O DE APLAUSOS AO SENHOR PEDRO HENRIQUE COELHO FOLLY, PEDAGOGO, PELOS RELEVANTE SERVI\u00c7OS PRESTADOS AO MUNIC\u00cdPIO NAS \u00c1REAS DA SA\u00daDE, ASSIST\u00caNCIA SOCIAL, ADMINISTRA\u00c7\u00c3O E NO PROCESSO LEGISLATIVO \u00c0 FRENTE DE IMPORTANTES SETORES DA C\u00c2MARA MUNICIPAL DE CONCEI\u00c7\u00c3O DE MACABU."}, {"id": "1103", "ano": "2020", "numero": "31", "tipo__sigla": "PRL", "tipo__descricao": "Projeto de Resolu\u00e7\u00e3o Legislativa", "autoria": "Sandro Daumas", "texto_original": "http://sapl.conceicaodemacabu.rj.leg.br/media/", "ementa": "CONCEDE T\u00cdTULO DE CIDAD\u00c3 MACABUENSE \u00c0 SENHORA ANA ANG\u00c9LICA SEIXAS GODINHO, PELOS RELEVANTES SERVI\u00c7OS COMUNIT\u00c1RIOS PRESTADOS AO MUNIC\u00cdPIO DE CONCEI\u00c7\u00c3O DE MACABU, NO INCENTIVO \u00c0 PR\u00c1TICA ESPORTIVA, VISANDO COMBATER O SEDENTARISMO."}, {"id": "1104", "ano": "2020", "numero": "32", "tipo__sigla": "PRL", "tipo__descricao": "Projeto de Resolu\u00e7\u00e3o Legislativa", "autoria": "Sandro Daumas", "texto_original": "http://sapl.conceicaodemacabu.rj.leg.br/media/", "ementa": "CONCEDE T\u00cdTULO DE HONRA AO M\u00c9RITO AO SENHOR JOS\u00c9 SEBASTI\u00c3O DE CASTRO, POPULARMENTE CONHECIDO COMO DR. JOS\u00c9, M\u00c9DICO, EX-PREFEITO DE CONCEI\u00c7\u00c3O DE MACABU PELOS PER\u00cdODOS DE 1983 A 1988, 1993 A 1996, PELOS RELEVANTES SERVI\u00c7OS PRESTADOS AO MUNIC\u00cdPIO, EM ESPECIAL NAS \u00c1REAS DA SA\u00daDE, ASSIST\u00caNCIA SOCIAL, EDUCA\u00c7\u00c3O E INFRAESTRUTURA."}, {"id": "1105", "ano": "2020", "numero": "33", "tipo__sigla": "PRL", "tipo__descricao": "Projeto de Resolu\u00e7\u00e3o Legislativa", "autoria": "Sandro Daumas", "texto_original": "http://sapl.conceicaodemacabu.rj.leg.br/media/", "ementa": "CONCEDE MO\u00c7\u00c3O DE APLAUSOS AO SENHOR CELSON DA COSTA SILVA, POPULARMENTE CONHECIDO COMO CELSO DA LAGE, EMPRES\u00c1RIO, EX-VEREADOR DO MUNIC\u00cdPIO DE CONCEI\u00c7\u00c3O DE MACABU NA LEGISLATURA 2013-2016, PELOS RELEVANTES SERVI\u00c7OS PRESTADOS NA GERA\u00c7\u00c3O DE EMPREGO/RENDA E FORMA\u00c7\u00c3O DE JOVENS EM CURSOS T\u00c9CNICOS OFERTADOS PELO INSTITUTO MACABUENSE DE TECNOLOGIA (IMETEC)."}, {"id": "1107", "ano": "2020", "numero": "34", "tipo__sigla": "PRL", "tipo__descricao": "Projeto de Resolu\u00e7\u00e3o Legislativa", "autoria": "Dr. Fernando", "texto_original": "http://sapl.conceicaodemacabu.rj.leg.br/media/", "ementa": "CONCEDE T\u00cdTULO DE CIDADANIA MACABUENSE AO SENHOR CARLOS AUGUSTO DIAS DA SILVA, NATURAL DA CIDADE DE ITAOCARA/RJ, FORMADO EM GEST\u00c3O AMBIENTAL, PELOS RELEVANTES SERVI\u00c7OS PRESTADOS AO MUNIC\u00cdPIO DE CONCEI\u00c7\u00c3O DE MACABU, DESDE 2012 \u00c0 FRENTE DA GER\u00caNCIA OPERACIONAL DO BANCO ITA\u00da, SEDIADA NESTA MUNICIPALIDADE."}, {"id": "1108", "ano": "2020", "numero": "35", "tipo__sigla": "PRL", "tipo__descricao": "Projeto de Resolu\u00e7\u00e3o Legislativa", "autoria": "Nath\u00e1lia Braga", "texto_original": "http://sapl.conceicaodemacabu.rj.leg.br/media/", "ementa": "CONCEDE T\u00cdTULO DE CIDADANIA MACABUENSE \u00c0 SENHORA MARLENE FIGUEREDO DE SOUZA, NATURAL DA CIDADE DE SANTA MARIA MADALENA/RJ, RESIDENTE EM CONCEI\u00c7\u00c3O DE MACABU DESDE 1970, PELOS RELEVANTES SERVI\u00c7OS PRESTADOS \u00c0 POPULA\u00c7\u00c3O MACABUENSE EM SERVI\u00c7OS COMUNIT\u00c1RIOS E DE EVANGELIZA\u00c7\u00c3O."}, {"id": "1109", "ano": "2020", "numero": "36", "tipo__sigla": "PRL", "tipo__descricao": "Projeto de Resolu\u00e7\u00e3o Legislativa", "autoria": "Toninho da Sa\u00fade", "texto_original": "http://sapl.conceicaodemacabu.rj.leg.br/media/sapl/public/materialegislativa/2020/1109/pre_036-2020_-_mesa_diretora_17042020.pdf", "ementa": "DISP\u00d5E SOBRE PROCEDIMENTOS E REGRAS PARA FINS DE PREVEN\u00c7\u00c3O \u00c0 INFEC\u00c7\u00c3O E \u00c0 PROPAGANDA DA COVID-19 NO \u00c2MBITO DA C\u00c2MARA MUNICIPAL DE CONCEI\u00c7\u00c3O DE MACABU."}, {"id": "1111", "ano": "2020", "numero": "37", "tipo__sigla": "PRL", "tipo__descricao": "Projeto de Resolu\u00e7\u00e3o Legislativa", "autoria": "Toninho da Sa\u00fade", "texto_original": "http://sapl.conceicaodemacabu.rj.leg.br/media/sapl/public/materialegislativa/2020/1111/pre_037-2020_-_mesa_diretora_17042020.pdf", "ementa": "DISCIPLINA A VOTA\u00c7\u00c3O ELETR\u00d4NICA NO PLEN\u00c1RIO DA C\u00c2MARA MUNICIPAL EM CAR\u00c1TER EMERGENCIAL DECORRENTE DA PANDEMIA COVID-19."}, {"id": "1112", "ano": "2020", "numero": "38", "tipo__sigla": "PRL", "tipo__descricao": "Projeto de Resolu\u00e7\u00e3o Legislativa", "autoria": "Toninho da Sa\u00fade", "texto_original": "http://sapl.conceicaodemacabu.rj.leg.br/media/sapl/public/materialegislativa/2020/1112/pre_038-2020_-_mesa_diretora_17042020.pdf", "ementa": "DISCIPLINA A REDU\u00c7\u00c3O DO EXPEDIENTE ADMINISTRATIVO DA C\u00c2MARA MUNICIPAL, E REGULAMENTA O SISTEMA DE TRABALHO REMOTO, EM DECORR\u00caNCIA DA PANDEMIA DO COVID-19."}, {"id": "1130", "ano": "2020", "numero": "39", "tipo__sigla": "PRL", "tipo__descricao": "Projeto de Resolu\u00e7\u00e3o Legislativa", "autoria": "Toninho Barcelos Messias Andr\u00e9 Nath\u00e1lia", "texto_original": "http://sapl.conceicaodemacabu.rj.leg.br/media/", "ementa": "Disp\u00f5e sobre  a suspens\u00e3o do expediente da C\u00e2mara de Macabu- RJ, no dia 24 de abril de 2020"}, {"id": "1139", "ano": "2020", "numero": "40", "tipo__sigla": "PRL", "tipo__descricao": "Projeto de Resolu\u00e7\u00e3o Legislativa", "autoria": "Toninho Barcelos Messias Andr\u00e9 Nath\u00e1lia", "texto_original": "http://sapl.conceicaodemacabu.rj.leg.br/media/", "ementa": "Disp\u00f5e sobre procedimentos  e regras para fins de preven\u00e7\u00e3o \u00e0 infec\u00e7\u00e3o e \u00e0 propaga\u00e7\u00e3o da Covid-19 no \u00e2mbito da C\u00e2mara Municipal de Concei\u00e7\u00e3o de Macabu-RJ"}, {"id": "1143", "ano": "2020", "numero": "41", "tipo__sigla": "PRL", "tipo__descricao": "Projeto de Resolu\u00e7\u00e3o Legislativa", "autoria": "Toninho Barcelos Messias Andr\u00e9 Nath\u00e1lia", "texto_original": "http://sapl.conceicaodemacabu.rj.leg.br/media/", "ementa": "Disp\u00f5e sobre procedimentos e regras para fins de preven\u00e7\u00e3o \u00e0 infec\u00e7\u00e3o e \u00e0 propaga\u00e7\u00e3o do Covid-19, no \u00e2mbito da C\u00e2mara Municipal de Concei\u00e7\u00e3o de Macabu-RJ"}, {"id": "1153", "ano": "2020", "numero": "42", "tipo__sigla": "PRL", "tipo__descricao": "Projeto de Resolu\u00e7\u00e3o Legislativa", "autoria": "Toninho Barcelos Messias Andr\u00e9 Nath\u00e1lia", "texto_original": "http://sapl.conceicaodemacabu.rj.leg.br/media/", "ementa": "Disp\u00f5e sobre a normaliza\u00e7\u00e3o do expediente interno e externo da C\u00e2mara Municipal de Concei\u00e7\u00e3o de Macabu-RJ"}, {"id": "1187", "ano": "2020", "numero": "43", "tipo__sigla": "PRL", "tipo__descricao": "Projeto de Resolu\u00e7\u00e3o Legislativa", "autoria": "Andre Fisioterapeuta", "texto_original": "http://sapl.conceicaodemacabu.rj.leg.br/media/", "ementa": "Concede T\u00edtulo de Cidad\u00e3o Macabuense ao Senhor Severino de Souza pelos relevantes servi\u00e7os prestados ao Munic\u00edpio de Concei\u00e7\u00e3o de Macabu/RJ"}, {"id": "1059", "ano": "2020", "numero": "1", "tipo__sigla": "REQ", "tipo__descricao": "Requerimento de Informa\u00e7\u00e3o", "autoria": "Valmir Lessa", "texto_original": "http://sapl.conceicaodemacabu.rj.leg.br/media/sapl/public/materialegislativa/2020/1059/req_001-2020_-_valmir_lessa_17022020.pdf", "ementa": "REQUERIMENTO DE INFORMA\u00c7\u00c3O DE AUTORIA DO VEREADOR VALMIR LESSA, TENDO COMO OBJETIVO SOLICITAR INFORMA\u00c7\u00d5ES \u00c0 PREFEITURA SOBRE PROCESSO DE DECRETO EXPROPRIAT\u00d3RIO REFERENTE AO IM\u00d3VEL SITUADA NA \u00c1REA CENTRAL DO MUNIC\u00cdPIO, CONHECIDO COMO CLUBE RECREATIVO."}, {"id": "1060", "ano": "2020", "numero": "2", "tipo__sigla": "REQ", "tipo__descricao": "Requerimento de Informa\u00e7\u00e3o", "autoria": "Toninho da Sa\u00fade", "texto_original": "http://sapl.conceicaodemacabu.rj.leg.br/media/sapl/public/materialegislativa/2020/1060/req_002-2020_-_toninho_da_saude_17022020.pdf", "ementa": "REQUERIMENTO DE AUTORIA DO VEREADOR TONINHO DA SA\u00daDE, SOLICITANDO C\u00d3PIA DO ATESTADO M\u00c9DICO APRESENTADO PELO EXCELENT\u00cdSSIMO PREFEITO DE CONCEI\u00c7\u00c3O DE MACABU, SENHOR CL\u00c1UDIO LINHARES, CONSISTENTE NO AFASTAMENTO DO MESMO POR PER\u00cdODO DE 14 DIAS DE SUAS FUN\u00c7\u00d5ES, NO EXERC\u00cdCIO CORRENTE."}, {"id": "1067", "ano": "2020", "numero": "3", "tipo__sigla": "REQ", "tipo__descricao": "Requerimento de Informa\u00e7\u00e3o", "autoria": "Dr. Fernando", "texto_original": "http://sapl.conceicaodemacabu.rj.leg.br/media/sapl/public/materialegislativa/2020/1067/req_003-2020_-_dr._fernando_20022020.pdf", "ementa": "REQUERIMENTO DE INFORMA\u00c7\u00c3O DE AUTORIA DO VEREADOR DR. FERNANDO. REQUER AO INSTITUTO DE PREVID\u00caNCIA E ASSIST\u00caNCIA DOS SERVIDORES DO MUNIC\u00cdPIO DE CONCEI\u00c7\u00c3O DE MACABU (IPASCON) AS SEGUINTES INFORMA\u00c7\u00d5ES: QUANTITATIVO DE APOSENTADORES E PENSIONISTAS; QUANTITATIVO DE FUNCION\u00c1RIOS ATIVOS E INFORMA\u00c7\u00d5ES SOBRE AS D\u00cdVIDAS DA PREFEITURA COM O IPASCON NOS ANOS DE 2010 AT\u00c9 A PRESENTE DATA."}, {"id": "1068", "ano": "2020", "numero": "4", "tipo__sigla": "REQ", "tipo__descricao": "Requerimento de Informa\u00e7\u00e3o", "autoria": "Valmir Lessa", "texto_original": "http://sapl.conceicaodemacabu.rj.leg.br/media/sapl/public/materialegislativa/2020/1068/req_004-2020_-_valmir_lessa_27022020.pdf", "ementa": "REQUERIMENTO DE AUTORIA DO VEREADOR VALMIR LESSA. SOLICITA AO PODER EXECUTIVO INFORMA\u00c7\u00d5ES SOBRE O USO DOS BANHEIROS SANIT\u00c1RIOS LOCALIZADOS NO TERMINAL RODOVI\u00c1RIO DO MUNIC\u00cdPIO."}, {"id": "1070", "ano": "2020", "numero": "5", "tipo__sigla": "REQ", "tipo__descricao": "Requerimento de Informa\u00e7\u00e3o", "autoria": "Sandro Daumas", "texto_original": "http://sapl.conceicaodemacabu.rj.leg.br/media/", "ementa": "REQUERIMENTO DE INFORMA\u00c7\u00c3O DE AUTORIA DO VEREADOR SANDRO DAUMAS. REQUER AO PODER EXECUTIVO C\u00d3PIA EM INTEIRO TEOR DO PROCESSO LICITAT\u00d3RIO 12.169/2019, CUJO OBJETO TRATA SOBRE CONTRATA\u00c7\u00c3O DE EMPRESA PARA REALIZA\u00c7\u00c3O DE CONCURSO P\u00daBLICO, BEM COMO DEMAIS INFORMA\u00c7\u00d5ES SOBRE A ORGANIZA\u00c7\u00c3O DO CONCURSO."}, {"id": "1115", "ano": "2020", "numero": "6", "tipo__sigla": "REQ", "tipo__descricao": "Requerimento de Informa\u00e7\u00e3o", "autoria": "Valmir Lessa", "texto_original": "http://sapl.conceicaodemacabu.rj.leg.br/media/sapl/public/materialegislativa/2020/1115/req_006-2020_-_valmir_lessa_17042020.pdf", "ementa": "REQUER AO PODER EXECUTIVO C\u00d3PIA DO PROCESSO ADMINISTRATIVO N\u00ba 3.092/2020 QUE DEU ORIGEM A CONTRATA\u00c7\u00c3O DA EMPRESA W L CARVALHO JUNIOR, REGISTRADA NO CNPJ N\u00ba 20.531.898/0001-31, TENDO COMO OBJETO A CONTRATA\u00c7\u00c3O DE EMPRESA PARA PRESTA\u00c7\u00c3O DE SERVI\u00c7O DE SONORIZA\u00c7\u00c3O VOLANTE (LOCA\u00c7\u00c3O DE CARRO DE SOM), PARA DIVULGA\u00c7\u00c3O DE MENSAGENS SOBRE A PREVEN\u00c7\u00c3O AO COVID-19."}, {"id": "1117", "ano": "2020", "numero": "7", "tipo__sigla": "REQ", "tipo__descricao": "Requerimento de Informa\u00e7\u00e3o", "autoria": "Barcelos Resina", "texto_original": "http://sapl.conceicaodemacabu.rj.leg.br/media/sapl/public/materialegislativa/2020/1117/req_007-2020_-_barcelos_resina_17042020.pdf", "ementa": "Requer  informa\u00e7\u00f5es da Secretaria Municipal de Educa\u00e7\u00e3o quanto \u00e0 sa\u00fade dos estudantes, cumprimento do ano e carga letivo e quanto ao direito humano \u00e0 alimenta\u00e7\u00e3o adequada"}, {"id": "1120", "ano": "2020", "numero": "8", "tipo__sigla": "REQ", "tipo__descricao": "Requerimento de Informa\u00e7\u00e3o", "autoria": "Dr. Fernando", "texto_original": "http://sapl.conceicaodemacabu.rj.leg.br/media/", "ementa": "REQUERIMENTO DE AUTORIA DO VEREADOR DR. FERNANDO, DESTINADO AO INSTITUTO DE PREVID\u00caNCIA E ASSIST\u00caNCIA DOS SERVIDORES DE CONCEI\u00c7\u00c3O DE MACABU (IPASCON), SOLICITANDO RELAT\u00d3RIO CIRCUNSTANCIADO COM INFORMA\u00c7\u00d5ES EM VALORES FINANCEIROS DAS D\u00cdVIDAS DA PREFEITURA COM O IPASCON NOS EXERC\u00cdCIOS DE 2010, 2011, 2012, 2013, 2014, 2015, 2016, 2017, 2018, 2019 E 2020."}, {"id": "1134", "ano": "2020", "numero": "9", "tipo__sigla": "REQ", "tipo__descricao": "Requerimento de Informa\u00e7\u00e3o", "autoria": "Messias", "texto_original": "http://sapl.conceicaodemacabu.rj.leg.br/media/", "ementa": "Requer o envio de c\u00f3pia integral do processo administrativo que deu origem  a licita\u00e7\u00e3o da reforma e amplia\u00e7\u00e3o da Escola Municipalizada Usina Victor Sence, no bairro da Usina"}, {"id": "1136", "ano": "2020", "numero": "10", "tipo__sigla": "REQ", "tipo__descricao": "Requerimento de Informa\u00e7\u00e3o", "autoria": "Barcelos Resina", "texto_original": "http://sapl.conceicaodemacabu.rj.leg.br/media/", "ementa": "Requer ao Presidente do Instituto de Previd\u00eancia e Assist\u00eancia dos servidores do Munic\u00edpio de Concei\u00e7\u00e3o de Macabu (IPASCON) o envio de extratos de pagamentos da Taxa de Administra\u00e7\u00e3o, nos anos de  2018 e 2019  e at\u00e9 a presente data do ano corrente."}, {"id": "1137", "ano": "2020", "numero": "11", "tipo__sigla": "REQ", "tipo__descricao": "Requerimento de Informa\u00e7\u00e3o", "autoria": "Toninho da Sa\u00fade", "texto_original": "http://sapl.conceicaodemacabu.rj.leg.br/media/", "ementa": "Requer ao Presidente do Instituto de Previd\u00eancia e Assist\u00eancia dos servidores do Munic\u00edpio de Concei\u00e7\u00e3o de Macabu (IPASCON) informa\u00e7\u00f5es quanto \u00e0 Taxa de Administra\u00e7\u00e3o e sua regularidade de recolhimento."}, {"id": "1140", "ano": "2020", "numero": "12", "tipo__sigla": "REQ", "tipo__descricao": "Requerimento de Informa\u00e7\u00e3o", "autoria": "Barcelos Resina", "texto_original": "http://sapl.conceicaodemacabu.rj.leg.br/media/", "ementa": "Requer informa\u00e7\u00f5es quanto a Estrutura Administrativa e organograma funcional da Prefeitura  Municipal de Concei\u00e7\u00e3o de Macabu, quantitativo de cargos em comiss\u00e3o e fun\u00e7\u00e3o gratificada, bem como valores em esp\u00e9cie das simbologias e Portarias das nomea\u00e7\u00f5es vigentes"}, {"id": "1151", "ano": "2020", "numero": "13", "tipo__sigla": "REQ", "tipo__descricao": "Requerimento de Informa\u00e7\u00e3o", "autoria": "Barcelos Resina", "texto_original": "http://sapl.conceicaodemacabu.rj.leg.br/media/", "ementa": "Requer c\u00f3pia do Plano de Assist\u00eancia Social cuja exig\u00eancia encontra-se no artigo 30, III da Lei Federal n.\u00ba 8.742/1993"}, {"id": "1170", "ano": "2020", "numero": "14", "tipo__sigla": "REQ", "tipo__descricao": "Requerimento de Informa\u00e7\u00e3o", "autoria": "Sandro Daumas", "texto_original": "http://sapl.conceicaodemacabu.rj.leg.br/media/", "ementa": "REQUERIMENTO DE INFORMA\u00c7\u00c3O DE AUTORIA DO VEREADOR SANDRO DAUMAS, DESTINADO AO PREFEITO DE CONCEI\u00c7\u00c3O DE MACABU E SECRET\u00c1RIA MUNICIPAL DE PROMO\u00c7\u00c3O E DESENVOLVIMENTO SOCIAL, SOLICITANDO C\u00d3PIA DE PROCESSOS RELACIONADOS A DISTRIBUI\u00c7\u00c3O DE CESTAS B\u00c1SICAS E MATERIAIS DE CONSTRU\u00c7\u00c3O PELOS CENTROS DE REFER\u00caNCIA DA ASSIST\u00caNCIA SOCIAL."}, {"id": "1173", "ano": "2020", "numero": "15", "tipo__sigla": "REQ", "tipo__descricao": "Requerimento de Informa\u00e7\u00e3o", "autoria": "Barcelos Resina", "texto_original": "http://sapl.conceicaodemacabu.rj.leg.br/media/", "ementa": "Requer informa\u00e7\u00f5es sobre o processo de desapropria\u00e7\u00e3o do im\u00f3vel conhecido como antigo Clube Recreativo, bem como do processo que deu origem \u00e0 contrata\u00e7\u00e3o da empresa de demoli\u00e7\u00e3o do im\u00f3vel e ainda, que seja indicado o destino final e a responsabilidade pela guarda dos detritos da demoli\u00e7\u00e3o do Clube"}, {"id": "1174", "ano": "2020", "numero": "16", "tipo__sigla": "REQ", "tipo__descricao": "Requerimento de Informa\u00e7\u00e3o", "autoria": "Dr. Fernando", "texto_original": "http://sapl.conceicaodemacabu.rj.leg.br/media/sapl/public/materialegislativa/2020/1174/requerimento_016-2020_20082020.pdf", "ementa": "Requer, sem suma, informa\u00e7\u00f5es relacionadas ao destino dos res\u00edduos s\u00f3lidos coletados no munic\u00edpio, bem como dos res\u00edduos hospitalares"}, {"id": "1175", "ano": "2020", "numero": "17", "tipo__sigla": "REQ", "tipo__descricao": "Requerimento de Informa\u00e7\u00e3o", "autoria": "Dr. Fernando", "texto_original": "http://sapl.conceicaodemacabu.rj.leg.br/media/sapl/public/materialegislativa/2020/1175/requerimento_017-2020_20082020.pdf", "ementa": "Requer, em suma, informa\u00e7\u00f5es sobre a contrata\u00e7\u00e3o de empresa para servi\u00e7os de Unidade de Tratamento Intensivo (UTI) por motivo da pandemia do Covid-19"}, {"id": "1177", "ano": "2020", "numero": "18", "tipo__sigla": "REQ", "tipo__descricao": "Requerimento de Informa\u00e7\u00e3o", "autoria": "Toninho da Sa\u00fade", "texto_original": "http://sapl.conceicaodemacabu.rj.leg.br/media/sapl/public/materialegislativa/2020/1177/req_018-2020_-_toninho_03092020.pdf", "ementa": "Requer c\u00f3pia de processos administrativos relacionados \u00e0 lan\u00e7amento de faltas em folha  de ponto de servidora p\u00fablica ocasionando perdas financeiras"}, {"id": "1178", "ano": "2020", "numero": "19", "tipo__sigla": "REQ", "tipo__descricao": "Requerimento de Informa\u00e7\u00e3o", "autoria": "Toninho da Sa\u00fade", "texto_original": "http://sapl.conceicaodemacabu.rj.leg.br/media/sapl/public/materialegislativa/2020/1178/req_019-2020_-_toninho_03092020.pdf", "ementa": "Requer informa\u00e7\u00f5es relacionadas aos servidores que atuam no Hospital Municipal Ana Moreira"}, {"id": "1183", "ano": "2020", "numero": "20", "tipo__sigla": "REQ", "tipo__descricao": "Requerimento de Informa\u00e7\u00e3o", "autoria": "Toninho da Sa\u00fade", "texto_original": "http://sapl.conceicaodemacabu.rj.leg.br/media/", "ementa": "Requerimento n.\u00ba 020/2020, do vereador Toninho da Sa\u00fade, objetivando informa\u00e7\u00f5es relacionadas a processo licitat\u00f3rio para contrata\u00e7\u00e3o de empresa para presta\u00e7\u00e3o de servi\u00e7os de exames laboratoriais, histopatol\u00f3gicos, fitopatol\u00f3gicos, compreendendo coleta e an\u00e1lise e exames de imagem de m\u00e9dia e alta complexidade"}, {"id": "1186", "ano": "2020", "numero": "21", "tipo__sigla": "REQ", "tipo__descricao": "Requerimento de Informa\u00e7\u00e3o", "autoria": "Andr\u00e9 da Mudan\u00e7a", "texto_original": "http://sapl.conceicaodemacabu.rj.leg.br/media/", "ementa": "Requer comparecimento da secret\u00e1ria municipal de educa\u00e7\u00e3o para prestar esclarecimentos acerca dos resultados do munic\u00edpio no Ideb"}, {"id": "1064", "ano": "2020", "numero": "1", "tipo__sigla": "IND", "tipo__descricao": "Indica\u00e7\u00e3o Legislativa", "autoria": "Barcelos Resina", "texto_original": "http://sapl.conceicaodemacabu.rj.leg.br/media/", "ementa": "Indica pagamento de insalubridade referente ao per\u00edodo de dezembro de 2018 a julho de 2019 aos servidores do cargo de merendeira"}, {"id": "1065", "ano": "2020", "numero": "2", "tipo__sigla": "IND", "tipo__descricao": "Indica\u00e7\u00e3o Legislativa", "autoria": "Barcelos Resina", "texto_original": "http://sapl.conceicaodemacabu.rj.leg.br/media/", "ementa": "Indica pagamento de insalubridade aos motoristas e aos respons\u00e1veis pela distribui\u00e7\u00e3o de medicamentos, lotados na Secretaria Municipal de Sa\u00fade do Munic\u00edpio de Concei\u00e7\u00e3o de Macabu"}, {"id": "1066", "ano": "2020", "numero": "3", "tipo__sigla": "IND", "tipo__descricao": "Indica\u00e7\u00e3o Legislativa", "autoria": "Barcelos Resina", "texto_original": "http://sapl.conceicaodemacabu.rj.leg.br/media/", "ementa": "Indica pagamento de insalubridade aos recepcionistas do Hospital Municipal Ana Moreira, recepcionistas da Cl\u00ednica da Fam\u00edlia Doutor Euclides Monteleone e Posto de Sa\u00fade Central"}, {"id": "1110", "ano": "2020", "numero": "4", "tipo__sigla": "IND", "tipo__descricao": "Indica\u00e7\u00e3o Legislativa", "autoria": "Paulo Henrique - PH", "texto_original": "http://sapl.conceicaodemacabu.rj.leg.br/media/sapl/public/materialegislativa/2020/1110/ind_004-2020_-_paulo_henrique_17042020.pdf", "ementa": "INDICA A ADO\u00c7\u00c3O DE MEDIDAS PARA SUPRIR A AUS\u00caNCIA DA MERENDA ESCOLAR NO COTIDIANO DOS ESTUDANTES DA REDE MUNICIPAL DE ENSINO DURANTE A SUSPENS\u00c3O DA AULAS."}, {"id": "1113", "ano": "2020", "numero": "6", "tipo__sigla": "IND", "tipo__descricao": "Indica\u00e7\u00e3o Legislativa", "autoria": "Nath\u00e1lia Braga", "texto_original": "http://sapl.conceicaodemacabu.rj.leg.br/media/", "ementa": "INDICA AO PODER EXECUTIVO INSTALA\u00c7\u00c3O DE COBERTURA EXTERNA NA ENTRADA DO HOSPITAL MUNICIPAL ANA MOREIRA."}, {"id": "1116", "ano": "2020", "numero": "7", "tipo__sigla": "IND", "tipo__descricao": "Indica\u00e7\u00e3o Legislativa", "autoria": "Guta", "texto_original": "http://sapl.conceicaodemacabu.rj.leg.br/media/sapl/public/materialegislativa/2020/1116/ind_007-2020_-_guta_17042020.pdf", "ementa": "Indica que as Secretarias de Seguran\u00e7a P\u00fablica, a de Mobilidade Urbana e a de Fazenda adotem medidas fiscalizat\u00f3rias no que diz respeito \u00e0s motocicletas com escapamento adulterado, que produzem ru\u00eddos acima do permitido"}, {"id": "1119", "ano": "2020", "numero": "8", "tipo__sigla": "IND", "tipo__descricao": "Indica\u00e7\u00e3o Legislativa", "autoria": "Dr. Fernando", "texto_original": "http://sapl.conceicaodemacabu.rj.leg.br/media/", "ementa": "Indica cria\u00e7\u00e3o de aux\u00edlio emergencial pecuni\u00e1rio para funcion\u00e1rios formas e informais do Com\u00e9rcio de Concei\u00e7\u00e3o de Macabu/RJ"}, {"id": "1121", "ano": "2020", "numero": "9", "tipo__sigla": "IND", "tipo__descricao": "Indica\u00e7\u00e3o Legislativa", "autoria": "Barcelos Resina", "texto_original": "http://sapl.conceicaodemacabu.rj.leg.br/media/sapl/public/materialegislativa/2020/1121/ind_009-2020_-_barcelos_resina_17042020.pdf", "ementa": "Indica cria\u00e7\u00e3o de programa tempor\u00e1rio e emergencial de amparo para microempreendedores individuais (MEI) do Munic\u00edpio de Concei\u00e7\u00e3o de Macabu"}, {"id": "1122", "ano": "2020", "numero": "10", "tipo__sigla": "IND", "tipo__descricao": "Indica\u00e7\u00e3o Legislativa", "autoria": "Toninho da Sa\u00fade", "texto_original": "http://sapl.conceicaodemacabu.rj.leg.br/media/", "ementa": "Indica implanta\u00e7\u00e3o de barreiras sanit\u00e1rias nas entradas e sa\u00eddas do munic\u00edpio como preven\u00e7\u00e3o ao COVID-19"}, {"id": "1131", "ano": "2020", "numero": "11", "tipo__sigla": "IND", "tipo__descricao": "Indica\u00e7\u00e3o Legislativa", "autoria": "Barcelos Resina", "texto_original": "http://sapl.conceicaodemacabu.rj.leg.br/media/", "ementa": "Indica  a libera\u00e7\u00e3o para abertura, em hor\u00e1rios espec\u00edficos, das igrejas e templos religiosos de Concei\u00e7\u00e3o de Macabu,para atendimento espiritual e humanit\u00e1rio aos que necessitam, em fun\u00e7\u00e3o da pandemia do Coronav\u00edrus (COVID-19)"}, {"id": "1132", "ano": "2020", "numero": "12", "tipo__sigla": "IND", "tipo__descricao": "Indica\u00e7\u00e3o Legislativa", "autoria": "Toninho da Sa\u00fade", "texto_original": "http://sapl.conceicaodemacabu.rj.leg.br/media/", "ementa": "Indica que ao final do ano letivo seja criado um abono pecuni\u00e1rio aos profissionais da Educa\u00e7\u00e3o"}, {"id": "1133", "ano": "2020", "numero": "13", "tipo__sigla": "IND", "tipo__descricao": "Indica\u00e7\u00e3o Legislativa", "autoria": "Guta", "texto_original": "http://sapl.conceicaodemacabu.rj.leg.br/media/", "ementa": "INDICA AO PODER EXECUTIVO QUE D\u00ca CONHECIMENTO ATRAV\u00c9S DA SECRETARIA MUNICIPAL DE SA\u00daDE, AOS SEUS SERVIDORES E ESTABELECIMENTOS COMERCIAIS PRIVADOS QUE ATUAM NA \u00c1REA DA SA\u00daDE, SOBRE EXIST\u00caNCIA DA LEI ESTADUAL N\u00ba 8.626/2019, QUE REGULAMENTA A UTILIZA\u00c7\u00c3O DE EQUIPAMENTOS E VESTIMENTAS DE PROTE\u00c7\u00c3O INDIVIDUAL PELOS PROFISSIONAIS DE SA\u00daDE DO ESTADO DO RIO DE JANEIRO, PARA ASSIM FORTALECER O SISTEMA DE PROTE\u00c7\u00c3O E DEFESA DO CONT\u00c1GIO DA COVID-19."}, {"id": "1135", "ano": "2020", "numero": "14", "tipo__sigla": "IND", "tipo__descricao": "Indica\u00e7\u00e3o Legislativa", "autoria": "Barcelos Resina", "texto_original": "http://sapl.conceicaodemacabu.rj.leg.br/media/", "ementa": "Indica pagamento antecipado de 50% do 13\u00ba sal\u00e1rio dos servidores municipais ativos, inativos, aposentados e pensionistas, tendo em vista o estado de calamidade p\u00fablica em decorr\u00eancia da pandemia do Coronav\u00edrus"}, {"id": "1138", "ano": "2020", "numero": "15", "tipo__sigla": "IND", "tipo__descricao": "Indica\u00e7\u00e3o Legislativa", "autoria": "Nath\u00e1lia Braga", "texto_original": "http://sapl.conceicaodemacabu.rj.leg.br/media/", "ementa": "Indica interdi\u00e7\u00e3o da Rua Rozendo Fontes Tavares no trecho atr\u00e1s da cooperativa  Macabuense para tr\u00e1fego de carros  e outros meios de transporte, deixando apenas os pedestres transitando e, tamb\u00e9m a instala\u00e7\u00e3o de tendas e cadeiras par a popula\u00e7\u00e3o que precisa utilizar os servi\u00e7os prestados pela Lot\u00e9rica local"}, {"id": "1148", "ano": "2020", "numero": "16", "tipo__sigla": "IND", "tipo__descricao": "Indica\u00e7\u00e3o Legislativa", "autoria": "Barcelos Resina", "texto_original": "http://sapl.conceicaodemacabu.rj.leg.br/media/", "ementa": "Indica possibilidade de funcionamento de barbearias, centro de est\u00e9tica, sal\u00e3o de beleza e \u00f3ticas no munic\u00edpio de Concei\u00e7\u00e3o de Macabu"}, {"id": "1144", "ano": "2020", "numero": "17", "tipo__sigla": "IND", "tipo__descricao": "Indica\u00e7\u00e3o Legislativa", "autoria": "Messias", "texto_original": "http://sapl.conceicaodemacabu.rj.leg.br/media/", "ementa": "Indica reparo nas pontes situadas no munic\u00edpio , bem como coloca\u00e7\u00e3o de corrim\u00e3o"}, {"id": "1147", "ano": "2020", "numero": "18", "tipo__sigla": "IND", "tipo__descricao": "Indica\u00e7\u00e3o Legislativa", "autoria": "Barcelos Resina", "texto_original": "http://sapl.conceicaodemacabu.rj.leg.br/media/", "ementa": "Indica pagamento de insalubridade referente ao per\u00edodo de dezembro de 2018 a julho de 2019 aos servidores cargo de merendeira"}, {"id": "1146", "ano": "2020", "numero": "19", "tipo__sigla": "IND", "tipo__descricao": "Indica\u00e7\u00e3o Legislativa", "autoria": "Guta", "texto_original": "http://sapl.conceicaodemacabu.rj.leg.br/media/", "ementa": "Indica aquisi\u00e7\u00e3o de um gerador de energia el\u00e9trica para o local onde \u00e9 feita a capta\u00e7\u00e3o de \u00e1gua no munic\u00edpio de Concei\u00e7\u00e3o e Macabu"}, {"id": "1149", "ano": "2020", "numero": "20", "tipo__sigla": "IND", "tipo__descricao": "Indica\u00e7\u00e3o Legislativa", "autoria": "Guta", "texto_original": "http://sapl.conceicaodemacabu.rj.leg.br/media/", "ementa": "Indica instala\u00e7\u00e3o de guarita em frente ao condom\u00ednio Silvio Soares Tavares"}, {"id": "1150", "ano": "2020", "numero": "21", "tipo__sigla": "IND", "tipo__descricao": "Indica\u00e7\u00e3o Legislativa", "autoria": "Nath\u00e1lia Braga", "texto_original": "http://sapl.conceicaodemacabu.rj.leg.br/media/", "ementa": "Indica isen\u00e7\u00e3o tempor\u00e1ria  da Contribui\u00e7\u00e3o de Ilumina\u00e7\u00e3o P\u00fablica (CIP) para consumidores  residenciais  que fa\u00e7am jus a tarifa social"}, {"id": "1152", "ano": "2020", "numero": "22", "tipo__sigla": "IND", "tipo__descricao": "Indica\u00e7\u00e3o Legislativa", "autoria": "Nath\u00e1lia Braga", "texto_original": "http://sapl.conceicaodemacabu.rj.leg.br/media/", "ementa": "Indica a disponibilidade de Van  adaptada para deficientes f\u00edsicos e usu\u00e1rios de cadeira de roda, para uso em transporte para exames e consultas m\u00e9dicas para hemodi\u00e1lise  e outras situa\u00e7\u00f5es medicamentosas"}, {"id": "1157", "ano": "2020", "numero": "23", "tipo__sigla": "IND", "tipo__descricao": "Indica\u00e7\u00e3o Legislativa", "autoria": "Messias", "texto_original": "http://sapl.conceicaodemacabu.rj.leg.br/media/", "ementa": "Indica coloca\u00e7\u00e3o de poste de ilumina\u00e7\u00e3o p\u00fablica na Travessa Avelar, no final da Rua Projetada, no Alto da Balan\u00e7a, bairro Cal\u00e7adinha"}, {"id": "1160", "ano": "2020", "numero": "24", "tipo__sigla": "IND", "tipo__descricao": "Indica\u00e7\u00e3o Legislativa", "autoria": "Barcelos Resina", "texto_original": "http://sapl.conceicaodemacabu.rj.leg.br/media/", "ementa": "Indica disponibiliza\u00e7\u00e3o, no site oficial, formul\u00e1rios para mapeamento dos trabalhadores da cultura e espa\u00e7os e espa\u00e7os culturais do Munic\u00edpio de Concei\u00e7\u00e3o de Macabu"}, {"id": "1162", "ano": "2020", "numero": "25", "tipo__sigla": "IND", "tipo__descricao": "Indica\u00e7\u00e3o Legislativa", "autoria": "Guta", "texto_original": "http://sapl.conceicaodemacabu.rj.leg.br/media/", "ementa": "Indica a\u00e7\u00f5es de infraestrutura na localidade de Vila Esperan\u00e7a"}, {"id": "1165", "ano": "2020", "numero": "26", "tipo__sigla": "IND", "tipo__descricao": "Indica\u00e7\u00e3o Legislativa", "autoria": "Paulo Henrique - PH", "texto_original": "http://sapl.conceicaodemacabu.rj.leg.br/media/", "ementa": "Indica constru\u00e7\u00e3o de abrigo de passageiro no Bairro da Tribo"}, {"id": "1166", "ano": "2020", "numero": "27", "tipo__sigla": "IND", "tipo__descricao": "Indica\u00e7\u00e3o Legislativa", "autoria": "Paulo Henrique - PH", "texto_original": "http://sapl.conceicaodemacabu.rj.leg.br/media/", "ementa": "Indica reforma de abrigo de passageiros no Bairro Piteira"}, {"id": "1169", "ano": "2020", "numero": "28", "tipo__sigla": "IND", "tipo__descricao": "Indica\u00e7\u00e3o Legislativa", "autoria": "Messias", "texto_original": "http://sapl.conceicaodemacabu.rj.leg.br/media/", "ementa": "Indica substitui\u00e7\u00e3o de l\u00e2mpadas no sistema de ilumina\u00e7\u00e3o p\u00fablica na Rua Rodrigo  de Souza, bairro Vila Nova"}, {"id": "1171", "ano": "2020", "numero": "29", "tipo__sigla": "IND", "tipo__descricao": "Indica\u00e7\u00e3o Legislativa", "autoria": "Paulo Henrique - PH", "texto_original": "http://sapl.conceicaodemacabu.rj.leg.br/media/", "ementa": "INDICA A CRIA\u00c7\u00c3O DE PARQUE MUNICIPAL DE ECOTURISMO NO MORTO DA TORRE DE TELEVIS\u00c3O."}, {"id": "1172", "ano": "2020", "numero": "30", "tipo__sigla": "IND", "tipo__descricao": "Indica\u00e7\u00e3o Legislativa", "autoria": "Guta", "texto_original": "http://sapl.conceicaodemacabu.rj.leg.br/media/sapl/public/materialegislativa/2020/1172/ind_030-2020_guta_26082020.pdf", "ementa": "Indica manuten\u00e7\u00e3o da suspens\u00e3o das aulas nas unidades escolares municipais  e particulares enquanto perdurar o estado de calamidade p\u00fablica"}, {"id": "1180", "ano": "2020", "numero": "31", "tipo__sigla": "IND", "tipo__descricao": "Indica\u00e7\u00e3o Legislativa", "autoria": "Paulo Henrique - PH", "texto_original": "http://sapl.conceicaodemacabu.rj.leg.br/media/", "ementa": "Indica cria\u00e7\u00e3o de Tendas de Apoio Solid\u00e1rio aos entregadores, motociclistas e motoristas de aplicativos  atuantes em Concei\u00e7\u00e3o de Macabu"}, {"id": "1074", "ano": "2020", "numero": "1", "tipo__sigla": "APLO", "tipo__descricao": "Anteprojeto de Lei", "autoria": "Paulo Henrique - PH", "texto_original": "http://sapl.conceicaodemacabu.rj.leg.br/media/sapl/public/materialegislativa/2020/1074/aplo_001-2020_-_paulo_henrique_17042020.pdf", "ementa": "Autoriza o Poder Executivo a instituir o Projeto Esportivo \"Nado Livre\", a ser ofertada as crian\u00e7as e aos adolescentes residentes no Munic\u00edpio de Concei\u00e7\u00e3o de Macabu - RJ"}, {"id": "1114", "ano": "2020", "numero": "2", "tipo__sigla": "APLO", "tipo__descricao": "Anteprojeto de Lei", "autoria": "Messias", "texto_original": "http://sapl.conceicaodemacabu.rj.leg.br/media/sapl/public/materialegislativa/2020/1114/aplo_002-2020_-_jose_messias_17042020.pdf", "ementa": "Autoriza a cria\u00e7\u00e3o do programa \"Alimento \u00e9 Vida\" visando a\u00e7\u00e3o concreta de cidadania contra a fome e a mis\u00e9ria, decorrente da Pandemia do COVID-19, e d\u00e1 outras provid\u00eancias."}, {"id": "1123", "ano": "2020", "numero": "3", "tipo__sigla": "APLO", "tipo__descricao": "Anteprojeto de Lei", "autoria": "Barcelos Resina", "texto_original": "http://sapl.conceicaodemacabu.rj.leg.br/media/sapl/public/materialegislativa/2020/1123/aplo_003-2020_-_barcelos_resina_17042020.pdf", "ementa": "Disp\u00f5e sobre  a possibilidade de cria\u00e7\u00e3o do Programa Vale Alimento aos alunos em situa\u00e7\u00e3o de vulnerabilidade social enquanto durar a pandemia do Covid-19 e d\u00e1 outras provid\u00eancias"}, {"id": "1124", "ano": "2020", "numero": "4", "tipo__sigla": "APLO", "tipo__descricao": "Anteprojeto de Lei", "autoria": "Barcelos Resina", "texto_original": "http://sapl.conceicaodemacabu.rj.leg.br/media/sapl/public/materialegislativa/2020/1124/aplo_004-2020_-_barcelos_resina_17042020.pdf", "ementa": "Institui no \u00e2mbito municipal o Programa Kit Preven\u00e7\u00e3o, para ser distribu\u00eddo \u00e0s fam\u00edlias carentes como pol\u00edtica p\u00fablica diante da pandemia do Covid-19 (Coronav\u00edrus), composto minimamente de \u00e1lcool em gel, material  de higiene e itens de prote\u00e7\u00e3o como m\u00e1scaras e luvas"}, {"id": "1125", "ano": "2020", "numero": "5", "tipo__sigla": "APLO", "tipo__descricao": "Anteprojeto de Lei", "autoria": "Barcelos Resina", "texto_original": "http://sapl.conceicaodemacabu.rj.leg.br/media/sapl/public/materialegislativa/2020/1125/aplo_005-2020_-_barcelos_resina_17042020.pdf", "ementa": "Autoriza o Executivo  a criar/aumentar para o grau m\u00e1ximo (40%) especificado em leis do munic\u00edpio de Concei\u00e7\u00e3o de Macabu, gratifica\u00e7\u00e3o especial tempor\u00e1ria de insalubridade para guardas municipais, agentes de defesa civil, servidores lotados no Hospital Ana Moreira, agentes de endemias e ACS, servidores lotados no Centro de Triagem do novo Coronav\u00edrus -  Covid-19 e fiscais envolvidos, enquanto perdurar o estado de calamidade p\u00fablica em decorr\u00eancia da pandemia do Coronav\u00edrus (Covid-19) estabelecido pelo Decreto n.\u00ba 067/2020."}, {"id": "1126", "ano": "2020", "numero": "6", "tipo__sigla": "APLO", "tipo__descricao": "Anteprojeto de Lei", "autoria": "Barcelos Resina", "texto_original": "http://sapl.conceicaodemacabu.rj.leg.br/media/sapl/public/materialegislativa/2020/1126/aplo_006-2020_-_barcelos_resina_17042020.pdf", "ementa": "Disp\u00f5e sobre a utiliza\u00e7\u00e3o de term\u00f4metros digitais com sensor infravermelho, sem contato, nas UBS e Centro de Triagem do Covid-19 da rede p\u00fablica e cl\u00ednicas particulares, laborat\u00f3rios de an\u00e1lises cl\u00ednicas e consult\u00f3rios m\u00e9dicos da rede privada do munic\u00edpio de Concei\u00e7\u00e3o de Macabu, objetivando a triagem de pessoas durante o per\u00edodo de surto de Coronav\u00edrus - Covid-19"}, {"id": "1167", "ano": "2020", "numero": "7", "tipo__sigla": "APLO", "tipo__descricao": "Anteprojeto de Lei", "autoria": "Guta", "texto_original": "http://sapl.conceicaodemacabu.rj.leg.br/media/sapl/public/materialegislativa/2020/1167/aplo_07-2020_-_guta_07082020.pdf", "ementa": "Regulamenta o exerc\u00edcio da atividade de Motoboy no \u00e2mbito  do Munic\u00edpio de Concei\u00e7\u00e3o de Macabu-RJ e d\u00e1 outras provid\u00eancias"}, {"id": "1168", "ano": "2020", "numero": "8", "tipo__sigla": "APLO", "tipo__descricao": "Anteprojeto de Lei", "autoria": "Nath\u00e1lia Braga", "texto_original": "http://sapl.conceicaodemacabu.rj.leg.br/media/", "ementa": "Institui o Projeto Semeando no \u00e2mbito do Munic\u00edpio de Concei\u00e7\u00e3o de Macabu e d\u00e1 outras provid\u00eancias"}, {"id": "1199", "ano": "2020", "numero": "9", "tipo__sigla": "APLO", "tipo__descricao": "Anteprojeto de Lei", "autoria": "Paulo Henrique - PH", "texto_original": "http://sapl.conceicaodemacabu.rj.leg.br/media/sapl/public/materialegislativa/2020/1199/anteprojeto_de_lei_n._09.2020.pdf", "ementa": "AUTORIZA O GOVERNO MUNICIPAL A COMPRAR VACINAS COM EFIC\u00c1CIA COMPROVADA CONTRA O NOVO CORONAV\u00cdRUS (COVID19), APROVADAS PELA ANVISA E N\u00c3O FORNECIDAS PELO PROGRAMA NACIONAL DE IMUNIZA\u00c7\u00d5ES, E D\u00c1 OUTRAS PROVID\u00caNCIAS."}]}