{"headers": {"id": "ID", "ano": "Ano", "numero": "N\u00famero", "tipo__sigla": "Tipo de Mat\u00e9ria Legislativa/Sigla", "tipo__descricao": "Tipo de Mat\u00e9ria Legislativa/Descri\u00e7\u00e3o", "autoria": "Autorias", "texto_original": "Texto Original", "ementa": "Ementa"}, "results": [{"id": "37", "ano": "2017", "numero": "1", "tipo__sigla": "PLO", "tipo__descricao": "Projeto de Lei Ordin\u00e1ria", "autoria": "Guta", "texto_original": "http://sapl.conceicaodemacabu.rj.leg.br/media/sapl/public/materialegislativa/2017/37/plo_029-2017_-_proibicao_do_uso_de_carros_particulares_cadastrados_em_aplicativos_rotated.pdf", "ementa": "DISP\u00d5E SOBRE A PROIBI\u00c7\u00c3O DO USO DE CARROS PARTICULARES CADASTRADOS EM APLICATIVOS PARA O TRANSPORTE DE PESSOAS NO MUNIC\u00cdPIO DE CONCEI\u00c7\u00c3O DE MACABU, E D\u00c1 OUTRAS PROVID\u00caNCIAS."}, {"id": "39", "ano": "2017", "numero": "3", "tipo__sigla": "PLO", "tipo__descricao": "Projeto de Lei Ordin\u00e1ria", "autoria": "Toninho Barcelos Messias Andr\u00e9 Nath\u00e1lia", "texto_original": "http://sapl.conceicaodemacabu.rj.leg.br/media/sapl/public/materialegislativa/2017/39/plo_31-2017_-_concessao_de_auxilio_alimentacao.pdf", "ementa": "DISP\u00d5E SOBRE A CONCESS\u00c3O DE AUX\u00cdLIO ALIMENTA\u00c7\u00c3O AOS SERVIDORES DA C\u00c2MARA MUNICIPAL DE CONCEI\u00c7\u00c3O DE MACABU."}, {"id": "12", "ano": "2017", "numero": "6", "tipo__sigla": "PLO", "tipo__descricao": "Projeto de Lei Ordin\u00e1ria", "autoria": "Prefeitura Municipal de Concei\u00e7\u00e3o de Macabu", "texto_original": "http://sapl.conceicaodemacabu.rj.leg.br/media/sapl/public/materialegislativa/2017/12/plo_06-2017_-_acrescenta_o_2o_e_3o_do_artigo_1o_da_lei_municipal_no_971-2009.pdf", "ementa": "ACRESCENTA O &2\u00ba E &3\u00ba, DO ARTIGO 1\u00ba, DA LEI MUNICIPAL N\u00ba 971/2009, QUE DISP\u00d5E SOBRE A CAPINA QU\u00cdMICA NAS \u00c1REAS RELACIONADAS, E D\u00c1 OUTRAS PROVID\u00caNCIAS."}, {"id": "7", "ano": "2017", "numero": "7", "tipo__sigla": "PLO", "tipo__descricao": "Projeto de Lei Ordin\u00e1ria", "autoria": "Toninho Barcelos Messias Andr\u00e9 Nath\u00e1lia", "texto_original": "http://sapl.conceicaodemacabu.rj.leg.br/media/sapl/public/materialegislativa/2017/7/plo_07-2017_-_altera_a_estrutura_administrativa_da_camara_municipal_de_conceicao_de_macabu.pdf", "ementa": "ALTERA A ESTRUTURA ADMINISTRATIVA DA C\u00c2MARA MUNICIPAL DE CONCEI\u00c7\u00c3O DE MACABU"}, {"id": "6", "ano": "2017", "numero": "8", "tipo__sigla": "PLO", "tipo__descricao": "Projeto de Lei Ordin\u00e1ria", "autoria": "", "texto_original": "http://sapl.conceicaodemacabu.rj.leg.br/media/sapl/public/materialegislativa/2017/6/plo_008-2017_-_legislativo05072018.pdf", "ementa": "CRIA O SETOR DE OUVIDORIA DA C\u00c2MARA MUNICIPAL DE CONCEI\u00c7\u00c3O DE MACABU, E D\u00c1 OUTRAS PROVID\u00caNCIAS."}, {"id": "62", "ano": "2017", "numero": "9", "tipo__sigla": "PLO", "tipo__descricao": "Projeto de Lei Ordin\u00e1ria", "autoria": "Barcelos Resina", "texto_original": "http://sapl.conceicaodemacabu.rj.leg.br/media/sapl/public/materialegislativa/2017/62/plo_59-2017_-_fixacao_crime_previsto_no_artigo_244-a_do_eca.pdf", "ementa": "DISP\u00d5E SOBRE A OBRIGATORIEDADE DOS ESTABELECIMENTOS COMERCIAIS DESTINADOS \u00c0 HOSPEDAGEM EM GERAL, CASAS NOTURNAS E AINDA EVENTOS PARTICULARES DESTINADOS AO P\u00daBLICO EM GERAL, OS T\u00c1XIS LICENCIADOS NESTE MUNIC\u00cdPIO, BEM COMO, NAS VANS E \u00d4NIBUS ESCOLARES A AFIXAREM EM LOCAIS VIS\u00cdVEIS A DESCRI\u00c7\u00c3O DO CRIME PREVISTO NO ARTIGO 244-A DO ECA E SUAS PENAS."}, {"id": "36", "ano": "2017", "numero": "11", "tipo__sigla": "PLO", "tipo__descricao": "Projeto de Lei Ordin\u00e1ria", "autoria": "Barcelos Resina", "texto_original": "http://sapl.conceicaodemacabu.rj.leg.br/media/sapl/public/materialegislativa/2017/36/plo_27-2017_-_colocacao_de_banheiros_quimicos_adaptados.pdf", "ementa": "DISP\u00d5E SOBRE OBRIGATORIEDADE DE COLOCA\u00c7\u00c3O DE BANHEIROS QU\u00cdMICOS ADAPTADOS \u00c0S NECESSIDADES ESPECIAIS DE PESSOAS COM DEFICI\u00caNCIA OU COM MOBILIDADE REDUZIDA EM EVENTOS P\u00daBLICOS E PRIVADOS."}, {"id": "40", "ano": "2017", "numero": "12", "tipo__sigla": "PLO", "tipo__descricao": "Projeto de Lei Ordin\u00e1ria", "autoria": "Prefeitura Municipal de Concei\u00e7\u00e3o de Macabu", "texto_original": "http://sapl.conceicaodemacabu.rj.leg.br/media/./sapl/public/materialegislativa/2017/40/40_texto_integral.pdf", "ementa": "DISP\u00d5E SOBRE O REPARCELAMENTO DE D\u00c9BITOS DO MUNIC\u00cdPIO DE CONCEI\u00c7\u00c3O DE MACABU COM SEU REGIME PR\u00d3PRIO   DE PREVID\u00caNCIA SOCIAL - RPPS."}, {"id": "41", "ano": "2017", "numero": "13", "tipo__sigla": "PLO", "tipo__descricao": "Projeto de Lei Ordin\u00e1ria", "autoria": "Prefeitura Municipal de Concei\u00e7\u00e3o de Macabu", "texto_original": "http://sapl.conceicaodemacabu.rj.leg.br/media/sapl/public/materialegislativa/2017/41/plo_35-2017_-_estabelece_as_aliquotas_de_contribuicao_previdenciaria_e_o_plano_amortizacao.pdf", "ementa": "ALTERA A LEI N\u00ba 756, DE 21 DE DEZEMBRO DE 2006 E A LEI 1.437 DE 23 DE JUNHO DE 2016, E ESTABELECE AS AL\u00cdQUOTAS DE CONTRIBUI\u00c7\u00c3O PREVIDENCI\u00c1RIA E O PLANO AMORTIZA\u00c7\u00c3O PARA O EQUACIONAMENTO DO DEFICIT ATUARIAL."}, {"id": "43", "ano": "2017", "numero": "14", "tipo__sigla": "PLO", "tipo__descricao": "Projeto de Lei Ordin\u00e1ria", "autoria": "Prefeitura Municipal de Concei\u00e7\u00e3o de Macabu", "texto_original": "http://sapl.conceicaodemacabu.rj.leg.br/media/sapl/public/materialegislativa/2017/43/plo_14-2017_-_concessao_de_complemento_salarial_aos_servidores_municipais.pdf", "ementa": "DISP\u00d5E A CONCESS\u00c3O DE COMPLEMENTO SALARIAL AOS SERVIDORES MUNICIPAIS, A FIM DE ATINGIR O VALOR DO SAL\u00c1RIO M\u00cdNIMO NACIONAL E D\u00c1 OUTRAS PROVID\u00caNCIAS."}, {"id": "44", "ano": "2017", "numero": "15", "tipo__sigla": "PLO", "tipo__descricao": "Projeto de Lei Ordin\u00e1ria", "autoria": "Prefeitura Municipal de Concei\u00e7\u00e3o de Macabu", "texto_original": "http://sapl.conceicaodemacabu.rj.leg.br/media/sapl/public/materialegislativa/2017/44/plo_15-2017_-_alteracao_de_valor_dos_proventos_dos_cargos_em_comissao.pdf", "ementa": "DISP\u00d5E SOBRE ALTERA\u00c7\u00c3O DE VALOR DOS PROVENTOS DOS CARGOS EM COMISS\u00c3O, A AFIM DE ATINGIR O VALOR DO SAL\u00c1RIO M\u00cdNIMO NACIONAL E D\u00c1 OUTRAS PROVID\u00caNCIAS."}, {"id": "51", "ano": "2017", "numero": "16", "tipo__sigla": "PLO", "tipo__descricao": "Projeto de Lei Ordin\u00e1ria", "autoria": "Prefeitura Municipal de Concei\u00e7\u00e3o de Macabu", "texto_original": "http://sapl.conceicaodemacabu.rj.leg.br/media/sapl/public/materialegislativa/2017/51/plo_046-2017_-_diretrizes_para_a_elaboracao_e_execucao_da_lei_orcamentaria.pdf", "ementa": "DISP\u00d5E SOBRE AS DIRETRIZES PARA A ELABORA\u00c7\u00c3O E EXECU\u00c7\u00c3O DA LEI OR\u00c7AMENT\u00c1RIA DO MUNIC\u00cdPIO DE CONCEI\u00c7\u00c3O DE MACABU PARA O EXERC\u00cdCIO DE 2018, E D\u00c1 OUTRAS PROVID\u00caNCIAS."}, {"id": "52", "ano": "2017", "numero": "17", "tipo__sigla": "PLO", "tipo__descricao": "Projeto de Lei Ordin\u00e1ria", "autoria": "Toninho da Sa\u00fade", "texto_original": "http://sapl.conceicaodemacabu.rj.leg.br/media/sapl/public/materialegislativa/2017/52/plo__47-2017_-_cria_gratificacao.pdf", "ementa": "D\u00c1 NOVA REDA\u00c7\u00c3O AO \"CAPUT\"  DO ART. 1\u00ba E ALTERA O \u00a71\u00ba DA LEI MUNICIPAL  N\u00ba 1071/2011, QUE CRIA GRATIFICA\u00c7\u00c3O NO QUADRO DE SERVIDORES DA C\u00c2MARA MUNICIPAL."}, {"id": "76", "ano": "2017", "numero": "18", "tipo__sigla": "PLO", "tipo__descricao": "Projeto de Lei Ordin\u00e1ria", "autoria": "Toninho da Sa\u00fade", "texto_original": "http://sapl.conceicaodemacabu.rj.leg.br/media/sapl/public/materialegislativa/2017/76/plo_73-2017_-_altera_a_lei_n.o_756.2006_e_a_lei_1.437.2016.pdf", "ementa": "ALTERA A LEI N.\u00ba 756, DE 21 DE DEZEMBRO DE 2006 E A LEI 1.437 DE 23 DE JUNHO DE 2016, E ESTABELECE AS AL\u00cdQUOTAS DE CONTRIBUI\u00c7\u00c3O PREVIDENCI\u00c1RIA E O PLANO DE AMORTIZA\u00c7\u00c3O PARA O EQUACIONAMENTO DE DEFICIT ATUARIAL."}, {"id": "77", "ano": "2017", "numero": "19", "tipo__sigla": "PLO", "tipo__descricao": "Projeto de Lei Ordin\u00e1ria", "autoria": "Prefeitura Municipal de Concei\u00e7\u00e3o de Macabu", "texto_original": "http://sapl.conceicaodemacabu.rj.leg.br/media/sapl/public/materialegislativa/2017/77/plo_19-2017_-_credito_especial_na_importancia_de_r_273.10606.pdf", "ementa": "AUTORIZA O PODER EXECUTIVO A ABRIR CR\u00c9DITO ESPECIAL NA IMPORT\u00c2NCIA DE R$ 273.106,06 (DUZENTOS E SETENTA E TR\u00caS MIL, CENTO E SEIS REAIS E SEIS CENTAVOS), PARA FAZER FACE A EXECU\u00c7\u00c3O DA A\u00c7\u00c3O DO OR\u00c7AMENTO DA PREFEITURA MUNICIPAL DE CONCEI\u00c7\u00c3O DE MACABU."}, {"id": "83", "ano": "2017", "numero": "20", "tipo__sigla": "PLO", "tipo__descricao": "Projeto de Lei Ordin\u00e1ria", "autoria": "Prefeitura Municipal de Concei\u00e7\u00e3o de Macabu", "texto_original": "http://sapl.conceicaodemacabu.rj.leg.br/media/sapl/public/materialegislativa/2017/83/plo_20-2021_-_autoriza_o_poder_executivo_a_contratar_operacao_de_credito_com_o_banco_do_brasil_s.a..pdf", "ementa": "AUTORIZA O PODER EXECUTIVO A CONTRATAR OPERA\u00c7\u00c3O DE CR\u00c9DITO COM O BANCO DO BRASIL S.A., E D\u00c1 OUTRAS PROVID\u00caNCIAS."}, {"id": "84", "ano": "2017", "numero": "21", "tipo__sigla": "PLO", "tipo__descricao": "Projeto de Lei Ordin\u00e1ria", "autoria": "Prefeitura Municipal de Concei\u00e7\u00e3o de Macabu", "texto_original": "http://sapl.conceicaodemacabu.rj.leg.br/media/./sapl/public/materialegislativa/2017/84/84_texto_integral.pdf", "ementa": "ALTERA O ARTIGO 3\u00ba DA LEI 1.447/2017, QUE DISP\u00d5E SOBRE O REPARCELAMENTO DE D\u00c9BITOS DO MUNIC\u00cdPIO DE CONCEI\u00c7\u00c3O DE MACABU COM SEU REGIME PR\u00d3PRIO DE PREVID\u00caNCIA SOCIAL - RPPS."}, {"id": "87", "ano": "2017", "numero": "22", "tipo__sigla": "PLO", "tipo__descricao": "Projeto de Lei Ordin\u00e1ria", "autoria": "Prefeitura Municipal de Concei\u00e7\u00e3o de Macabu", "texto_original": "http://sapl.conceicaodemacabu.rj.leg.br/media/sapl/public/materialegislativa/2017/87/plo_22-2021_-_o_valor_para_pagamento_das_obrigacoes_de_pequeno_valor-rpv.pdf", "ementa": "DEFINE, NO MUNIC\u00cdPIO DE CONCEI\u00c7\u00c3O DE MACABU, O VALOR PARA PAGAMENTO DAS OBRIGA\u00c7\u00d5ES DE PEQUENO VALOR/RPV, DECORRENTES DE DECIS\u00d5ES JUDICIAIS, NOS TERMOS DO ART. 100, \u00a7\u00a7 3\u00ba E 4\u00ba DA CONSTITUI\u00c7\u00c3O FEDERAL COM A REDA\u00c7\u00c3O DADA PELA EMENDA CONSTITUCIONAL N\u00ba 62, DE 09 DE DEZEMBRO DE 2009 E D\u00c1 OUTRAS PROVID\u00caNCIAS."}, {"id": "114", "ano": "2017", "numero": "23", "tipo__sigla": "PLO", "tipo__descricao": "Projeto de Lei Ordin\u00e1ria", "autoria": "Prefeitura Municipal de Concei\u00e7\u00e3o de Macabu", "texto_original": "http://sapl.conceicaodemacabu.rj.leg.br/media/sapl/public/materialegislativa/2017/114/plo_23-2017_-_alteracao_dos_criterios_da_concessao_de_uso_das_areas_publicas_que_constituem_o_condom.pdf", "ementa": "DISP\u00d5E SOBRE A ALTERA\u00c7\u00c3O DOS CRIT\u00c9RIOS DA CONCESS\u00c3O DE USO DAS \u00c1REAS P\u00daBLICAS QUE CONSTITUEM O CONDOM\u00cdNIO INDUSTRIAL DE CONCEI\u00c7\u00c3O DE MACABU, REVOGANDO AS LEIS MUNICIPAIS N\u00ba 232 DE 16/11/1994 E N\u00ba 514 DE 26/06/2002, E D\u00c1 OUTRAS PROVID\u00caNCIAS."}, {"id": "123", "ano": "2017", "numero": "24", "tipo__sigla": "PLO", "tipo__descricao": "Projeto de Lei Ordin\u00e1ria", "autoria": "Prefeitura Municipal de Concei\u00e7\u00e3o de Macabu", "texto_original": "http://sapl.conceicaodemacabu.rj.leg.br/media/sapl/public/materialegislativa/2017/123/plo_121-2017__-_altera_a_lei__municipal_n._1.450-2017.pdf", "ementa": "ALTERA O ART. 1\u00ba DA LEI MUNICIPAL N\u00ba 1.450 DE 30 DE MAIO DE 2017, BEM COMO O ARTIGO, E O INCISO I DO ARTIGO 21\u00ba DA LEI MUNICIPAL N\u00ba 756 DE 21 DE NOVEMBRO DE 2006, QUE ESTABELECEM AS AL\u00cdQUOTAS DE CONTRIBUI\u00c7\u00c3O PREVIDENCI\u00c1RIA E O PLANO DE AMORTIZA\u00c7\u00c3O PARA EQUACIONAMENTO DE D\u00c9FICIT ATUARIAL DO INSTITUTO DE PREVID\u00caNCIA E ASSIST\u00caNCIA DOS SERVIDORES MUNICIPAIS DE CONCEI\u00c7\u00c3O DE MACABU - IPASCON, E D\u00c1 OUTRAS PROVID\u00caNCIAS."}, {"id": "124", "ano": "2017", "numero": "25", "tipo__sigla": "PLO", "tipo__descricao": "Projeto de Lei Ordin\u00e1ria", "autoria": "Prefeitura Municipal de Concei\u00e7\u00e3o de Macabu", "texto_original": "http://sapl.conceicaodemacabu.rj.leg.br/media/./sapl/public/materialegislativa/2017/124/124_texto_integral.pdf", "ementa": "ACRESCENTA DISPOSITIVO A LEI 471/2001, DE 31 DE DEZEMBRO DE 2001, QUE \"DISP\u00d5E SOBRE O C\u00d3DIGO TRIBUT\u00c1RIO MUNICIPAL\", A FIM DE GARANTIR AO CONTRIBUINTE A EMISS\u00c3O DE CERTID\u00c3O ONLINE JUNTO \u00c0 FAZENDA P\u00daBLICA MUNICIPAL E D\u00c1 OUTRAS PROVID\u00caNCIAS."}, {"id": "131", "ano": "2017", "numero": "26", "tipo__sigla": "PLO", "tipo__descricao": "Projeto de Lei Ordin\u00e1ria", "autoria": "Prefeitura Municipal de Concei\u00e7\u00e3o de Macabu", "texto_original": "http://sapl.conceicaodemacabu.rj.leg.br/media/./sapl/public/materialegislativa/2017/131/131_texto_integral.pdf", "ementa": "AUTORIZA A CRIA\u00c7\u00c3O DA JUNTA ADMINISTRATIVA DE RECURSOS DE INFRA\u00c7\u00d5ES - JARI, SUBORDINADA \u00c0 COORDENADORIA EXECUTIVA DE TR\u00c2NSITO, VINCULADA A SECRETARIA MUNICIPAL DE SEGURAN\u00c7A P\u00daBLICA DE CONCEI\u00c7\u00c3O DE MACABU."}, {"id": "141", "ano": "2017", "numero": "27", "tipo__sigla": "PLO", "tipo__descricao": "Projeto de Lei Ordin\u00e1ria", "autoria": "Prefeitura Municipal de Concei\u00e7\u00e3o de Macabu", "texto_original": "http://sapl.conceicaodemacabu.rj.leg.br/media/sapl/public/materialegislativa/2017/141/plo_27-2017_-_alterar_a_lei_municipal_no_1268_que_dispoe_sobre_o_plano_plurianual.pdf", "ementa": "AUTORIZA O PODER EXECUTIVO A ALTERAR A LEI MUNICIPAL N\u00ba 1268 QUE DISP\u00d5E SOBRE O PLANO PLURIANUAL PARA O PER\u00cdODO DE 2014 A 2017; ALTERAR A LEI MUNICIPAL N\u00ba 1438 QUE DISP\u00d5E SOBRE AS DIRETRIZES PARA A ELABORA\u00c7\u00c3O DA LEI OR\u00c7AMENT\u00c1RIA DE 2017 E ABRIR CR\u00c9DITO ESPECIAL NO OR\u00c7AMENTO DO EXERC\u00cdCIO FINANCEIRO DE 2017."}, {"id": "142", "ano": "2017", "numero": "28", "tipo__sigla": "PLO", "tipo__descricao": "Projeto de Lei Ordin\u00e1ria", "autoria": "Prefeitura Municipal de Concei\u00e7\u00e3o de Macabu", "texto_original": "http://sapl.conceicaodemacabu.rj.leg.br/media/sapl/public/materialegislativa/2017/142/plo_28-2021_-_plano_plurianual_para_o_periodo_de_2014_a_2017.pdf", "ementa": "AUTORIZA O PODER EXECUTIVO A ALTERAR A LEI MUNICIPAL N\u00ba 1268 QUE DISP\u00d5E SOBRE O PLANO PLURIANUAL  PARA O PER\u00cdODO DE 2014 A 2017; ALTERAR A LEI MUNICIPAL N\u00ba 1438 QUE DISP\u00d5E SOBRE AS DIRETRIZES PARA A ELABORA\u00c7\u00c3O DA LEI OR\u00c7AMENT\u00c1RIA DE 2017 E ABRIR CR\u00c9DITO ESPECIAL NO OR\u00c7AMENTO DO EXERC\u00cdCIO FINANCEIRO DE 2017."}, {"id": "143", "ano": "2017", "numero": "29", "tipo__sigla": "PLO", "tipo__descricao": "Projeto de Lei Ordin\u00e1ria", "autoria": "Prefeitura Municipal de Concei\u00e7\u00e3o de Macabu", "texto_original": "http://sapl.conceicaodemacabu.rj.leg.br/media/sapl/public/materialegislativa/2017/143/plo_29-2017_-_sobre_o_plano_plurianual_para_o_periodo_de_2014_a_2017.pdf", "ementa": "AUTORIZA O PODER EXECUTIVO A ALTERAR A LEI MUNICIPAL N\u00ba 1268 QUE DISP\u00d5E SOBRE O PLANO PLURIANUAL PARA O PER\u00cdODO DE 2014 A 2017; ALTERAR A LEI MUNICIPAL N\u00ba 1438 QUE DISP\u00d5E SOBRE AS DIRETRIZES PARA A ELABORA\u00c7\u00c3O DA LEI OR\u00c7AMENT\u00c1RIA DE 2017 E ABRIR CR\u00c9DITO ESPECIAL NO OR\u00c7AMENTO DO EXERC\u00cdCIO FINANCEIRO DE 2017."}, {"id": "145", "ano": "2017", "numero": "30", "tipo__sigla": "PLO", "tipo__descricao": "Projeto de Lei Ordin\u00e1ria", "autoria": "Barcelos Resina", "texto_original": "http://sapl.conceicaodemacabu.rj.leg.br/media/", "ementa": "CRIA CRIT\u00c9RIOS DE ACESSIBILIDADE A SER IMPLANTADO NO CEMIT\u00c9RIO MUNICIPAL E EM NOVOS CEMIT\u00c9RIOS P\u00daBLICOS OU PRIVADOS QUE VIEREM A SER IMPLANTADOS NO MUNIC\u00cdPIO."}, {"id": "158", "ano": "2017", "numero": "31", "tipo__sigla": "PLO", "tipo__descricao": "Projeto de Lei Ordin\u00e1ria", "autoria": "Messias", "texto_original": "http://sapl.conceicaodemacabu.rj.leg.br/media/sapl/public/materialegislativa/2017/158/plo_169-2017_-_instalacao_de_antenas.pdf", "ementa": "DISP\u00d5E SOBRE A INSTALA\u00c7\u00c3O DE ANTENAS TRANSMISSORAS DE R\u00c1DIO, TELEVIS\u00c3O, TELEFONIA CELULAR, TELECOMUNICA\u00c7\u00c3O EM GERAL E OUTRAS ANTENAS TRANSMISSORAS DE RADIA\u00c7\u00c3O ELETROMAGN\u00c9TICA E EQUIPAMENTOS AFINS, NO MUNIC\u00cdPIO DE CONCEI\u00c7\u00c3O DE MACABU, E D\u00c1 OUTRAS PROVID\u00caNCIAS."}, {"id": "161", "ano": "2017", "numero": "32", "tipo__sigla": "PLO", "tipo__descricao": "Projeto de Lei Ordin\u00e1ria", "autoria": "Toninho da Sa\u00fade", "texto_original": "http://sapl.conceicaodemacabu.rj.leg.br/media/sapl/public/materialegislativa/2017/161/plo_172-2017_-_incorporacao_em_cargo_comissionado.pdf", "ementa": "CRIA NO \u00c2MBITO DA C\u00c2MARA MUNICIPAL DE CONCEI\u00c7\u00c3O DE MACABU, A INCORPORA\u00c7\u00c3O EM CARGO COMISSIONADO, DEFINE CRIT\u00c9RIOS DE INCORPORA\u00c7\u00c3O DE VANTAGENS E D\u00c1 OUTRAS PROVID\u00caNCIAS."}, {"id": "204", "ano": "2017", "numero": "33", "tipo__sigla": "PLO", "tipo__descricao": "Projeto de Lei Ordin\u00e1ria", "autoria": "Paulo Henrique - PH", "texto_original": "http://sapl.conceicaodemacabu.rj.leg.br/media/sapl/public/materialegislativa/2017/204/plo_215-2017_-_denomina_rua.pdf", "ementa": "DENOMINA COMO APAR\u00cdCIO DOS SANTOS A RUA G DO LOTEAMENTO GAIVOTA QUE INTERLIGA A RODOVIA RJ 182 A ESTRADA GODOFREDO GUIMAR\u00c3ES TAVARES NA ENTRADA DO BAIRRO DA TRIBO."}, {"id": "199", "ano": "2017", "numero": "34", "tipo__sigla": "PLO", "tipo__descricao": "Projeto de Lei Ordin\u00e1ria", "autoria": "Barcelos Resina", "texto_original": "http://sapl.conceicaodemacabu.rj.leg.br/media/sapl/public/materialegislativa/2017/199/plo_210-2017_-_denomina_rua.pdf", "ementa": "DENOMINA COMO RUA SEBASTI\u00c3O ALVES DE MORAES A SEGUNDA RUA PARALELA (\u00c0 DIREITA - SUBIDA)A VIA P\u00daBLICA ARNOLD TAVARES CHAGAS, LOCALIZADA NO BAIRRO VILA NOVA - CONCEI\u00c7\u00c3O DE MACABU/RJ."}, {"id": "230", "ano": "2017", "numero": "35", "tipo__sigla": "PLO", "tipo__descricao": "Projeto de Lei Ordin\u00e1ria", "autoria": "Prefeitura Municipal de Concei\u00e7\u00e3o de Macabu", "texto_original": "http://sapl.conceicaodemacabu.rj.leg.br/media/./sapl/public/materialegislativa/2017/230/230_texto_integral.pdf", "ementa": "ALTERA A LEI N\u00ba 471/2001 DE 31 DE DEZEMBRO DE 2001, QUE DISP\u00d5E SOBRE O SISTEMA TRIBUT\u00c1RIO DO MUNIC\u00cdPIO, REVOGA A LEI N\u00ba 625/2004, E D\u00c1 OUTRAS PROVID\u00caNCIAS."}, {"id": "201", "ano": "2017", "numero": "36", "tipo__sigla": "PLO", "tipo__descricao": "Projeto de Lei Ordin\u00e1ria", "autoria": "Barcelos Resina", "texto_original": "http://sapl.conceicaodemacabu.rj.leg.br/media/sapl/public/materialegislativa/2017/201/plo_212-2017_-_denomina_rua.pdf", "ementa": "DENOMINA COMO MARCELLO DOS SANTOS SILVA, A SALA MULTIM\u00cdDIA SEDIADA NA CASA DA CULTURA PROFESSOR ADELINO CAMPOS TAVARES, SITUADA A RUA ANT\u00d4NIO LOPES DE OLIVEIRA, N\u00ba 40, CENTRO - CONCEI\u00c7\u00c3O DE MACABU/RJ."}, {"id": "202", "ano": "2017", "numero": "37", "tipo__sigla": "PLO", "tipo__descricao": "Projeto de Lei Ordin\u00e1ria", "autoria": "Barcelos Resina", "texto_original": "http://sapl.conceicaodemacabu.rj.leg.br/media/sapl/public/materialegislativa/2017/202/plo_213-2017_-_denomina_rua.pdf", "ementa": "DENOMINA COMO RUA AMARISA ALVES DOS SANTOS MORAES, A PRIMEIRA RUA PARALELA (\u00c0 DIREITA - SUBIDA) A VIA P\u00daBLICA ARNOLD TAVARES CHAGAS, LOCALIZADA NO BAIRRO VILA NOVA - CONCEI\u00c7\u00c3O DE MACABU/RJ."}, {"id": "206", "ano": "2017", "numero": "38", "tipo__sigla": "PLO", "tipo__descricao": "Projeto de Lei Ordin\u00e1ria", "autoria": "Prefeitura Municipal de Concei\u00e7\u00e3o de Macabu", "texto_original": "http://sapl.conceicaodemacabu.rj.leg.br/media/sapl/public/materialegislativa/2017/206/plo_217-2017_-_credito_especial.pdf", "ementa": "DISP\u00d5E SOBRE AUTORIZA\u00c7\u00c3O PARA O CHEFE DO PODER EXECUTIVO ABRIR CR\u00c9DITO ESPECIAL NA IMPORT\u00c2NCIA DE R$ 750.000,00 (SETECENTOS E CINQUENTA MIL REAIS), PARA FAZER FACE A EXECU\u00c7\u00c3O DA A\u00c7\u00c3O DO OR\u00c7AMENTO DA PREFEITURA MUNICIPAL DE CONCEI\u00c7\u00c3O DE MACABU."}, {"id": "209", "ano": "2017", "numero": "39", "tipo__sigla": "PLO", "tipo__descricao": "Projeto de Lei Ordin\u00e1ria", "autoria": "Prefeitura Municipal de Concei\u00e7\u00e3o de Macabu", "texto_original": "http://sapl.conceicaodemacabu.rj.leg.br/media/sapl/public/materialegislativa/2017/209/plo_220-2017_-_plano_plurianual__periodo_de_2018-2021..pdf", "ementa": "DISP\u00d5E SOBRE O PLANO PLURIANUAL - PPA - PARA O PER\u00cdODO DE 2018-2021."}, {"id": "210", "ano": "2017", "numero": "40", "tipo__sigla": "PLO", "tipo__descricao": "Projeto de Lei Ordin\u00e1ria", "autoria": "Prefeitura Municipal de Concei\u00e7\u00e3o de Macabu", "texto_original": "http://sapl.conceicaodemacabu.rj.leg.br/media/sapl/public/materialegislativa/2017/210/plo_40-2017_-_estima_a_receita_e_fixa_a_despesa_do_municipio.pdf", "ementa": "ESTIMA A RECEITA E FIXA A DESPESA DO MUNIC\u00cdPIO DE CONCEI\u00c7\u00c3O DE MACABU PARA O EXERC\u00cdCIO DE 2018."}, {"id": "211", "ano": "2017", "numero": "41", "tipo__sigla": "PLO", "tipo__descricao": "Projeto de Lei Ordin\u00e1ria", "autoria": "Prefeitura Municipal de Concei\u00e7\u00e3o de Macabu", "texto_original": "http://sapl.conceicaodemacabu.rj.leg.br/media/./sapl/public/materialegislativa/2017/211/211_texto_integral.pdf", "ementa": "INSTITUI E DISP\u00d5E SOBRE A CONTRIBUI\u00c7\u00c3O PARA CUSTEIO DO SERVI\u00c7O DE ILUMINA\u00c7\u00c3O P\u00daBLICA PREVISTA NO ART. 194-A DA CONSTITUI\u00c7\u00c3O FEDERAL, E REVOGA AS LEIS MUNICIPAIS N\u00ba 564/2002, N\u00ba 613/2003 E N\u00ba 661/2004."}, {"id": "218", "ano": "2017", "numero": "43", "tipo__sigla": "PLO", "tipo__descricao": "Projeto de Lei Ordin\u00e1ria", "autoria": "Dr. Fernando", "texto_original": "http://sapl.conceicaodemacabu.rj.leg.br/media/", "ementa": "DISP\u00d5E SOBRE A DENOMINA\u00c7\u00c3O DE PR\u00c9DIO P\u00daBLICO E D\u00c1 OUTRAS PROVID\u00caNCIAS. DENOMINA COMO PA\u00c7O MUNICIPAL CL\u00c1UDIO MOACYR DE AZEVEDO, O PR\u00c9DIO PRINCIPAL QUE SEDIA A PREFEITURA DE CONCEI\u00c7\u00c3O DE MACABU, SITUADA A RUA MARIA ADELAIDE, N\u00ba 286, BAIRRO VILA NOVA &#8211; CONCEI\u00c7\u00c3O DE MACABU/RJ."}, {"id": "213", "ano": "2017", "numero": "44", "tipo__sigla": "PLO", "tipo__descricao": "Projeto de Lei Ordin\u00e1ria", "autoria": "Prefeitura Municipal de Concei\u00e7\u00e3o de Macabu", "texto_original": "http://sapl.conceicaodemacabu.rj.leg.br/media/sapl/public/materialegislativa/2017/213/plo_44-2017_-_institui_a_gratificacao_de_incentivo_a_arrecadacao_fiscal_giaf.pdf", "ementa": "INSTITUI A GRATIFICA\u00c7\u00c3O DE INCENTIVO A ARRECADA\u00c7\u00c3O FISCAL (GIAF)."}, {"id": "216", "ano": "2017", "numero": "45", "tipo__sigla": "PLO", "tipo__descricao": "Projeto de Lei Ordin\u00e1ria", "autoria": "Dr. Fernando", "texto_original": "http://sapl.conceicaodemacabu.rj.leg.br/media/sapl/public/materialegislativa/2017/216/plo_227-2017_-_instalacao_de_sistema_de_cameras_de_seguranca.pdf", "ementa": "DISP\u00d5E SOBRE OBRIGATORIEDADE DE INSTALA\u00c7\u00c3O DE SISTEMA DE C\u00c2MERAS DE SEGURAN\u00c7A, NOS ESTABELECIMENOS COMERCIAIS COM MAIS DE 05 FUNCION\u00c1RIOS, NAS AG\u00caNCIAS BANC\u00c1RIAS E CORRESPONDENTES BANC\u00c1RIOS, NA \u00c1REA DO PER\u00cdMETRO URBANO DO MUNIC\u00cdPIO DE CONCEI\u00c7\u00c3O DE MACABU."}, {"id": "224", "ano": "2017", "numero": "47", "tipo__sigla": "PLO", "tipo__descricao": "Projeto de Lei Ordin\u00e1ria", "autoria": "Sandro Daumas", "texto_original": "http://sapl.conceicaodemacabu.rj.leg.br/media/sapl/public/materialegislativa/2017/224/plo_047-2017_-_legislativo04072018.pdf", "ementa": "DISP\u00d5E SOBRE A OBRIGATORIEDADE DE INSTALA\u00c7\u00c3O DE DISPOSITIVOS DE SEGURAN\u00c7A EM \u00c1REAS DE PISCINAS E D\u00c1 OUTRAS PROVID\u00caNCIAS."}, {"id": "222", "ano": "2017", "numero": "48", "tipo__sigla": "PLO", "tipo__descricao": "Projeto de Lei Ordin\u00e1ria", "autoria": "", "texto_original": "http://sapl.conceicaodemacabu.rj.leg.br/media/sapl/public/materialegislativa/2017/222/plo_233-2017_-_proibicao_de_uso_de_cigarro_.pdf", "ementa": "DISP\u00d5E SOBRE PROIBI\u00c7\u00c3O DE USO DE CIGARRO, CIGARRILHAS, CACHIMBOS OU QUALQUER OUTRO PRODUTO FUM\u00cdGENO, DERIVADO OU N\u00c3O DO TABACO, EM PARQUES DE RECREA\u00c7\u00c3O INFANTIL E QUADRA DE ESPORTES NO MUNIC\u00cdPIO DE CONCEI\u00c7\u00c3O DE MACABU."}, {"id": "229", "ano": "2017", "numero": "49", "tipo__sigla": "PLO", "tipo__descricao": "Projeto de Lei Ordin\u00e1ria", "autoria": "Nath\u00e1lia Braga", "texto_original": "http://sapl.conceicaodemacabu.rj.leg.br/media/sapl/public/materialegislativa/2017/229/plo_240-2017_-_institui_dia_municipal.pdf", "ementa": "INSTITUI O DIA MUNICIPAL DE MOBILIZA\u00c7\u00c3O PELO FIM DA VIOL\u00caNCIA CONTRA A MULHER."}, {"id": "238", "ano": "2017", "numero": "50", "tipo__sigla": "PLO", "tipo__descricao": "Projeto de Lei Ordin\u00e1ria", "autoria": "Toninho da Sa\u00fade", "texto_original": "http://sapl.conceicaodemacabu.rj.leg.br/media/sapl/public/materialegislativa/2017/238/plo_249-2017_-_credito_suplementar.pdf", "ementa": "AUTORIZA O CHEFE DO PODER EXECUTIVO A ABRIR CR\u00c9DITO SUPLEMENTAR NA IMPORT\u00c2NCIA DE R$ 89.500,00 (OITENTA E NOVE MIL E QUINHENTOS REAIS) PARA REFOR\u00c7O DAS DOTA\u00c7\u00d5ES OR\u00c7AMENT\u00c1RIAS DA C\u00c2MARA MUNICIPAL DE CONCEI\u00c7\u00c3O DE MACABU."}, {"id": "239", "ano": "2017", "numero": "51", "tipo__sigla": "PLO", "tipo__descricao": "Projeto de Lei Ordin\u00e1ria", "autoria": "Paulo Henrique - PH", "texto_original": "http://sapl.conceicaodemacabu.rj.leg.br/media/sapl/public/materialegislativa/2017/239/plo_251-2017_-__inclusao_da_tematica_contra_a_violencia_as_mulheres_no_curriculo_escolar.pdf", "ementa": "DISP\u00d5E SOBRE A INCLUS\u00c3O DA TEM\u00c1TICA CONTRA A VIOL\u00caNCIA \u00c0S MULHERES NO CURR\u00cdCULO ESCOLAR DAS UNIDADES MUNICIPAIS E PARTICULARES DE ENSINO."}, {"id": "240", "ano": "2017", "numero": "52", "tipo__sigla": "PLO", "tipo__descricao": "Projeto de Lei Ordin\u00e1ria", "autoria": "Paulo Henrique - PH", "texto_original": "http://sapl.conceicaodemacabu.rj.leg.br/media/sapl/public/materialegislativa/2017/240/plo_252-2017_-_punicao_aos_estabelecimentos_que_restringem_o_direito_da_mulher_.pdf", "ementa": "DISP\u00d5E SOBRE A PUNI\u00c7\u00c3O AOS ESTABELECIMENTOS QUE RESTRINGEM O DIREITO DA MULHER AO EMPREGO E D\u00c1 OUTRAS PROVID\u00caNCIAS."}, {"id": "242", "ano": "2017", "numero": "53", "tipo__sigla": "PLO", "tipo__descricao": "Projeto de Lei Ordin\u00e1ria", "autoria": "Prefeitura Municipal de Concei\u00e7\u00e3o de Macabu", "texto_original": "http://sapl.conceicaodemacabu.rj.leg.br/media/./sapl/public/materialegislativa/2017/242/242_texto_integral.pdf", "ementa": "DISP\u00d5E SOBRE A ALTERA\u00c7\u00c3O DA LEI MUNICIPAL N\u00ba 566/2002 DE 30 DE DEZEMBRO DE 2002 E D\u00c1 OUTRAS PROVID\u00caNCIAS. "}, {"id": "251", "ano": "2017", "numero": "54", "tipo__sigla": "PLO", "tipo__descricao": "Projeto de Lei Ordin\u00e1ria", "autoria": "Prefeitura Municipal de Concei\u00e7\u00e3o de Macabu", "texto_original": "http://sapl.conceicaodemacabu.rj.leg.br/media/sapl/public/materialegislativa/2017/251/plo_54-2017_-_plano_plurianual_para_o_periodo_de_2014_a_2017.pdf", "ementa": "AUTORIZA O PODER EXECUTIVO A ALTERAR A LEI MUNICIPAL N\u00ba 1268 QUE DISP\u00d5E SOBRE O PLANO PLURIANUAL PARA O PER\u00cdODO DE 2014 A 2017; ALTERAR A LEI MUNICIPAL N\u00ba 1.438 QUE DISP\u00d5E SOBRE AS DIRETRIZES PARA A ELABORA\u00c7\u00c3O DA LEI OR\u00c7AMENT\u00c1RIA DE 2017 E ABRIR CR\u00c9DITO ESPECIAL NO OR\u00c7AMENTO NO EXERC\u00cdCIO FINANCEIRO DE 2017."}, {"id": "273", "ano": "2017", "numero": "55", "tipo__sigla": "PLO", "tipo__descricao": "Projeto de Lei Ordin\u00e1ria", "autoria": "Valmir Lessa", "texto_original": "http://sapl.conceicaodemacabu.rj.leg.br/media/sapl/public/materialegislativa/2017/273/plo_286-2017_-_atendimento_prioritario_as_pessoas_com_deficiencia.pdf", "ementa": "DISP\u00d5E SOBRE O ATENDIMENTO PRIORIT\u00c1RIO \u00c0S PESSOAS COM DEFICI\u00caNCIA F\u00cdSICA, OS IDOSOS, AS GESTANTES, AS LACTANTES, AS PESSOAS COM CRIAN\u00c7AS DE COLO E OS OBESOS, EM ESTABELECIMENTOS COMERCIAIS E REPARTI\u00c7\u00d5ES P\u00daBLICAS NO MUNIC\u00cdPIO DE CONCEI\u00c7\u00c3O DE MACABU/RJ."}, {"id": "276", "ano": "2017", "numero": "56", "tipo__sigla": "PLO", "tipo__descricao": "Projeto de Lei Ordin\u00e1ria", "autoria": "Prefeitura Municipal de Concei\u00e7\u00e3o de Macabu", "texto_original": "http://sapl.conceicaodemacabu.rj.leg.br/media/sapl/public/materialegislativa/2017/276/plo_289-2017_-_criacao_de_03_vagas_para_o_cargo_de_servente_de_obras.pdf", "ementa": "DISP\u00d5E SOBRE A CRIA\u00c7\u00c3O DE 03 (TR\u00caS) VAGAS PARA O CARGO DE SERVENTE DE OBRAS, DE PROVIMENTO EFETIVO, ORIUNDO DO CONCURSO P\u00daBLICO 01/2014, NO \u00c2MBITO DA ADMINISTRA\u00c7\u00c3O P\u00daBLICA MUNICIPAL E D\u00c1 OUTRAS PROVID\u00caNCIAS."}, {"id": "271", "ano": "2017", "numero": "57", "tipo__sigla": "PLO", "tipo__descricao": "Projeto de Lei Ordin\u00e1ria", "autoria": "Toninho da Sa\u00fade", "texto_original": "http://sapl.conceicaodemacabu.rj.leg.br/media/sapl/public/materialegislativa/2017/271/plo_284-2017_-_denominacao_de_vias_publicas.pdf", "ementa": "DISP\u00d5E SOBRE A DENOMINA\u00c7\u00c3O DE VIAS P\u00daBLICAS E D\u00c1 OUTRAS PROVID\u00caNCIAS. DENOMINA A ESTRADA RURAL DA AMOROSA, QUE SE INICIA AS MARGENS DA RODOVIA RJ 182 E TERMINA NA PONTE DE ACESSO AO MUNIC\u00cdPIO DE TRAJANO DE MORAES, COMO ESTRADA MARIA DAS DORES NASCIMENTO."}, {"id": "277", "ano": "2017", "numero": "58", "tipo__sigla": "PLO", "tipo__descricao": "Projeto de Lei Ordin\u00e1ria", "autoria": "Prefeitura Municipal de Concei\u00e7\u00e3o de Macabu", "texto_original": "http://sapl.conceicaodemacabu.rj.leg.br/media/sapl/public/materialegislativa/2017/277/plo_290-2017_-__criacao_de_02_vagas_para_o_cargo_de_pedagogo.pdf", "ementa": "DISP\u00d5E SOBRE A CRIA\u00c7\u00c3O DE 02 (DUAS) VAGAS PARA O CARGO DE PEDAGOGO, DE PROVIMENTO EFETIVO, ORIUNDO DO CONCURSO P\u00daBLICO 01/2014, NO \u00c2MBITO DA ADMINISTRA\u00c7\u00c3O P\u00daBLICA MUNICIPAL E D\u00c1 OUTRAS PROVID\u00caNCIAS."}, {"id": "278", "ano": "2017", "numero": "59", "tipo__sigla": "PLO", "tipo__descricao": "Projeto de Lei Ordin\u00e1ria", "autoria": "Prefeitura Municipal de Concei\u00e7\u00e3o de Macabu", "texto_original": "http://sapl.conceicaodemacabu.rj.leg.br/media/./sapl/public/materialegislativa/2017/278/278_texto_integral.pdf", "ementa": "INSTITUI A GRATIFICA\u00c7\u00c3O DE APOIO PEDAG\u00d3GICO (GRAAPED) PARA OS CARGOS DE SUPERVISOR EDUCACIONAL, ORIENTADOR PEDAG\u00d3GICO E ORIENTADOR EDUCACIONAL, NO \u00c2MBITO DA PREFEITURA MUNICIPAL DE CONCEI\u00c7\u00c3O DE MACABU, E D\u00c1 OUTRAS PROVID\u00caNCIAS."}, {"id": "279", "ano": "2017", "numero": "60", "tipo__sigla": "PLO", "tipo__descricao": "Projeto de Lei Ordin\u00e1ria", "autoria": "Prefeitura Municipal de Concei\u00e7\u00e3o de Macabu", "texto_original": "http://sapl.conceicaodemacabu.rj.leg.br/media/./sapl/public/materialegislativa/2017/279/279_texto_integral.pdf", "ementa": "DISP\u00d5E SOBRE O SUAS (SISTEMA \u00daNICO DE ASSIST\u00caNCIA SOCIAL) DO MUNIC\u00cdPIO DE CONCEI\u00c7\u00c3O DE MACABU E D\u00c1 OUTRAS PROVID\u00caNCIAS."}, {"id": "280", "ano": "2017", "numero": "61", "tipo__sigla": "PLO", "tipo__descricao": "Projeto de Lei Ordin\u00e1ria", "autoria": "Prefeitura Municipal de Concei\u00e7\u00e3o de Macabu", "texto_original": "http://sapl.conceicaodemacabu.rj.leg.br/media/sapl/public/materialegislativa/2017/280/plo_293.2017_-_altera_simbologia_de_cargos.pdf", "ementa": "ALTERA A SIMBOLOGIA DE CARGOS DE PROVIMENTO EM COMISS\u00c3O DA PROCURADORIA GERAL DO MUNIC\u00cdPIO, E D\u00c1 OUTRAS PROVID\u00caNCIAS."}, {"id": "281", "ano": "2017", "numero": "62", "tipo__sigla": "PLO", "tipo__descricao": "Projeto de Lei Ordin\u00e1ria", "autoria": "Prefeitura Municipal de Concei\u00e7\u00e3o de Macabu", "texto_original": "http://sapl.conceicaodemacabu.rj.leg.br/media/sapl/public/materialegislativa/2017/281/plo_62-2017_-_altera_a_simbologia_de_cargos_de_provimento_em_comissao_da_secretaria_municipal_de_pro.pdf", "ementa": "ALTERA A SIMBOLOGIA DE CARGOS DE PROVIMENTO EM COMISS\u00c3O DA SECRETARIA MUNICIPAL DE PROMO\u00c7\u00c3O E DESENVOLVIMENTO SOCIAL A DA SECRETARIA MUNICIPAL DE ADMINISTRA\u00c7\u00c3O, E D\u00c1 OUTRAS PROVID\u00caNCIAS."}, {"id": "282", "ano": "2017", "numero": "63", "tipo__sigla": "PLO", "tipo__descricao": "Projeto de Lei Ordin\u00e1ria", "autoria": "Prefeitura Municipal de Concei\u00e7\u00e3o de Macabu", "texto_original": "http://sapl.conceicaodemacabu.rj.leg.br/media/sapl/public/materialegislativa/2017/282/plo_63-2017_-_criacao_de_cargos_de_provimento_em_comissao_no_ambito_da_prefeitura.pdf", "ementa": "DISP\u00d5E SOBRE A CRIA\u00c7\u00c3O DE CARGOS DE PROVIMENTO EM COMISS\u00c3O, NO \u00c2MBITO DA PREFEITURA MUNICIPAL DE CONCEI\u00c7\u00c3O DE MACABU, E D\u00c1 OUTRAS PROVID\u00caNCIAS."}, {"id": "283", "ano": "2017", "numero": "64", "tipo__sigla": "PLO", "tipo__descricao": "Projeto de Lei Ordin\u00e1ria", "autoria": "Prefeitura Municipal de Concei\u00e7\u00e3o de Macabu", "texto_original": "http://sapl.conceicaodemacabu.rj.leg.br/media/sapl/public/materialegislativa/2017/283/plo_296-2017_-_extincao_e_criacao_de_cargos_em_comissao.pdf", "ementa": "DISP\u00d5E SOBRE A EXTIN\u00c7\u00c3O E CRIA\u00c7\u00c3O DE CARGOS DE PROVIMENTO EM COMISS\u00c3O, NO \u00c2MBITO DA PREFEITURA MUNICIPAL DE CONCEI\u00c7\u00c3O DE MACABU, E D\u00c1 OUTRAS PROVID\u00caNCIAS."}, {"id": "288", "ano": "2017", "numero": "65", "tipo__sigla": "PLO", "tipo__descricao": "Projeto de Lei Ordin\u00e1ria", "autoria": "Sandro Daumas", "texto_original": "http://sapl.conceicaodemacabu.rj.leg.br/media/sapl/public/materialegislativa/2017/288/plo_301-2017_-_proibicao_de_inauguracao_de_obra_publica_municipal_incompleta.pdf", "ementa": "DISP\u00d5E SOBRE A PROIBI\u00c7\u00c3O DE INAUGURA\u00c7\u00c3O DE OBRA P\u00daBLICA MUNICIPAL INCOMPLETA OU QUE, EMBORA CONCLU\u00cdDA, N\u00c3O ATENDA AO FIM A QUE SE DESTINAM."}, {"id": "309", "ano": "2017", "numero": "66", "tipo__sigla": "PLO", "tipo__descricao": "Projeto de Lei Ordin\u00e1ria", "autoria": "Toninho Barcelos Messias Andr\u00e9 Nath\u00e1lia", "texto_original": "http://sapl.conceicaodemacabu.rj.leg.br/media/sapl/public/materialegislativa/2017/309/plo_066-2017_-_reajusta_o_valor_do_auxilio_alimentacao_dos_servidores_da_camara.pdf", "ementa": "REAJUSTA O VALOR DO AUX\u00cdLIO ALIMENTA\u00c7\u00c3O DOS SERVIDORES DA C\u00c2MARA MUNICIPAL DE CONCEI\u00c7\u00c3O DE MACABU, PREVISTO NA LEI MUNICIPAL N\u00ba 1.357/2015 COM AS ALTERA\u00c7\u00d5ES DADAS PELA LEI MUNICIPAL N\u00ba 1.455/2017."}, {"id": "115", "ano": "2017", "numero": "1", "tipo__sigla": "PDL", "tipo__descricao": "Projeto de Decreto Legislativo", "autoria": "Toninho da Sa\u00fade", "texto_original": "http://sapl.conceicaodemacabu.rj.leg.br/media/./sapl/public/materialegislativa/2017/115/115_texto_integral.pdf", "ementa": "CONSIDERA PONTO FACULTATIVO O DIA 16 DE JUNHO DE 2017 EM VIRTUDE DO FERIADO DE CORPUS CHRISTI, E D\u00c1 OUTRAS PROVID\u00caNCIAS."}, {"id": "188", "ano": "2017", "numero": "2", "tipo__sigla": "PDL", "tipo__descricao": "Projeto de Decreto Legislativo", "autoria": "Toninho da Sa\u00fade", "texto_original": "http://sapl.conceicaodemacabu.rj.leg.br/media/sapl/public/materialegislativa/2017/188/plo_199-2017_-_estabelece_normas_para_o_controle_de_bens_patrimoniais_da_camara.pdf", "ementa": "ESTABELECE NORMAS PARA O CONTROLE DE BENS PATRIMONIAIS DA C\u00c2MARA MUNICIPAL DE CONCEI\u00c7\u00c3O DE MACABU, E D\u00c1 OUTRAS PROVID\u00caNCIAS."}, {"id": "302", "ano": "2017", "numero": "3", "tipo__sigla": "PDL", "tipo__descricao": "Projeto de Decreto Legislativo", "autoria": "Toninho Barcelos Messias Andr\u00e9 Nath\u00e1lia", "texto_original": "http://sapl.conceicaodemacabu.rj.leg.br/media/./sapl/public/materialegislativa/2017/302/302_texto_integral.pdf", "ementa": "DISP\u00d5E SOBRE A APROVA\u00c7\u00c3O DAS CONTAS DO GOVERNO DO PODER EXECUTIVO DO MUNIC\u00cdPIO DE CONCEI\u00c7\u00c3O DE MACABU, REFERENTE AO EXERC\u00cdCIO DE 2016, DE RESPONSABILIDADE DO SENHOR CL\u00c1UDIO EDUARDO BARBOSA LINHARES"}, {"id": "45", "ano": "2017", "numero": "1", "tipo__sigla": "PRL", "tipo__descricao": "Projeto de Resolu\u00e7\u00e3o Legislativa", "autoria": "Toninho Barcelos Messias Andr\u00e9 Nath\u00e1lia", "texto_original": "http://sapl.conceicaodemacabu.rj.leg.br/media/sapl/public/materialegislativa/2017/45/pre_001-2017.pdf", "ementa": "ALTERA A RESOLU\u00c7\u00c3O N\u00ba 022 DE 28 DE JUNHO DE 1991, QUE ESTABELECE O REGIMENTO INTERNO DA C\u00c2MARA MUNICIPAL DE CONCEI\u00c7\u00c3O DE MACABU, E DA OUTRAS PROVID\u00caNCIAS."}, {"id": "26", "ano": "2017", "numero": "2", "tipo__sigla": "PRL", "tipo__descricao": "Projeto de Resolu\u00e7\u00e3o Legislativa", "autoria": "Toninho da Sa\u00fade", "texto_original": "http://sapl.conceicaodemacabu.rj.leg.br/media/sapl/public/materialegislativa/2017/26/pre_002-2017_-_titulo_de_cidadao_macabuense.pdf", "ementa": "RESOLU\u00c7\u00c3O QUE CONCEDE T\u00cdTULO DE CIDAD\u00c3O MACABUENSE AO SR. MARCIO TEIXEIRA BARRETO."}, {"id": "25", "ano": "2017", "numero": "3", "tipo__sigla": "PRL", "tipo__descricao": "Projeto de Resolu\u00e7\u00e3o Legislativa", "autoria": "Toninho da Sa\u00fade", "texto_original": "http://sapl.conceicaodemacabu.rj.leg.br/media/sapl/public/materialegislativa/2017/25/pre_000003.pdf", "ementa": "RESOLU\u00c7\u00c3O QUE CONCEDE T\u00cdTULO DE CIDAD\u00c3O MACABUENSE AO SR. CIRO HENRIQUE MACHADO LOPES DE OLIVEIRA."}, {"id": "29", "ano": "2017", "numero": "4", "tipo__sigla": "PRL", "tipo__descricao": "Projeto de Resolu\u00e7\u00e3o Legislativa", "autoria": "Toninho da Sa\u00fade", "texto_original": "http://sapl.conceicaodemacabu.rj.leg.br/media/sapl/public/materialegislativa/2017/29/pre_004-2017_-_concede_titulo_de_cidadao_macabuense_ao_sr_antonio_teles_da_silva.pdf", "ementa": "RESOLU\u00c7\u00c3O QUE CONCEDE T\u00cdTULO DE CIDAD\u00c3O MACABUENSE AO SR. ANT\u00d4NIO TELES DA SILVA"}, {"id": "24", "ano": "2017", "numero": "6", "tipo__sigla": "PRL", "tipo__descricao": "Projeto de Resolu\u00e7\u00e3o Legislativa", "autoria": "Barcelos Resina", "texto_original": "http://sapl.conceicaodemacabu.rj.leg.br/media/sapl/public/materialegislativa/2017/24/pre_006-2017_-_concede_diploma_de_honra_ao_metito_aos_protetores_de_animais_de_macabu_pama.pdf", "ementa": "RESOLU\u00c7\u00c3O QUE CONCEDE DIPLOMA DE HONRA AO M\u00c9RITO AOS PROTETORES DE ANIMAIS DE MACABU (PAMA)."}, {"id": "22", "ano": "2017", "numero": "7", "tipo__sigla": "PRL", "tipo__descricao": "Projeto de Resolu\u00e7\u00e3o Legislativa", "autoria": "Barcelos Resina", "texto_original": "http://sapl.conceicaodemacabu.rj.leg.br/media/sapl/public/materialegislativa/2017/22/pre_007-2017_-_concede_titulod_e_cidadao_macabuense_celso_borges_leal.pdf", "ementa": "RESOLU\u00c7\u00c3O QUE CONCEDE T\u00cdTULO DE CIDAD\u00c3O MACABUENSE AO SR. CELSO BORGES LEAL, SARGENTO DA POL\u00cdCIA MILITAR DO ESTADO DO RIO DE JANEIRO."}, {"id": "75", "ano": "2017", "numero": "8", "tipo__sigla": "PRL", "tipo__descricao": "Projeto de Resolu\u00e7\u00e3o Legislativa", "autoria": "Barcelos Resina", "texto_original": "http://sapl.conceicaodemacabu.rj.leg.br/media/sapl/public/materialegislativa/2017/75/pre_008-2017_-_concede_titulo_de_cidadao_macabuense_ao_senhor_vivaldo_vieira_barbosa.pdf", "ementa": "CONCEDE T\u00cdTULO DE CIDAD\u00c3O MACABUENSE AO SENHOR VIVALDO VIEIRA BARBOSA."}, {"id": "74", "ano": "2017", "numero": "9", "tipo__sigla": "PRL", "tipo__descricao": "Projeto de Resolu\u00e7\u00e3o Legislativa", "autoria": "Barcelos Resina", "texto_original": "http://sapl.conceicaodemacabu.rj.leg.br/media/sapl/public/materialegislativa/2017/74/pre_009-2017_-_concede_diploma_de_honra_ao_merito_a_senhora_elizabeth_nunes_berbat.pdf", "ementa": "CONCEDE DIPLOMA DE HONRA AO M\u00c9RITO A SENHORA ELIZABETH NUNES BERBAT, PELOS RELEVANTES TRABALHOS PRESTADOS NA \u00c1REA DA EDUCA\u00c7\u00c3O."}, {"id": "23", "ano": "2017", "numero": "10", "tipo__sigla": "PRL", "tipo__descricao": "Projeto de Resolu\u00e7\u00e3o Legislativa", "autoria": "Barcelos Resina", "texto_original": "http://sapl.conceicaodemacabu.rj.leg.br/media/sapl/public/materialegislativa/2017/23/pre_010-2017_-_concede_titulo_de_cidadao_macabuense_ao_sr._jorge_henrique_feijo_dubois.pdf", "ementa": "RESOLU\u00c7\u00c3O QUE CONCEDE T\u00cdTULO DE CIDAD\u00c3O MACABUENSE AO SR. JORGE HENRIQUE FEIJ\u00d3 DUB\u00d3IS, CABO DA POL\u00cdTICA MILITAR DO ESTADO DO RIO DE JANEIRO."}, {"id": "73", "ano": "2017", "numero": "11", "tipo__sigla": "PRL", "tipo__descricao": "Projeto de Resolu\u00e7\u00e3o Legislativa", "autoria": "Messias", "texto_original": "http://sapl.conceicaodemacabu.rj.leg.br/media/sapl/public/materialegislativa/2017/73/pre_011-2017_-_concede_titulo_de_cidadao_macabuense_ao_senhor_gilberto_freitas_paixao..pdf", "ementa": "CONCEDE T\u00cdTULO DE CIDAD\u00c3O MACABUENSE AO SENHOR GILBERTO FREITAS PAIX\u00c3O."}, {"id": "53", "ano": "2017", "numero": "13", "tipo__sigla": "PRL", "tipo__descricao": "Projeto de Resolu\u00e7\u00e3o Legislativa", "autoria": "Paulo Henrique - PH", "texto_original": "http://sapl.conceicaodemacabu.rj.leg.br/media/sapl/public/materialegislativa/2017/53/pre_013_-_2017_-_concede_titulo_de_cidada_macabuense_a_monalisa_fagundes.pdf", "ementa": "CONCEDE T\u00cdTULO DE CIDAD\u00c3 MACABUENSE \u00c0 SENHORITA MONALISA FAGUNDES, JORNALISTA, EDITORA-CHEFE DO DI\u00c1RIO OFICIAL DA PREFEITURA DE CONCEI\u00c7\u00c3O DE MACABU"}, {"id": "55", "ano": "2017", "numero": "14", "tipo__sigla": "PRL", "tipo__descricao": "Projeto de Resolu\u00e7\u00e3o Legislativa", "autoria": "Paulo Henrique - PH", "texto_original": "http://sapl.conceicaodemacabu.rj.leg.br/media/./sapl/public/materialegislativa/2017/55/55_texto_integral.pdf", "ementa": "CONCEDE T\u00cdTULO DE HONRA AO M\u00c9RITO AO SENHOR PAULINO LEAL CARDOSO, EX-VEREADOR, EX-SECRET\u00c1RIO MUNICIPAL DE AGRICULTURA, EX-PRESIDENTE DA ASSOCIA\u00c7\u00c3O DE PAIS E AMIGOS DOS EXCEPCIONAIS (APAE) DE CONCEI\u00c7\u00c3O DE MACABU."}, {"id": "54", "ano": "2017", "numero": "15", "tipo__sigla": "PRL", "tipo__descricao": "Projeto de Resolu\u00e7\u00e3o Legislativa", "autoria": "Paulo Henrique - PH", "texto_original": "http://sapl.conceicaodemacabu.rj.leg.br/media/./sapl/public/materialegislativa/2017/54/54_texto_integral.pdf", "ementa": "CONCEDE T\u00cdTULO DE HONRA AO M\u00c9RITO AO SENHOR NILTON CUNHA TEIXEIRA, SERVIDOR P\u00daBLICO DO MUNIC\u00cdPIO DE CONCEI\u00c7\u00c3O DE MACABU."}, {"id": "21", "ano": "2017", "numero": "17", "tipo__sigla": "PRL", "tipo__descricao": "Projeto de Resolu\u00e7\u00e3o Legislativa", "autoria": "Sandro Daumas", "texto_original": "http://sapl.conceicaodemacabu.rj.leg.br/media/sapl/public/materialegislativa/2017/21/pre_017_-_2017_-__concede_diploma_de_honra_ao_merito_a_maria_de_fatima_pacheco.pdf", "ementa": "PROJETO DE RESOLU\u00c7\u00c3O QUE CONCEDE DIPLOMA DE HONRA AO M\u00c9RITO A EXM\u00aa SR\u00aa MARIA DE F\u00c1TIMA PACHECO, PREFEITA DO MUNIC\u00cdPIO DE QUISSAM\u00c3."}, {"id": "30", "ano": "2017", "numero": "18", "tipo__sigla": "PRL", "tipo__descricao": "Projeto de Resolu\u00e7\u00e3o Legislativa", "autoria": "Toninho da Sa\u00fade", "texto_original": "http://sapl.conceicaodemacabu.rj.leg.br/media/sapl/public/materialegislativa/2017/30/pre_019-2017_-_concede_titulo_de_cidadao_macabuense_a_rodrigo_freire_viana.pdf", "ementa": "RESOLU\u00c7\u00c3O QUE CONCEDE T\u00cdTULO DE CIDAD\u00c3O MACABUENSE AO SR. RAFAEL JARDIM, PRESIDENTE DA C\u00c2MARA MUNICIPAL DE CASIMIRO DE ABREU."}, {"id": "31", "ano": "2017", "numero": "19", "tipo__sigla": "PRL", "tipo__descricao": "Projeto de Resolu\u00e7\u00e3o Legislativa", "autoria": "Toninho da Sa\u00fade", "texto_original": "http://sapl.conceicaodemacabu.rj.leg.br/media/./sapl/public/materialegislativa/2017/31/31_texto_integral.pdf", "ementa": "RESOLU\u00c7\u00c3O QUE CONCEDE T\u00cdTULO DE CIDAD\u00c3O MACABUENSE AO SR. RODRIGO FREIRE VIANA, PREFEITO DO MUNIC\u00cdPIO DE TRAJANO DE MOARES."}, {"id": "33", "ano": "2017", "numero": "20", "tipo__sigla": "PRL", "tipo__descricao": "Projeto de Resolu\u00e7\u00e3o Legislativa", "autoria": "Toninho da Sa\u00fade", "texto_original": "http://sapl.conceicaodemacabu.rj.leg.br/media/./sapl/public/materialegislativa/2017/33/33_texto_integral.pdf", "ementa": "RESOLU\u00c7\u00c3O QUE CONCEDE T\u00cdTULO DE CIDAD\u00c3O MACABUENSE AO SR. SOSTENES CAVALCANTE, DEPUTADO FEDERAL PELO PARTIDO DEMOCRATAS."}, {"id": "28", "ano": "2017", "numero": "21", "tipo__sigla": "PRL", "tipo__descricao": "Projeto de Resolu\u00e7\u00e3o Legislativa", "autoria": "Nath\u00e1lia Braga", "texto_original": "http://sapl.conceicaodemacabu.rj.leg.br/media/./sapl/public/materialegislativa/2017/28/28_texto_integral.pdf", "ementa": "RESOLU\u00c7\u00c3O QUE CONCEDE T\u00cdTULO DE HONRA AO M\u00c9RITO AO SR. JOS\u00c9 RODRIGUES VIANA."}, {"id": "66", "ano": "2017", "numero": "22", "tipo__sigla": "PRL", "tipo__descricao": "Projeto de Resolu\u00e7\u00e3o Legislativa", "autoria": "Andre Fisioterapeuta", "texto_original": "http://sapl.conceicaodemacabu.rj.leg.br/media/./sapl/public/materialegislativa/2017/66/66_texto_integral.pdf", "ementa": "CONCEDE T\u00cdTULO DE CIDAD\u00c3O MACABUENSE AO SENHOR FRANCISCO CHATEAUBRIAN DE ALC\u00c2NTARA."}, {"id": "72", "ano": "2017", "numero": "23", "tipo__sigla": "PRL", "tipo__descricao": "Projeto de Resolu\u00e7\u00e3o Legislativa", "autoria": "Sandro Daumas", "texto_original": "http://sapl.conceicaodemacabu.rj.leg.br/media/./sapl/public/materialegislativa/2017/72/72_texto_integral.pdf", "ementa": "CONCEDE T\u00cdTULO DE HONRA AO M\u00c9RITO A SENHORA JACQUELINE ERTHAL PACHECO, PROPRIET\u00c1RIA DO ESPA\u00c7O VIP - CENTRO DE DEPILA\u00c7\u00c3O E EST\u00c9TICA."}, {"id": "35", "ano": "2017", "numero": "25", "tipo__sigla": "PRL", "tipo__descricao": "Projeto de Resolu\u00e7\u00e3o Legislativa", "autoria": "Guta", "texto_original": "http://sapl.conceicaodemacabu.rj.leg.br/media/sapl/public/materialegislativa/2017/35/pre_025-2017-_guta29052018.pdf", "ementa": "RESOLU\u00c7\u00c3O QUE CONCEDE T\u00cdTULO DE CIDAD\u00c3O MACABUENSE AO SR. JAIME DA COSTA MORAIS."}, {"id": "34", "ano": "2017", "numero": "26", "tipo__sigla": "PRL", "tipo__descricao": "Projeto de Resolu\u00e7\u00e3o Legislativa", "autoria": "Guta", "texto_original": "http://sapl.conceicaodemacabu.rj.leg.br/media/./sapl/public/materialegislativa/2017/34/34_texto_integral.pdf", "ementa": "RESOLU\u00c7\u00c3O QUE CONCEDE T\u00cdTULO DE CIDAD\u00c3O MACABUENSE AO SR. FRANQUIS DIAS NEPOMUCENO."}, {"id": "27", "ano": "2017", "numero": "27", "tipo__sigla": "PRL", "tipo__descricao": "Projeto de Resolu\u00e7\u00e3o Legislativa", "autoria": "Nath\u00e1lia Braga", "texto_original": "http://sapl.conceicaodemacabu.rj.leg.br/media/sapl/public/materialegislativa/2017/27/pre_027-2017-_nathalia_braga29052018.pdf", "ementa": "RESOLU\u00c7\u00c3O QUE CONCEDE T\u00cdTULO DE CIDAD\u00c3O MACABUENSE AO SR. ANDERSON MARIANO DA SILVA."}, {"id": "32", "ano": "2017", "numero": "29", "tipo__sigla": "PRL", "tipo__descricao": "Projeto de Resolu\u00e7\u00e3o Legislativa", "autoria": "Toninho da Sa\u00fade", "texto_original": "http://sapl.conceicaodemacabu.rj.leg.br/media/./sapl/public/materialegislativa/2017/32/32_texto_integral.pdf", "ementa": "RESOLU\u00c7\u00c3O QUE CONCEDE T\u00cdTULO DE CIDAD\u00c3O MACABUENSE AO SR. MAURICIO DE ANDRADE AZEVEDO, PROCURADOR GERAL DA C\u00c2MARA MUNICIPAL DE CONCEI\u00c7\u00c3O DE MACABU."}, {"id": "65", "ano": "2017", "numero": "30", "tipo__sigla": "PRL", "tipo__descricao": "Projeto de Resolu\u00e7\u00e3o Legislativa", "autoria": "Valmir Lessa", "texto_original": "http://sapl.conceicaodemacabu.rj.leg.br/media/./sapl/public/materialegislativa/2017/65/65_texto_integral.pdf", "ementa": "CONCEDE T\u00cdTULO DE CIDAD\u00c3O MACABUENSE A SENHORA MIRIAM PEREIRA FERNANDES LEITE."}, {"id": "70", "ano": "2017", "numero": "31", "tipo__sigla": "PRL", "tipo__descricao": "Projeto de Resolu\u00e7\u00e3o Legislativa", "autoria": "Nath\u00e1lia Braga", "texto_original": "http://sapl.conceicaodemacabu.rj.leg.br/media/./sapl/public/materialegislativa/2017/70/70_texto_integral.pdf", "ementa": "CONCEDE DIPLOMA DE HONRA AO M\u00c9RITO AO SENHOR RAFAEL FIGUEIRA DONATO."}, {"id": "56", "ano": "2017", "numero": "33", "tipo__sigla": "PRL", "tipo__descricao": "Projeto de Resolu\u00e7\u00e3o Legislativa", "autoria": "Valmir Lessa", "texto_original": "http://sapl.conceicaodemacabu.rj.leg.br/media/./sapl/public/materialegislativa/2017/56/56_texto_integral.pdf", "ementa": "CONCEDE T\u00cdTULO DE CIDAD\u00c3O MACABUENSE AO SENHOR CARLOS ALBERTO DA SILVA."}, {"id": "71", "ano": "2017", "numero": "34", "tipo__sigla": "PRL", "tipo__descricao": "Projeto de Resolu\u00e7\u00e3o Legislativa", "autoria": "Valmir Lessa", "texto_original": "http://sapl.conceicaodemacabu.rj.leg.br/media/./sapl/public/materialegislativa/2017/71/71_texto_integral.pdf", "ementa": "CONCEDE T\u00cdTULO DE CIDAD\u00c3O MACABUENSE AO SENHOR SEBASTI\u00c3O MACHADO DOS SANTOS."}, {"id": "57", "ano": "2017", "numero": "35", "tipo__sigla": "PRL", "tipo__descricao": "Projeto de Resolu\u00e7\u00e3o Legislativa", "autoria": "Valmir Lessa", "texto_original": "http://sapl.conceicaodemacabu.rj.leg.br/media/./sapl/public/materialegislativa/2017/57/57_texto_integral.pdf", "ementa": "CONCEDE DIPLOMA DE HONRA AO M\u00c9RITO AO SENHOR BRUNO MAIA."}, {"id": "47", "ano": "2017", "numero": "36", "tipo__sigla": "PRL", "tipo__descricao": "Projeto de Resolu\u00e7\u00e3o Legislativa", "autoria": "Valmir Lessa", "texto_original": "http://sapl.conceicaodemacabu.rj.leg.br/media/sapl/public/materialegislativa/2017/47/pre_036-2017-_valmir_lessa29052018.pdf", "ementa": "DENOMINA RUA AGR\u00cdCOLA JOS\u00c9 MONTEIRO A RUA QUE SE INICIA NO FINAL DA RUA ALBERT BARBOSA EM TODA SUA EXTENS\u00c3O."}, {"id": "46", "ano": "2017", "numero": "37", "tipo__sigla": "PRL", "tipo__descricao": "Projeto de Resolu\u00e7\u00e3o Legislativa", "autoria": "Barcelos Resina", "texto_original": "http://sapl.conceicaodemacabu.rj.leg.br/media/sapl/public/materialegislativa/2017/46/pre_037-2017-_barcelos_resina29052018.pdf", "ementa": "DENOMINA EDMILSON BUENO MADUREIRA, A RUA COM CERCA DE 1,1 KM DE EXTENS\u00c3O, SEM CAL\u00c7AMENTO, QUE LIGA O BAIRRO DA TRIBO AO BAIRRO PITEIRAS."}, {"id": "58", "ano": "2017", "numero": "40", "tipo__sigla": "PRL", "tipo__descricao": "Projeto de Resolu\u00e7\u00e3o Legislativa", "autoria": "Sandro Daumas", "texto_original": "http://sapl.conceicaodemacabu.rj.leg.br/media/./sapl/public/materialegislativa/2017/58/58_texto_integral.pdf", "ementa": "CONCEDE T\u00cdTULO DE CIDAD\u00c3O MACABUENSE AO EXM \u00ba SR. M\u00c1RCIO CANELA, DEPUTADO ESTADUAL PELO PARTIDO PSL. ELEITO VICE-PREFEITO  DO MUNIC\u00cdPIO DE BELFORD ROXO, NA BAIXADA FLUMINENSE, EM 2016."}, {"id": "59", "ano": "2017", "numero": "41", "tipo__sigla": "PRL", "tipo__descricao": "Projeto de Resolu\u00e7\u00e3o Legislativa", "autoria": "Andr\u00e9 da Mudan\u00e7a", "texto_original": "http://sapl.conceicaodemacabu.rj.leg.br/media/./sapl/public/materialegislativa/2017/59/59_texto_integral.pdf", "ementa": "CONCEDE T\u00cdTULO DE HONRA AO M\u00c9RITO AO SENHOR ADERALDO SPESSE RANGEL."}, {"id": "60", "ano": "2017", "numero": "43", "tipo__sigla": "PRL", "tipo__descricao": "Projeto de Resolu\u00e7\u00e3o Legislativa", "autoria": "Andr\u00e9 da Mudan\u00e7a", "texto_original": "http://sapl.conceicaodemacabu.rj.leg.br/media/./sapl/public/materialegislativa/2017/60/60_texto_integral.pdf", "ementa": "CONCEDE DIPLOMA DE HONRA AO M\u00c9RITO AO SENHOR RIVAIR MALFETANO LIMA."}, {"id": "64", "ano": "2017", "numero": "44", "tipo__sigla": "PRL", "tipo__descricao": "Projeto de Resolu\u00e7\u00e3o Legislativa", "autoria": "Andr\u00e9 da Mudan\u00e7a", "texto_original": "http://sapl.conceicaodemacabu.rj.leg.br/media/./sapl/public/materialegislativa/2017/64/64_texto_integral.pdf", "ementa": "CONCEDE DIPLOMA AO M\u00c9RITO AO SENHOR ANT\u00d4NIO MINGUTA DE OLIVEIRA (IN MEMORIAN)."}, {"id": "61", "ano": "2017", "numero": "45", "tipo__sigla": "PRL", "tipo__descricao": "Projeto de Resolu\u00e7\u00e3o Legislativa", "autoria": "Andr\u00e9 da Mudan\u00e7a", "texto_original": "http://sapl.conceicaodemacabu.rj.leg.br/media/./sapl/public/materialegislativa/2017/61/61_texto_integral.pdf", "ementa": "CONCEDE T\u00cdTULO DE CIDAD\u00c3O MACABUENSE AO SENHOR GERALDO CARVALHO."}, {"id": "68", "ano": "2017", "numero": "46", "tipo__sigla": "PRL", "tipo__descricao": "Projeto de Resolu\u00e7\u00e3o Legislativa", "autoria": "Sandro Daumas", "texto_original": "http://sapl.conceicaodemacabu.rj.leg.br/media/./sapl/public/materialegislativa/2017/68/68_texto_integral.pdf", "ementa": "CONCEDE T\u00cdTULO DE CIDAD\u00c3O MACABUENSE AO SENHOR GIL MANH\u00c3ES VIANA JUNIOR."}, {"id": "69", "ano": "2017", "numero": "47", "tipo__sigla": "PRL", "tipo__descricao": "Projeto de Resolu\u00e7\u00e3o Legislativa", "autoria": "Nath\u00e1lia Braga", "texto_original": "http://sapl.conceicaodemacabu.rj.leg.br/media/sapl/public/materialegislativa/2017/69/pre_047-2017_-_concede_comenda_professora_celina_belas_a_senhora_suelir_batista_ramos.pdf", "ementa": "CONCEDE COMENDA PROFESSORA CELINA BELAS A SENHORA SUELIR BATISTA RAMOS."}, {"id": "67", "ano": "2017", "numero": "48", "tipo__sigla": "PRL", "tipo__descricao": "Projeto de Resolu\u00e7\u00e3o Legislativa", "autoria": "Sandro Daumas", "texto_original": "http://sapl.conceicaodemacabu.rj.leg.br/media/./sapl/public/materialegislativa/2017/67/67_texto_integral.pdf", "ementa": "CONCEDE T\u00cdTULO DE CIDAD\u00c3O MACABUENSE AO EXM\u00ba SR. PAULO CESAR DAMES PASSOS, PREFEITO DO MUNIC\u00cdPIO DE CASIMIRO DE ABREU."}, {"id": "49", "ano": "2017", "numero": "50", "tipo__sigla": "PRL", "tipo__descricao": "Projeto de Resolu\u00e7\u00e3o Legislativa", "autoria": "Sandro Daumas", "texto_original": "http://sapl.conceicaodemacabu.rj.leg.br/media/sapl/public/materialegislativa/2017/49/resolucao_050_-_2017_-_denomina_creche_vovo_aurea_pacheco_daumas_a_creche_localizada_no_bairro_vila_nova_proximo_ao_ginasio.pdf", "ementa": "PROJETO DE RESOLU\u00c7\u00c3O QUE DENOMINA CRECHE VOV\u00d3 AUREA PACHECO DAUMAS, A CRECHE LOCALIZADA NO BAIRRO VILA NOVA, PR\u00d3XIMO AO GIN\u00c1SIO POLIESPORTIVO."}, {"id": "48", "ano": "2017", "numero": "58", "tipo__sigla": "PRL", "tipo__descricao": "Projeto de Resolu\u00e7\u00e3o Legislativa", "autoria": "Dr. Fernando", "texto_original": "http://sapl.conceicaodemacabu.rj.leg.br/media/./sapl/public/materialegislativa/2017/48/48_texto_integral.pdf", "ementa": "PROJETO DE RESOLU\u00c7\u00c3O QUE DENOMINA AN\u00cdSIO BARCELOS NETO O ESPA\u00c7O DE LAZER DO MUNIC\u00cdPIO LOCALIZADO NA LOCALIDADE DA AMOROSA."}, {"id": "5", "ano": "2017", "numero": "59", "tipo__sigla": "PRL", "tipo__descricao": "Projeto de Resolu\u00e7\u00e3o Legislativa", "autoria": "Toninho Barcelos Messias Andr\u00e9 Nath\u00e1lia", "texto_original": "http://sapl.conceicaodemacabu.rj.leg.br/media/./sapl/public/materialegislativa/2017/5/5_texto_integral.pdf", "ementa": "ALTERA A RESOLU\u00c7\u00c3O N\u00ba 062 DE 18 DE JUNHO DE 2002, QUE DENOMINA O NOME DA SEDE DA CASA LEGISLATIVA PARA C\u00c2MARA MUNICIPAL CLAUDIO MOACYR DE AZEVEDO, E D\u00c1 OUTRAS PROVID\u00caNCIAS."}, {"id": "10", "ano": "2017", "numero": "60", "tipo__sigla": "PRL", "tipo__descricao": "Projeto de Resolu\u00e7\u00e3o Legislativa", "autoria": "", "texto_original": "http://sapl.conceicaodemacabu.rj.leg.br/media/", "ementa": "DISP\u00d5E SOBRE DENOMINA\u00c7\u00c3O DE LOGRADOUROS P\u00daBLICOS, E D\u00c1 OUTRAS PROVID\u00caNCIAS.\r\n\r\nART. 1\u00ba - FICA DENOMINADA A RUA EDIGAR FRANCISCO DA CRUZ, A RUA PARALELA A MERCEDES SOARES BARBOSA NO BAIRRO ELDORADO."}, {"id": "19", "ano": "2017", "numero": "61", "tipo__sigla": "PRL", "tipo__descricao": "Projeto de Resolu\u00e7\u00e3o Legislativa", "autoria": "Barcelos Resina", "texto_original": "http://sapl.conceicaodemacabu.rj.leg.br/media/./sapl/public/materialegislativa/2017/19/19_texto_integral.pdf", "ementa": "DISP\u00d5E SOBRE DENOMINA\u00c7\u00c3O DE LOGRADOUROS P\u00daBLICOS, E D\u00c1 OUTRAS PROVID\u00caNCIAS. DENOMINA A RUA EDIGAR FRANCISCO DA CRUZ A RUA PARALELA A MERCEDES SOARES BARBOSA NO BAIRRO ELDORADO."}, {"id": "50", "ano": "2017", "numero": "62", "tipo__sigla": "PRL", "tipo__descricao": "Projeto de Resolu\u00e7\u00e3o Legislativa", "autoria": "Toninho Barcelos Messias Andr\u00e9 Nath\u00e1lia", "texto_original": "http://sapl.conceicaodemacabu.rj.leg.br/media/./sapl/public/materialegislativa/2017/50/50_texto_integral.pdf", "ementa": "REGULAMENTA A DENOMINA\u00c7\u00c3O DA RUA ANISIO BARCELOS, LOCALIZADA NO BAIRRO CAL\u00c7ADINHA."}, {"id": "78", "ano": "2017", "numero": "63", "tipo__sigla": "PRL", "tipo__descricao": "Projeto de Resolu\u00e7\u00e3o Legislativa", "autoria": "Barcelos Resina", "texto_original": "http://sapl.conceicaodemacabu.rj.leg.br/media/./sapl/public/materialegislativa/2017/78/78_texto_integral.pdf", "ementa": "CRIA A COMISS\u00c3O PERMANENTE DE PESSOAS COM DEFICI\u00caNCIA, ACRESCENTANDO O INCISO VIII, AO PAR\u00c1GRAFO \u00daNICO DO ARTIGO 49, DA RESOLU\u00c7\u00c3O N\u00ba 022, DE 28 DE JUNHO DE 1991, QUE ESTABELECE O REGIMENTO INTERNO DA C\u00c2MARA MUNICIPAL DE CONCEI\u00c7\u00c3O DE MACABU."}, {"id": "79", "ano": "2017", "numero": "64", "tipo__sigla": "PRL", "tipo__descricao": "Projeto de Resolu\u00e7\u00e3o Legislativa", "autoria": "Dr. Fernando", "texto_original": "http://sapl.conceicaodemacabu.rj.leg.br/media/./sapl/public/materialegislativa/2017/79/79_texto_integral.pdf", "ementa": "DENOMINA COMO FRANCISCO GOMES DE OLIVEIRA, A FEIRA POPULAR MUNICIPAL DA ECONOMIA INFORMAL MACABUENSE, CRIADA PELA LEI N\u00ba 938 DE 12 DE JULHO DE 2009."}, {"id": "85", "ano": "2017", "numero": "65", "tipo__sigla": "PRL", "tipo__descricao": "Projeto de Resolu\u00e7\u00e3o Legislativa", "autoria": "Barcelos Resina", "texto_original": "http://sapl.conceicaodemacabu.rj.leg.br/media/./sapl/public/materialegislativa/2017/85/85_texto_integral.pdf", "ementa": "ALTERA A RESOLU\u00c7\u00c3O N\u00ba 022 DE 28 DE JUNHO DE 1991, QUE ESTABELECE O REGIMENTO INTERNO DA C\u00c2MARA MUNICIPAL DE CONCEI\u00c7\u00c3O, CRIANDO A COMISS\u00c3O PERMANENTE DE MEIO AMBIENTE, DESENVOLVIMENTO SUSTENT\u00c1VEL E AGRICULTURA ACRESCENTANDO O INCISO IX AO ART. 49, PAR\u00c1GRAFO \u00daNICO."}, {"id": "81", "ano": "2017", "numero": "66", "tipo__sigla": "PRL", "tipo__descricao": "Projeto de Resolu\u00e7\u00e3o Legislativa", "autoria": "Barcelos Resina", "texto_original": "http://sapl.conceicaodemacabu.rj.leg.br/media/./sapl/public/materialegislativa/2017/81/81_texto_integral.pdf", "ementa": "PROJETO DE RESOLU\u00c7\u00c3O QUE DENOMINA COMO CELINA MORENO, O PR\u00c9DIO ONDE FUNCIONA A SECRETARIA MUNICIPAL DE SA\u00daDE, LOCALIZADA NA AVENIDA VICTOR SENCE, N\u00ba 309, GARAPA, CONCEI\u00c7\u00c3O DE MACABU/RJ."}, {"id": "118", "ano": "2017", "numero": "67", "tipo__sigla": "PRL", "tipo__descricao": "Projeto de Resolu\u00e7\u00e3o Legislativa", "autoria": "Barcelos Resina", "texto_original": "http://sapl.conceicaodemacabu.rj.leg.br/media/./sapl/public/materialegislativa/2017/118/118_texto_integral.pdf", "ementa": "DENOMINA RUA WILSON CANDIDO DOS SANTOS A RUA SEM DENOMINA\u00c7\u00c3O, COM CERCA DE 150 METROS DE EXTENS\u00c3O, LOCALIZADA ATR\u00c1S DA RODOVI\u00c1RIA DO MUNIC\u00cdPIO, PARALELA AO V\u00c3O, TENDO COMO REFER\u00caNCIA A IGREJA METODISTA NO BAIRRO VILA NOVA EM CONCEI\u00c7\u00c3O DE MACABU."}, {"id": "130", "ano": "2017", "numero": "69", "tipo__sigla": "PRL", "tipo__descricao": "Projeto de Resolu\u00e7\u00e3o Legislativa", "autoria": "Toninho da Sa\u00fade", "texto_original": "http://sapl.conceicaodemacabu.rj.leg.br/media/sapl/public/materialegislativa/2017/130/pre_069-2017_-_toninho_da_saude05062018.pdf", "ementa": "NOMEIA OS MEMBROS DAS COMISS\u00d5ES PERMANENTES DE PESSOAS COM DEFICI\u00caNCIA; MEIO AMBIENTE, DESENVOLVIMENTO SUSTENT\u00c1VEL E AGRICULTURA, CRIADAS PELAS RESOLU\u00c7\u00d5ES 063 E 064/2017."}, {"id": "152", "ano": "2017", "numero": "70", "tipo__sigla": "PRL", "tipo__descricao": "Projeto de Resolu\u00e7\u00e3o Legislativa", "autoria": "Nath\u00e1lia Braga", "texto_original": "http://sapl.conceicaodemacabu.rj.leg.br/media/", "ementa": "DENOMINA COMO RUA DILHERMANDO DOS SANTOS FLORIDO, A VIA P\u00daBLICA TRANSVERSAL A RUA PASTOR MANOEL DE BRITO, NA ALTURA DO N\u00daMERO 360, LOCALIZADA NO BAIRRO BOCAINA, TENDO COMO PONTO DE REFER\u00caNCIA A GARAGEM DA TRANSPORTADORA TRANSMAC."}, {"id": "157", "ano": "2017", "numero": "71", "tipo__sigla": "PRL", "tipo__descricao": "Projeto de Resolu\u00e7\u00e3o Legislativa", "autoria": "Nath\u00e1lia Braga", "texto_original": "http://sapl.conceicaodemacabu.rj.leg.br/media/", "ementa": "DENOMINA COMO JOS\u00c9 NUNES RAMOS A UNIDADE B\u00c1SICA DE SA\u00daDE (UBS), LOCALIZADA NO BAIRRO VILA ESPERAN\u00c7A;"}, {"id": "164", "ano": "2017", "numero": "72", "tipo__sigla": "PRL", "tipo__descricao": "Projeto de Resolu\u00e7\u00e3o Legislativa", "autoria": "Barcelos Resina", "texto_original": "http://sapl.conceicaodemacabu.rj.leg.br/media/", "ementa": "CONCEDE MO\u00c7\u00c3O DE APLAUSOS A SECRET\u00c1RIA MUNICIPAL DE EDUCA\u00c7\u00c3O, SENHORA VIVIAN MORAES LEAL TAVARES, PELO PROJETO CURTA MACABU - MOSTRA MACABUENSE DE CINEMA, SENDO A PRESENTE MO\u00c7\u00c3O EXTENSIVA A TODOS OS ENVOLVIDOS NO PROJETO, SENDO ESTES OS ALUNOS DA REDE MUNICIPAL DE ENSINO: KELVYN PONCE DA ESCOLA VICTOR SENCE; KAUAN SANTOS DA ESCOLA FREI VAL\u00c9RIO E TODO O ELENCO DOS CURTAS APRESENTADOS, BEM COMO EXTENSIVO AO COORDENADOR DE PROJETOS DANIEL IGN\u00c1CIO E AO CHEFE DE CULTURA LUCAS MACHADO."}, {"id": "179", "ano": "2017", "numero": "73", "tipo__sigla": "PRL", "tipo__descricao": "Projeto de Resolu\u00e7\u00e3o Legislativa", "autoria": "Barcelos Resina", "texto_original": "http://sapl.conceicaodemacabu.rj.leg.br/media/", "ementa": "CONCEDE T\u00cdTULO DE CIDAD\u00c3O MACABUENSE AO SENHOR SEBASTI\u00c3O DE PINHO CORR\u00caA."}, {"id": "180", "ano": "2017", "numero": "74", "tipo__sigla": "PRL", "tipo__descricao": "Projeto de Resolu\u00e7\u00e3o Legislativa", "autoria": "Barcelos Resina", "texto_original": "http://sapl.conceicaodemacabu.rj.leg.br/media/", "ementa": "CONCEDE T\u00cdTULO DE CIDAD\u00c3 MACABUENSE A SENHORA CENIRA DE SOUZA MIRANDA."}, {"id": "181", "ano": "2017", "numero": "75", "tipo__sigla": "PRL", "tipo__descricao": "Projeto de Resolu\u00e7\u00e3o Legislativa", "autoria": "Paulo Henrique - PH", "texto_original": "http://sapl.conceicaodemacabu.rj.leg.br/media/", "ementa": "CONCEDE T\u00cdTULO DE HONRA AO M\u00c9RITO AO DR. JALMEIR PIRES VIANNA."}, {"id": "182", "ano": "2017", "numero": "76", "tipo__sigla": "PRL", "tipo__descricao": "Projeto de Resolu\u00e7\u00e3o Legislativa", "autoria": "Paulo Henrique - PH", "texto_original": "http://sapl.conceicaodemacabu.rj.leg.br/media/", "ementa": "CONCEDE MO\u00c7\u00c3O DE APLAUSOS AO BLOCO DE EMBALO TURMA DO FUNIL."}, {"id": "183", "ano": "2017", "numero": "77", "tipo__sigla": "PRL", "tipo__descricao": "Projeto de Resolu\u00e7\u00e3o Legislativa", "autoria": "Dr. Fernando", "texto_original": "http://sapl.conceicaodemacabu.rj.leg.br/media/", "ementa": "CONCEDE T\u00cdTULO DE MO\u00c7\u00c3O DE APLAUSOS AO SENHOR NELSON ROBERTO GOMES RUBIM."}, {"id": "184", "ano": "2017", "numero": "78", "tipo__sigla": "PRL", "tipo__descricao": "Projeto de Resolu\u00e7\u00e3o Legislativa", "autoria": "Dr. Fernando", "texto_original": "http://sapl.conceicaodemacabu.rj.leg.br/media/", "ementa": "CONCEDE T\u00cdTULO DE CIDAD\u00c3O MACABUENSE AO SENHOR JOSEMAR MILEN CAMPOS JUNIOR."}, {"id": "185", "ano": "2017", "numero": "79", "tipo__sigla": "PRL", "tipo__descricao": "Projeto de Resolu\u00e7\u00e3o Legislativa", "autoria": "Andre Fisioterapeuta", "texto_original": "http://sapl.conceicaodemacabu.rj.leg.br/media/", "ementa": "CONCEDE T\u00cdTULO DE CIDAD\u00c3O MACABUENSE AO SENHOR RAFAEL ALVES DE OLIVEIRA."}, {"id": "186", "ano": "2017", "numero": "80", "tipo__sigla": "PRL", "tipo__descricao": "Projeto de Resolu\u00e7\u00e3o Legislativa", "autoria": "Andre Fisioterapeuta", "texto_original": "http://sapl.conceicaodemacabu.rj.leg.br/media/", "ementa": "CONCEDE MO\u00c7\u00c3O DE APLAUSOS AO SENHOR WALNEY DA ROCHA CARVALHO (DEPUTADO FEDERAL WALNEY ROCHA)"}, {"id": "187", "ano": "2017", "numero": "81", "tipo__sigla": "PRL", "tipo__descricao": "Projeto de Resolu\u00e7\u00e3o Legislativa", "autoria": "Sandro Daumas", "texto_original": "http://sapl.conceicaodemacabu.rj.leg.br/media/", "ementa": "CONCEDE T\u00cdTULO DE CIDAD\u00c3O MACABUENSE AO SENHOR ADELCY BERSTO LOPES."}, {"id": "189", "ano": "2017", "numero": "82", "tipo__sigla": "PRL", "tipo__descricao": "Projeto de Resolu\u00e7\u00e3o Legislativa", "autoria": "Guta", "texto_original": "http://sapl.conceicaodemacabu.rj.leg.br/media/", "ementa": "CONCEDE MO\u00c7\u00c3O DE APLAUSOS AO SENHOR LUCAS DOS SANTOS MACHADO."}, {"id": "190", "ano": "2017", "numero": "83", "tipo__sigla": "PRL", "tipo__descricao": "Projeto de Resolu\u00e7\u00e3o Legislativa", "autoria": "Guta", "texto_original": "http://sapl.conceicaodemacabu.rj.leg.br/media/", "ementa": "CONCEDE MO\u00c7\u00c3O DE APLAUSOS AO SENHOR DANIEL IGNACIO SILVA."}, {"id": "191", "ano": "2017", "numero": "84", "tipo__sigla": "PRL", "tipo__descricao": "Projeto de Resolu\u00e7\u00e3o Legislativa", "autoria": "Toninho da Sa\u00fade", "texto_original": "http://sapl.conceicaodemacabu.rj.leg.br/media/", "ementa": "CONCEDE T\u00cdTULO DE CIDAD\u00c3 MACABUENSE A SENHORA AURORA DIAS DA SILVA."}, {"id": "192", "ano": "2017", "numero": "85", "tipo__sigla": "PRL", "tipo__descricao": "Projeto de Resolu\u00e7\u00e3o Legislativa", "autoria": "Toninho da Sa\u00fade", "texto_original": "http://sapl.conceicaodemacabu.rj.leg.br/media/", "ementa": "CONCEDE T\u00cdTULO DE CIDAD\u00c3 MACABUENSE A SENHORA LENY MELLO FLORIDO."}, {"id": "193", "ano": "2017", "numero": "86", "tipo__sigla": "PRL", "tipo__descricao": "Projeto de Resolu\u00e7\u00e3o Legislativa", "autoria": "Messias", "texto_original": "http://sapl.conceicaodemacabu.rj.leg.br/media/", "ementa": "CONCEDE T\u00cdTULO DE CIDAD\u00c3O MACABUENSE AO SENHOR JORGE RIBEIRO DA SILVA."}, {"id": "198", "ano": "2017", "numero": "87", "tipo__sigla": "PRL", "tipo__descricao": "Projeto de Resolu\u00e7\u00e3o Legislativa", "autoria": "Valmir Lessa", "texto_original": "http://sapl.conceicaodemacabu.rj.leg.br/media/", "ementa": "CONCEDE T\u00cdTULO DE CIDAD\u00c3O MACABUENSE AO SENHOR ROG\u00c9RIO BRAZ SILVERIO, PELA SUA IMPORTANTE CONTRIBUI\u00c7\u00c3O PARA O DESENVOLVIMENTO DE CONCEI\u00c7\u00c3O DE MACABU, ATUANDO COMO SERVIDOR P\u00daBLICO DOS CORREIOS NO MUNIC\u00cdPIO, DESDE O ANO DE 1982."}, {"id": "197", "ano": "2017", "numero": "88", "tipo__sigla": "PRL", "tipo__descricao": "Projeto de Resolu\u00e7\u00e3o Legislativa", "autoria": "Messias", "texto_original": "http://sapl.conceicaodemacabu.rj.leg.br/media/", "ementa": "CONCEDE T\u00cdTULO DE CIDAD\u00c3O MACABUENSE AO SENHOR VELCI DA SILVA BARBOSA, PELA SUA CONTRIBUI\u00c7\u00c3O PARA O DESENVOLVIMENTO ECON\u00d4MICO DO MUNIC\u00cdPIO DE CONCEI\u00c7\u00c3O DE MACABU, ATUANDO NO COM\u00c9RCIO VAREJISTA DESDE O ANO DE 2009, GERANDO EMPREGABILIDADE E RENDA A FAM\u00cdLIAS MACABUENSES."}, {"id": "196", "ano": "2017", "numero": "89", "tipo__sigla": "PRL", "tipo__descricao": "Projeto de Resolu\u00e7\u00e3o Legislativa", "autoria": "Nath\u00e1lia Braga", "texto_original": "http://sapl.conceicaodemacabu.rj.leg.br/media/", "ementa": "CONCEDE T\u00cdTULO DE HONRA AO M\u00c9RITO AO SENHOR JORGE VIT\u00d3RIO DE SOUZA OLIVEIRA, PELOS RELEVANTES SERVI\u00c7OS PRESTADOS AO MUNIC\u00cdPIO DE CONCEI\u00c7\u00c3O DE MACABU COMO SERVIDOR P\u00daBLICO DA PREFEITURA DESDE O ANO DE 1986."}, {"id": "195", "ano": "2017", "numero": "90", "tipo__sigla": "PRL", "tipo__descricao": "Projeto de Resolu\u00e7\u00e3o Legislativa", "autoria": "Nath\u00e1lia Braga", "texto_original": "http://sapl.conceicaodemacabu.rj.leg.br/media/", "ementa": "CONCEDE T\u00cdTULO DE HONRA AO M\u00c9RITO A SENHORA MERY APARECIDA FERREIRA LEITE, PELOS RELEVANTES SERVI\u00c7OS PRESTADOS AO MUNIC\u00cdPIO DE CONCEI\u00c7\u00c3O DE MACABU NA \u00c1REA DA SA\u00daDE, ONDE DESDE 1986 ATUA COMO T\u00c9CNICA DE LABORAT\u00d3RIO NO HOSPITAL MUNICIPAL ANA MOREIRA."}, {"id": "194", "ano": "2017", "numero": "91", "tipo__sigla": "PRL", "tipo__descricao": "Projeto de Resolu\u00e7\u00e3o Legislativa", "autoria": "Paulo Henrique - PH", "texto_original": "http://sapl.conceicaodemacabu.rj.leg.br/media/", "ementa": "CONCEDE MO\u00c7\u00c3O DE APLAUSOS A ADMINISTRA\u00c7\u00c3O P\u00daBLICA MUNICIPAL DE CONCEI\u00c7\u00c3O DE MACABU, NAS PESSOAS DO PREFEITO, VICE-PREFEITO, SECRET\u00c1RIOS DE GOVERNO E PRESIDENTE DO IPASCON, PELO EXCELENTE TRABALHO REALIZADO EM PROL DO MUNIC\u00cdPIO, GERINDO COM RESPONSABILIDADE O ER\u00c1RIO, PROMOVENDO CONSTANTES INVESTIMENTOS NOS SETORES DE CULTURA, EDUCA\u00c7\u00c3O, DESENVOLVIMENTO SOCIAL, SA\u00daDE, SANEAMENTO B\u00c1SICO E INFRAESTRUTURA."}, {"id": "208", "ano": "2017", "numero": "92", "tipo__sigla": "PRL", "tipo__descricao": "Projeto de Resolu\u00e7\u00e3o Legislativa", "autoria": "Valmir Lessa", "texto_original": "http://sapl.conceicaodemacabu.rj.leg.br/media/", "ementa": "CONCEDE T\u00cdTULO DE CIDAD\u00c3 MACABUENSE A SENHORA TERESINHA DE JESUS MEDEIROS BESSA, NATURAL DO RIO DE JANEIRO, PELA SUA CONTRIBUI\u00c7\u00c3O PARA O DESENVOLVIMENTO DE CONCEI\u00c7\u00c3O DE MACABU DESDE 1953, ANO EM QUE PASSOU A RESIDIR NO MUNIC\u00cdPIO. "}, {"id": "207", "ano": "2017", "numero": "93", "tipo__sigla": "PRL", "tipo__descricao": "Projeto de Resolu\u00e7\u00e3o Legislativa", "autoria": "Sandro Daumas", "texto_original": "http://sapl.conceicaodemacabu.rj.leg.br/media/", "ementa": "CONCEDE MO\u00c7\u00c3O DE APLAUSOS AO SENHOR AUGUSTO CESAR MATOS LUGON, PELA SUA CONTRIBUI\u00c7\u00c3O NA GERA\u00c7\u00c3O DE EMPREGO AOS MACABUENSES COMO GERENTE DA EMPRESA OFFSHORE SMART COAT."}, {"id": "293", "ano": "2017", "numero": "94", "tipo__sigla": "PRL", "tipo__descricao": "Projeto de Resolu\u00e7\u00e3o Legislativa", "autoria": "Paulo Henrique - PH", "texto_original": "http://sapl.conceicaodemacabu.rj.leg.br/media/sapl/public/materialegislativa/2017/293/pre_94-2017_-_paulo_henrique05062018.pdf", "ementa": "CONCEDE T\u00cdTULO DE CIDAD\u00c3O MACABUENSE AO SENHOR ROBERTO DA SILVA SALES, DEPUTADO FEDERAL PELO PRB/RJ, PELOS RELEVANTES SERVI\u00c7OS PRESTADOS AO MUNIC\u00cdPIO DE CONCEI\u00c7\u00c3O DE MACABU."}, {"id": "294", "ano": "2017", "numero": "95", "tipo__sigla": "PRL", "tipo__descricao": "Projeto de Resolu\u00e7\u00e3o Legislativa", "autoria": "Sandro Daumas", "texto_original": "http://sapl.conceicaodemacabu.rj.leg.br/media/sapl/public/materialegislativa/2017/294/pre_095-2017_-_sandro_daumas05062018.pdf", "ementa": "DISP\u00d5E SOBRE A PROIBI\u00c7\u00c3O DO USO DE APARELHOS DE TELEFONE CELULAR DURANTE A REALIZA\u00c7\u00c3O DAS SESS\u00d5ES ORDIN\u00c1RIAS, EXTRAORDIN\u00c1RIAS E SOLENE NO PLEN\u00c1RIO PREFEITO ROSENDO FONTES TAVARES E NO AUDIT\u00d3RIO DA C\u00c2MARA MUNICIPAL DE CONCEI\u00c7\u00c3O DE MACABU/RJ."}, {"id": "38", "ano": "2017", "numero": "4", "tipo__sigla": "REQ", "tipo__descricao": "Requerimento de Informa\u00e7\u00e3o", "autoria": "Andre Fisioterapeuta", "texto_original": "http://sapl.conceicaodemacabu.rj.leg.br/media/./sapl/public/materialegislativa/2017/38/38_texto_integral.pdf", "ementa": "REQUERIMENTO DE AUTORIA DO VEREADOR ANDR\u00c9 LUIZ DE SOUSA FERNANDES, SOLICITANDO AO EXM\u00ba PREFEITO DE CONCEI\u00c7\u00c3O DE MACABU, CL\u00c1UDIO LINHARES, AS SEGUINTES INFORMA\u00c7\u00d5ES: C\u00d3PIA DE INTEIRO TEOR DO PROCESSO DE COMPRA DE MATERIAL ESPORTIVO REFERENTE A LICITA\u00c7\u00c3O 293216/0, EMPRENHO 1395-000, TENDO COMO FORNECEDOR A EMPRESA CARMELO COMERCIO SERVI\u00c7OS LTDA, BEM COMO C\u00d3PIA DOS PROCESSOS DE PAGAMENTO; C\u00d3PIA DE INTEIRO TEOR DOS PROCESSOS DE DI\u00c1RIA E PEQUENAS DESPESAS DO PER\u00cdODO DE 2016, COM AS PRESTA\u00c7\u00d5ES DE CONTAS, DOS SEGUINTES CREDORES: HANDERSON ANTONIO AZEVEDO MAIA, JORGE LUIZ SILVA ANDRADE, BETHANIA DE OLIVEIRA CHAVES, ELIAS RIGUETE E LUIZ AURELIO IMBIRIBA."}, {"id": "20", "ano": "2017", "numero": "10", "tipo__sigla": "REQ", "tipo__descricao": "Requerimento de Informa\u00e7\u00e3o", "autoria": "Sandro Daumas", "texto_original": "http://sapl.conceicaodemacabu.rj.leg.br/media/", "ementa": "REQUERIMENTO DE AUTORIA DO VEREADOR SANDRO DAUUMAS, SOLICITANDO AO EXM\u00ba SR. PREFEITO CL\u00c1UDIO LINHARES, AS SEGUINTES INFORMA\u00c7\u00d5ES: QUAL O TOTAL DA D\u00cdVIDA DA PREFEITURA COM O INSTITUTO DE PREVID\u00caNCIA DO SERVIDOR P\u00daBLICO MUNICIPAL (IPASCON); COMO FOI FIRMADO O PARCELAMENTO, QUANTAS PRESTA\u00c7\u00d5ES FORAM PAGAS E QUANTAS RESTAM."}, {"id": "17", "ano": "2017", "numero": "11", "tipo__sigla": "REQ", "tipo__descricao": "Requerimento de Informa\u00e7\u00e3o", "autoria": "Andre Fisioterapeuta", "texto_original": "http://sapl.conceicaodemacabu.rj.leg.br/media/", "ementa": "REQUERIMENTO DE AUTORIA DO VEREADOR ANDR\u00c9 LUIS DE SOUSA FERNANDES, SOLICITANDO AO EXM\u00ba PRESIDENTE DO IPASCON, ADERALDO SPESSE RANGEL, AS SEGUINTES INFORMA\u00c7\u00d5ES: QUANTO FOI A TAXA DE ADMINISTRA\u00c7\u00c3O NOS ANOS DE 2007, 2008, 2009, 2010, 2011, 2012, 2013, 2014, 2015, 2016 E 2017, DEMONSTRANDO EM PLANILHA OS VALORES GASTOS ANUALMENTE EM PERCENTUAL E AS RESERVAS DOS RESPECTIVOS ANOS."}, {"id": "42", "ano": "2017", "numero": "12", "tipo__sigla": "REQ", "tipo__descricao": "Requerimento de Informa\u00e7\u00e3o", "autoria": "Andr\u00e9 da Mudan\u00e7a", "texto_original": "http://sapl.conceicaodemacabu.rj.leg.br/media/./sapl/public/materialegislativa/2017/42/42_texto_integral.pdf", "ementa": "REQUERIMENTO DE AUTORIA DO VEREADOR ANDR\u00c9 MARTINS, SOLICITANDO A SECRET\u00c1RIA MUNICIPAL DE SA\u00daDE, SR\u00aa MARIANA LEAL ANDRADE, C\u00d3PIA DE INTEIRO TEOR REFERENTE \u00c0S PEQUENAS DESPESAS DO PER\u00cdODO DE JANEIRO A MAR\u00c7O DE 2017 DO HOSPITAL MUNICIPAL ANA MOREIRA."}, {"id": "63", "ano": "2017", "numero": "14", "tipo__sigla": "REQ", "tipo__descricao": "Requerimento de Informa\u00e7\u00e3o", "autoria": "Andr\u00e9 da Mudan\u00e7a", "texto_original": "http://sapl.conceicaodemacabu.rj.leg.br/media/", "ementa": "REQUERIMENTO DE AUTORIA DO VEREADOR ANDR\u00c9 MARTINS, ONDE SOLICITA AO PREFEITO DE CONCEI\u00c7\u00c3O DE MACABU, SR\u00ba CLAUDIO LINHARES, AS SEGUINTES INFORMA\u00c7\u00d5ES: C\u00d3PIA DE INTEIRO TEOR DOS PROCESSOS LICITAT\u00d3RIOS N\u00ba 00311314 / B, 00378016 / 0 E 00339514 / B, REFERENTE \u00c0 CONTRA\u00c7\u00c3O DE SERVI\u00c7OS DE CAPINA E VARRI\u00c7\u00c3O DE LOGRADOUROS P\u00daBLICOS; COLETA E TRANSPORTE DE RES\u00cdDUOS S\u00d3LIDOS VOLUMOSOS E ENTULHOS; RECEBIMENTO E DISPOSI\u00c7\u00c3O FINAL DE RES\u00cdDUOS S\u00d3LIDOS URBANOS EM ATERRO SANIT\u00c1RIO LICENCIADO, BEM COMO COLETA E TRANSPORTE DE RES\u00cdDUOS S\u00d3LIDOS DOMICILIARES E URBANOS, EM CAR\u00c1TER DE URG\u00caNCIA."}, {"id": "80", "ano": "2017", "numero": "15", "tipo__sigla": "REQ", "tipo__descricao": "Requerimento de Informa\u00e7\u00e3o", "autoria": "Sandro Daumas", "texto_original": "http://sapl.conceicaodemacabu.rj.leg.br/media/./sapl/public/materialegislativa/2017/80/80_texto_integral.pdf", "ementa": "REQUERIMENTO DE INFORMA\u00c7\u00c3O INDICADO PELO VEREADOR SANDRO DE OLIVEIRA DAUMAS, ASSINADO POR TODOS OS PARLAMENTARES, SOLICITANDO AO EXM\u00ba PREFEITO DE CONCEI\u00c7\u00c3O DE MACABU, SR\u00ba CL\u00c1UDIO EDUARDO BARBOSA LINHARES, C\u00d3PIA DE INTEIRO TEOR DE TODOS OS PROCESSOS LICITAT\u00d3RIOS REFERENTES A 33\u00aa EXPOSI\u00c7\u00c3O AGROPECU\u00c1RIA DO MUNIC\u00cdPIO DE CONCEI\u00c7\u00c3O DE MACABU"}, {"id": "122", "ano": "2017", "numero": "16", "tipo__sigla": "REQ", "tipo__descricao": "Requerimento de Informa\u00e7\u00e3o", "autoria": "Toninho da Sa\u00fade", "texto_original": "http://sapl.conceicaodemacabu.rj.leg.br/media/./sapl/public/materialegislativa/2017/122/122_texto_integral.pdf", "ementa": "REQUERIMENTO DE INFORMA\u00c7\u00c3O DESTINADO AO PODER EXECUTIVO, ONDE SOLICITA C\u00d3PIA DE INTEIRO TEOR DOS PROCESSOS ADMINISTRADOS MENCIONADOS NO DOCUMENTO (DISPON\u00cdVEL NA \u00cdNTEGRA), QUE TRATAM SOBRE PAGAMENTO DE INSALUBRIDADE AOS SERVIDORES OCUPANTES DO CARGO DE AGENTE DE ENDEMIAS, BEM COMO AQUELES DE FORMA INDIVIDUAL QUE TRATAM SOBRE PAGAMENTO DE GRATIFICA\u00c7\u00c3O DE INCENTIVO."}, {"id": "138", "ano": "2017", "numero": "17", "tipo__sigla": "REQ", "tipo__descricao": "Requerimento de Informa\u00e7\u00e3o", "autoria": "Guta", "texto_original": "http://sapl.conceicaodemacabu.rj.leg.br/media/./sapl/public/materialegislativa/2017/138/138_texto_integral.pdf", "ementa": "REQUERIMENTO DE AUTORIA DO VEREADOR CARLOS AUGUSTO (GUTA), SOLICITANDO AO MINIST\u00c9RIO P\u00daBLICO (TUTELA COLETIVA) MACA\u00c9, QUE INVESTIGUE SE AS TARIFAS PRATICADAS PELA TRANSPORTADORA MACABU LTDA, CONCESSION\u00c1RIA DAS LINHAS CONCEI\u00c7\u00c3O DE MACABU X MACA\u00c9 E VICE-VERSA, DELEGADAS PELO DETRO/RJ, EST\u00c3O ARROLADAS NA INVESTIGA\u00c7\u00c3O CRIMINAL DEFLAGRADA NA \u00daLTIMA SEGUNDA-FEIRA DE NOT\u00d3RIO CONHECIMENTO, VISTO AMPLA DIVULGA\u00c7\u00c3O NA IMPRESSA NACIONAL (ANEXO), COMO AUMENTO INJUSTIFICADO DAS TARIFAS PARA BENEFICIAMENTO DE ESQUEMA ENVOLVENDO O EX-GOVERNADOR S\u00c9RGIO CABRAL. "}, {"id": "137", "ano": "2017", "numero": "19", "tipo__sigla": "REQ", "tipo__descricao": "Requerimento de Informa\u00e7\u00e3o", "autoria": "Barcelos Resina", "texto_original": "http://sapl.conceicaodemacabu.rj.leg.br/media/./sapl/public/materialegislativa/2017/137/137_texto_integral.pdf", "ementa": "REQUERIMENTO DE AUTORIA DO VEREADOR BARCELOS RESINA, ONDE SOLICITA AO PODER EXECUTIVO INFORMA\u00c7\u00d5ES SOBRE A REGULAMENTA\u00c7\u00c3O DO SERVI\u00c7O DE T\u00c1XI NO MUNIC\u00cdPIO."}, {"id": "144", "ano": "2017", "numero": "20", "tipo__sigla": "REQ", "tipo__descricao": "Requerimento de Informa\u00e7\u00e3o", "autoria": "Valmir Lessa", "texto_original": "http://sapl.conceicaodemacabu.rj.leg.br/media/./sapl/public/materialegislativa/2017/144/144_texto_integral.pdf", "ementa": "REQUER AO PODER EXECUTIVO IMPLANTA\u00c7\u00c3O NA REDE P\u00daBLICA MUNICIPAL DE ENSINO CURSO DE APERFEI\u00c7OAMENTO DOS PROFISSIONAIS DA EDUCA\u00c7\u00c3O VOLTADO \u00c0 PREVEN\u00c7\u00c3O E IDENTIFICA\u00c7\u00c3O DE CASOS DE PEDOFILIA, CONFORME DELIBERADO NA AUDI\u00caNCIA P\u00daBLICA "}, {"id": "169", "ano": "2017", "numero": "22", "tipo__sigla": "REQ", "tipo__descricao": "Requerimento de Informa\u00e7\u00e3o", "autoria": "Nath\u00e1lia Braga", "texto_original": "http://sapl.conceicaodemacabu.rj.leg.br/media/./sapl/public/materialegislativa/2017/169/169_texto_integral.pdf", "ementa": "REQUERIMENTO DE AUTORIA DA VEREADORA NATH\u00c1LIA BRAGA, SOLICITANDO AO PODER EXECUTIVO AS SEGUINTES INFORMA\u00c7\u00d5ES: &#8226;\tRELAT\u00d3RIO QUANTITATIVO E FINANCEIRO DAS HORAS EXTRAS PENDENTES E PAGAS AOS SERVIDORES LOTADOS NA FUN\u00c7\u00c3O DE MOTORISTA, QUE PRESTAM SERVI\u00c7O PARA A SECRETARIA MUNICIPAL DE SA\u00daDE."}, {"id": "167", "ano": "2017", "numero": "23", "tipo__sigla": "REQ", "tipo__descricao": "Requerimento de Informa\u00e7\u00e3o", "autoria": "Barcelos Resina", "texto_original": "http://sapl.conceicaodemacabu.rj.leg.br/media/./sapl/public/materialegislativa/2017/167/167_texto_integral.pdf", "ementa": "REQUERIMENTO DE INFORMA\u00c7\u00c3O DE AUTORIA DO VEREADOR BARCELOS RESINA, ONDE SOLICITA AO PODER EXECUTIVO A SEGUINTE INFORMA\u00c7\u00c3O: &#8226;\tCRONOGRAMA DA EXECU\u00c7\u00c3O DOS SERVI\u00c7OS DE REFORMA DA ESCOLA MUNICIPAL FREI VAL\u00c9RIO, CONFORME CONTRATO FIRMADO NO PROCESSO LICITAT\u00d3RIO N\u00ba 2867/2017, MODALIDADE CARTA CONVITE, HOMOLOGADO EM 06/07/2017."}, {"id": "168", "ano": "2017", "numero": "24", "tipo__sigla": "REQ", "tipo__descricao": "Requerimento de Informa\u00e7\u00e3o", "autoria": "Barcelos Resina", "texto_original": "http://sapl.conceicaodemacabu.rj.leg.br/media/./sapl/public/materialegislativa/2017/168/168_texto_integral.pdf", "ementa": "REQUERIMENTO DE AUTORIA DO VEREADOR BARCELOS RESINA, ONDE SOLICITA AO PODER EXECUTIVO AS SEGUINTES INFORMA\u00c7\u00d5ES: &#8226;\tCRONOGRAMA DA EXECU\u00c7\u00c3O DOS SERVI\u00c7OS DE COLETA E TRANSPORTE DE RES\u00cdDUOS S\u00d3LIDOS VOLUMOSOS E ENTULHOS (EXCETO DOMICILIAR E HOSPITALAR); VARRI\u00c7\u00c3O MANUAL DE VIAS E LOGRADOUROS P\u00daBLICOS; CAPINA\u00c7\u00c3O MANUAL DE VIAS E LOGRADOUROS P\u00daBLICOS; RASPAGEM MANUAL DE VIAS E LOGRADOUROS P\u00daBLICOS; PINTURA DE GUIAS DE VIAS E LOGRADOUROS P\u00daBLICOS; LIMPEZA DE BOCAS DE LOBO, GALERIAS, CANAIS, C\u00d3RREGOS E ESTRADAS; PODA, DESBASTE E ARRANQUIO DE \u00c1RVORES E LIMPEZA DE PRA\u00c7AS E JARDINS; LIMPEZA DE PRA\u00c7AS E JARDINS, DO PER\u00cdODO DE 01/01/2017 AT\u00c9 A PRESENTE DATA. SERVI\u00c7OS ESTES FIRMADOS ATRAV\u00c9S DO PROCESSO LICITAT\u00d3RIO N\u00ba 3113/2014, MODALIDADE PREG\u00c3O PRESENCIAL 017-2014; &#8226;\tPLANILHA COM INFORMA\u00c7\u00d5ES SOBRE OS DIAS, LOCAIS E HOR\u00c1RIOS DO SERVI\u00c7O DE COLETA DE LIXO DOMICILIAR/URBANO."}, {"id": "177", "ano": "2017", "numero": "25", "tipo__sigla": "REQ", "tipo__descricao": "Requerimento de Informa\u00e7\u00e3o", "autoria": "Barcelos Resina", "texto_original": "http://sapl.conceicaodemacabu.rj.leg.br/media/./sapl/public/materialegislativa/2017/177/177_texto_integral.pdf", "ementa": "REQUERIMENTO DE INFORMA\u00c7\u00c3O DE AUTORIA DO VEREADOR BARCELOS RESINA, ONDE SOLICITA AO PODER EXECUTIVO AS SEGUINTES INFORMA\u00c7\u00d5ES: &#8226;\tRELA\u00c7\u00c3O DE SERVIDORES LOTADOS NA FUN\u00c7\u00c3O DE GUARDA MUNICIPAL, ATIVOS, AFASTADOS POR MOTIVO DE DOEN\u00c7A, LICEN\u00c7A PR\u00caMIO; LICEN\u00c7A SEM VENCIMENTO; CEDIDOS A OUTRAS SECRETARIAS DO MUNIC\u00cdPIO OU \u00d3RG\u00c3OS EXTERNOS, BEM COMO AQUELES QUE OCUPAM CARGO EM COMISS\u00c3O NA ADMINISTRA\u00c7\u00c3O DIRETA;\r\n&#8226;\tESCALA DE SERVI\u00c7O DOS SERVIDORES ATIVOS NA SECRETARIA MUNICIPAL DE SEGURAN\u00c7A P\u00daBLICA, COM OS RESPECTIVOS LOCAIS E HOR\u00c1RIOS DE ATUA\u00c7\u00c3O.\r\n"}, {"id": "217", "ano": "2017", "numero": "27", "tipo__sigla": "REQ", "tipo__descricao": "Requerimento de Informa\u00e7\u00e3o", "autoria": "Barcelos Resina", "texto_original": "http://sapl.conceicaodemacabu.rj.leg.br/media/", "ementa": "REQUERIMENTO DE AUTORIA DO VEREADOR BARCELOS RESINA ONDE REQUER AO PODER EXECUTIVO AS SEGUINTES INFORMA\u00c7\u00d5ES: RELA\u00c7\u00c3O DOS EQUIPAMENTOS M\u00c9DICOS DISPON\u00cdVEIS EM EM FUNCIONAMENTO NA EMERG\u00caNCIA DO HOSPITAL MUNICIPAL ANA MOREIRA; RELA\u00c7\u00c3O DOS EQUIPAMENTOS M\u00c9DICOS DISPON\u00cdVEIS EM FUNCIONAMENTO NAS AMBUL\u00c2NCIAS DO HOSPITAL MUNICIPAL ANA MOREIRA; RELA\u00c7\u00c3O E QUANTIDADE EM ESTOQUE NA REFERIDA DATA DA INFORMA\u00c7\u00c3O, DOS MEDICAMENTOS (INCLUSIVE CONTROLADOS), SERINGAS (1ML), CAIXAS DE TIRAS DE GLICEMIA E APARELHOS PARA MEDICA\u00c7\u00c3O DE GLICOSE EM ESTOQUE NA FARM\u00c1CIA (ALMOXARIFADO) DA SECRETARIA MUNICIPAL DE SA\u00daDE. RESSALTANDO QUE A SOLICITA\u00c7\u00c3O REFERE-SE AOS DISPON\u00cdVEIS PARA DISTRIBUI\u00c7\u00c3O AOS MUN\u00cdCIPES."}, {"id": "214", "ano": "2017", "numero": "28", "tipo__sigla": "REQ", "tipo__descricao": "Requerimento de Informa\u00e7\u00e3o", "autoria": "Nath\u00e1lia Braga", "texto_original": "http://sapl.conceicaodemacabu.rj.leg.br/media/", "ementa": "REQUER AO PODER EXECUTIVO AS SEGUINTES INFORMA\u00c7\u00d5ES: C\u00d3PIA DAS NOTAS FISCAIS DOS MATERIAIS ATRAV\u00c9S DO PROCESSO LICITAT\u00d3RIO N\u00ba 4.430/2017 E INFORMA\u00c7\u00d5ES SOBRE O QUANTITATIVO DOS MATERIAIS DISPON\u00cdVEIS EM ESTOQUE E UTILIZADOS DESDE A HOMOLOGA\u00c7\u00c3O DO PROCESSO."}, {"id": "226", "ano": "2017", "numero": "29", "tipo__sigla": "REQ", "tipo__descricao": "Requerimento de Informa\u00e7\u00e3o", "autoria": "Barcelos Resina", "texto_original": "http://sapl.conceicaodemacabu.rj.leg.br/media/./sapl/public/materialegislativa/2017/226/226_texto_integral.pdf", "ementa": "REQUERIMENTO DE AUTORIA DO VEREADOR BARCELOS RESINA, ONDE SOLICITA AO PODER EXECUTIVO AS SEGUINTES INFORMA\u00c7\u00d5ES: EXIST\u00caNCIA DE LAUDO DO M\u00c9DICO DO TRABALHO, REDUZINDO PERCENTUAL DE 20% PARA 10% DO ADICIONAL DE INSALUBRIDADE PAGO AOS SERVIDORES DAS SEGUINTES CATEGORIAS: AUXILIAR DE CRECHE; COZINHEIRA (SECRETARIA MUNICIPAL DE EDUCA\u00c7\u00c3O); MERENDEIRA E AUXILIAR DE SERVI\u00c7OS ESCOLARES. EM CASO DE EXIST\u00caNCIA DO LAUDO, SOLICITA-O EM C\u00d3PIA INTEGRAL."}, {"id": "245", "ano": "2017", "numero": "30", "tipo__sigla": "REQ", "tipo__descricao": "Requerimento de Informa\u00e7\u00e3o", "autoria": "Sandro Daumas", "texto_original": "http://sapl.conceicaodemacabu.rj.leg.br/media/", "ementa": "REQUERIMENTO DE AUTORIA DO VEREADOR SANDRO DAUMAS, ONDE SOLICITA AO PODER EXECUTIVO AS SEGUINTES INFORMA\u00c7\u00d5ES: A)\tQUE SE ESCLARE\u00c7A DE FORMA CLARA OS CRIT\u00c9RIOS DETERMINADOS PELA LEGISLA\u00c7\u00c3O MUNICIPAL PARA CONCESS\u00c3O DO BENEFICIO DENOMINADO &#8220;INDENIZA\u00c7\u00c3O TRANSPORTE&#8221;;\r\nB)\tQUE SE ESCLARE\u00c7A SE TODOS OS SERVIDORES QUE PERCEBEM O BENEFICIO DENOMINADO &#8220;INSALUBRIDADE&#8221; FORAM SUBMETIDOS \u00c0 PER\u00cdCIA M\u00c9DICA PELO M\u00c9DICO DO TRABALHO DESTE MUNIC\u00cdPIO.\r\n"}, {"id": "247", "ano": "2017", "numero": "31", "tipo__sigla": "REQ", "tipo__descricao": "Requerimento de Informa\u00e7\u00e3o", "autoria": "Nath\u00e1lia Braga", "texto_original": "http://sapl.conceicaodemacabu.rj.leg.br/media/", "ementa": "REQUERIMENTO DE INFORMA\u00c7\u00c3O DE AUTORIA DA VEREADOR NATH\u00c1LIA BRAGA, ONDE SOLICITA AO PODER EXECUTIVO AS SEGUINTES INFORMA\u00c7\u00d5ES: QUAIS AS ESPECIALIDADES M\u00c9DICAS DISPON\u00cdVEIS NO POSTO CENTRAL (USINA) E NA CL\u00cdNICA DA FAM\u00cdLIA (S\u00c3O HENRY), BEM COMO OS DIAS DOS RESPECTIVOS ATENDIMENTOS."}, {"id": "295", "ano": "2017", "numero": "32", "tipo__sigla": "REQ", "tipo__descricao": "Requerimento de Informa\u00e7\u00e3o", "autoria": "Barcelos Resina", "texto_original": "http://sapl.conceicaodemacabu.rj.leg.br/media/./sapl/public/materialegislativa/2017/295/295_texto_integral.pdf", "ementa": "REQUERIMENTO DE AUTORIA DO VEREADOR BARCELOS RESINA, SOLICITANDO AO PODER EXECUTIVO INFORMA\u00c7\u00d5ES SOBRE PREVIS\u00c3O DE CAL\u00c7AMENTO, INSTALA\u00c7\u00c3O DE REDES DE \u00c1GUA E ESGOTOS EM VIAS P\u00daBLICAS DO MUNIC\u00cdPIO."}, {"id": "296", "ano": "2017", "numero": "33", "tipo__sigla": "REQ", "tipo__descricao": "Requerimento de Informa\u00e7\u00e3o", "autoria": "Barcelos Resina", "texto_original": "http://sapl.conceicaodemacabu.rj.leg.br/media/./sapl/public/materialegislativa/2017/296/296_texto_integral.pdf", "ementa": "REQUERIMENTO DE AUTORIA DO VEREADOR BARCELOS RESINA, ONDE SOLICITA AO PODER EXECUTIVO INFORMA\u00c7\u00d5ES SOBRE A PREVIS\u00c3O PARA T\u00c9RMINO DE OBRAS, REFORMAS E INSTALA\u00c7\u00c3O DE EQUIPAMENTOS MOBILI\u00c1RIOS NA ESCOLA MUNICIPAL E CRECHE PITEIRA."}, {"id": "299", "ano": "2017", "numero": "34", "tipo__sigla": "REQ", "tipo__descricao": "Requerimento de Informa\u00e7\u00e3o", "autoria": "Andr\u00e9 da Mudan\u00e7a", "texto_original": "http://sapl.conceicaodemacabu.rj.leg.br/media/./sapl/public/materialegislativa/2017/299/299_texto_integral.pdf", "ementa": "REQUER AO PODER EXECUTIVO C\u00d3PIA DE INTEIRO TEOR DO PROCESSO LICITAT\u00d3RIO N\u00ba 555/2017, REFERENTE \u00c0 AQUISI\u00c7\u00c3O DE MATERIAL ESPORTIVO PARA A REDE MUNICIPAL DE ENSINO, EM CAR\u00c1TER DE URG\u00caNCIA."}, {"id": "297", "ano": "2017", "numero": "35", "tipo__sigla": "REQ", "tipo__descricao": "Requerimento de Informa\u00e7\u00e3o", "autoria": "Andr\u00e9 da Mudan\u00e7a", "texto_original": "http://sapl.conceicaodemacabu.rj.leg.br/media/./sapl/public/materialegislativa/2017/297/297_texto_integral.pdf", "ementa": "REQUER AO PODER EXECUTIVO RELA\u00c7\u00c3O DE TODOS OS VE\u00cdCULOS OFICIAIS DO MUNIC\u00cdPIO POR SECRETARIA E/OU \u00d3RG\u00c3O E C\u00d3PIA DOS CERTIFICADOS DE REGISTRO E LICENCIAMENTO DE VE\u00cdCULO (CRLV) DE TODA A FROTA, EM CAR\u00c1TER DE URG\u00caNCIA."}, {"id": "303", "ano": "2017", "numero": "36", "tipo__sigla": "REQ", "tipo__descricao": "Requerimento de Informa\u00e7\u00e3o", "autoria": "Sandro Daumas", "texto_original": "http://sapl.conceicaodemacabu.rj.leg.br/media/", "ementa": "REQUERIMENTO DE INFORMA\u00c7\u00c3O DE AUTORIA DO VEREADOR SANDRO DAUMAS, SOLICITANDO AO PRESIDENTE DA CASA LEGISLATIVA INFORMA\u00c7\u00c3O SOBRE PUBLICA\u00c7\u00c3O DA PROPOSTA OR\u00c7AMENT\u00c1RIA ENCAMINHADAS PELO PREFEITO, DETERMINADA PELO ART. 213 DO REGIMENTO INTERNO."}, {"id": "304", "ano": "2017", "numero": "37", "tipo__sigla": "REQ", "tipo__descricao": "Requerimento de Informa\u00e7\u00e3o", "autoria": "Sandro Daumas", "texto_original": "http://sapl.conceicaodemacabu.rj.leg.br/media/", "ementa": "REQUERIMENTO DE INFORMA\u00c7\u00c3O DE AUTORIA DO VEREADOR SANDRO DAUMAS, SOLICITANDO AO SECRET\u00c1RIO MUNICIPAL DE SEGURAN\u00c7A, INFORMA\u00c7\u00c3O SOBRE CUMPRIMENTO DA LEI MUNICIPAL N\u00ba 1.425/2013, BEM COMO SOBRE EXIST\u00caNCIA DE INTERESSE DA MUNICIPALIDADE EM MANTER CONV\u00caNIO OU PARCERIA COM A INICIATIVA PRIVADA (FARM\u00c1CIAS) PARA CONFEC\u00c7\u00c3O E INSTALA\u00c7\u00c3O DE PLACAS DE SINALIZA\u00c7\u00c3O EM FRENTE AOS ESTABELECIMENTOS COMERCIAIS."}, {"id": "307", "ano": "2017", "numero": "38", "tipo__sigla": "REQ", "tipo__descricao": "Requerimento de Informa\u00e7\u00e3o", "autoria": "Messias", "texto_original": "http://sapl.conceicaodemacabu.rj.leg.br/media/", "ementa": "REQUERIMENTO DE INFORMA\u00c7\u00c3O DE AUTORIA DO VEREADOR JOS\u00c9 MESSIAS, SOLICITANDO AO PODER EXECUTIVO INFORMA\u00c7\u00d5ES SOBRE UM LIX\u00c3O EXISTENTE NO BAIRRO CAL\u00c7ADINHA, DEVENDO ESCLARECER OS SEGUINTES PONTOS: A) SE A \u00c1REA DO LIX\u00c3O \u00c9 PARTICULAR OU P\u00daBLICA; B) SE A \u00c1REA DO LIX\u00c3O FOR ARTICULAR QUE SE ESCLARE\u00c7A A QUEM PERTENCE; C) SE O LIX\u00c3O \u00c9 LEGALIZADO, NESTE CASO QUE ENCAMINHE A DOCUMENTA\u00c7\u00c3O DE FUNCIONAMENTO DO MESMO; D) E N\u00c3O SENDO LEGALIZADO, QUE SE ESCLARE\u00c7A QUAIS AS MEDIDAS ADMINISTRATIVAS E/OU JUDICIAL ADOTADO POR ESTE MUNIC\u00cdPIO PARA COIBIR TAL PR\u00c1TICA. "}, {"id": "312", "ano": "2017", "numero": "39", "tipo__sigla": "REQ", "tipo__descricao": "Requerimento de Informa\u00e7\u00e3o", "autoria": "Barcelos Resina", "texto_original": "http://sapl.conceicaodemacabu.rj.leg.br/media/", "ementa": "REQUERIMENTO DE INFORMA\u00c7\u00c3O DE AUTORIA DO VEREADOR BARCELOS RESINA, ONDE SOLICITA AO PODER EXECUTIVO AS SEGUINTES INFORMA\u00c7\u00d5ES: ESCLARECIMENTO SOBRE A BASE DE C\u00c1LCULO PARA PAGAMENTO DO D\u00c9CIMO TERCEIRO SAL\u00c1RIO E F\u00c9RIAS DOS SERVIDORES DE N\u00cdVEL SUPERIOR, COM RELA\u00c7\u00c3O A LEI MUNICIPAL N\u00ba 1.304/2014, VISTO A MUDAN\u00c7A NA FORMA DE PAGAMENTO QUE VEM OCORRENDO EM RELA\u00c7\u00c3O AOS EXERC\u00cdCIOS ANTERIORES, OU SEJA, ANTIGAMENTE O ADICIONAL DE GRATIFICA\u00c7\u00c3O DE INCENTIVO \u00c0 PRODUTIVIDADE, INSTITU\u00cdDO PELA LEI MUNICIPAL N\u00ba 1.304/2014, ERA APLICADO SOB OS PAGAMENTOS DE F\u00c9RIAS E D\u00c9CIMO TERCEIRO SAL\u00c1RIO;\r\n\r\nC\u00d3PIA DO PROCESSO ADMINISTRATIVO N\u00ba 18.371/2017."}, {"id": "88", "ano": "2017", "numero": "1", "tipo__sigla": "IND", "tipo__descricao": "Indica\u00e7\u00e3o Legislativa", "autoria": "Dr. Fernando", "texto_original": "http://sapl.conceicaodemacabu.rj.leg.br/media/./sapl/public/materialegislativa/2017/88/88_texto_integral.pdf", "ementa": "INDICA AO PODER EXECUTIVO TRANSPORTE GRATUITO PARA TODOS OS ESTUDANTES MACABUENSE QUE CURAM UNIVERSIDADE E ENSINO T\u00c9CNICO NAS CIDADES DE MACA\u00c9 E CAMPOS DOS GOYTACAZES."}, {"id": "89", "ano": "2017", "numero": "2", "tipo__sigla": "IND", "tipo__descricao": "Indica\u00e7\u00e3o Legislativa", "autoria": "Messias", "texto_original": "http://sapl.conceicaodemacabu.rj.leg.br/media/./sapl/public/materialegislativa/2017/89/89_texto_integral.pdf", "ementa": "INDICA AO PODER EXECUTIVO A CRIA\u00c7\u00c3O DO DIA 10 (DEZ), QUE INSTITUI O DIPLOMA ALUNO NOTA 10, VOLTADO AOS ESTUDANTES DO 6\u00ba AO 9\u00ba ANO DO ENSINO FUNDAMENTAL DA REDE MUNICIPAL DE EDUCA\u00c7\u00c3O QUE OBTIVEREM EXCELENTE DESEMPENHO DURANTE TODO ANO LETIVO."}, {"id": "90", "ano": "2017", "numero": "3", "tipo__sigla": "IND", "tipo__descricao": "Indica\u00e7\u00e3o Legislativa", "autoria": "Paulo Henrique - PH", "texto_original": "http://sapl.conceicaodemacabu.rj.leg.br/media/./sapl/public/materialegislativa/2017/90/90_texto_integral.pdf", "ementa": "INDICA AO PODER EXECUTIVO IMPLANTA\u00c7\u00c3O DE ACADEMIAS POPULARES NA PRA\u00c7A DR. JOS\u00c9 BONIF\u00c1CIO TASSARA, NO CONJUNTO HABITACIONAL SILVIO SOARES TAVARES, EM PONTOS ESTRAT\u00c9GICOS DOS BAIRROS BOCAINA, CURATO DE SANTA CATARINA E PORTO."}, {"id": "91", "ano": "2017", "numero": "4", "tipo__sigla": "IND", "tipo__descricao": "Indica\u00e7\u00e3o Legislativa", "autoria": "Paulo Henrique - PH", "texto_original": "http://sapl.conceicaodemacabu.rj.leg.br/media/./sapl/public/materialegislativa/2017/91/91_texto_integral.pdf", "ementa": "INDICA AO PODER EXECUTIVO QUE PROMOVA A IMPLANTA\u00c7\u00c3O DE REDE WIFI COMUNIT\u00c1RIA NAS SEGUINTES LOCALIDADES: CONJUNTO HABITACIONAL SILVIO SOARES TAVARES, NO BAIRRO VILA NOVA, PRA\u00c7A DR. JOS\u00c9 BONIF\u00c1CIO TASSARA, CENTRO, PRA\u00c7A DOMINGOS MANOEL TAVARES, NO SEGUNDO DISTRITO - MACABUZINHO E DEMAIS PRA\u00c7AS E \u00c1REAS P\u00daBLICAS DE LAZER DA CIDADE, BEM COMO QUADRAS ESPORTIVAS, INCLUINDO A SEDE MUNICIPAL DA CACHOEIRA DA AMOROSA."}, {"id": "92", "ano": "2017", "numero": "5", "tipo__sigla": "IND", "tipo__descricao": "Indica\u00e7\u00e3o Legislativa", "autoria": "Paulo Henrique - PH", "texto_original": "http://sapl.conceicaodemacabu.rj.leg.br/media/./sapl/public/materialegislativa/2017/92/92_texto_integral.pdf", "ementa": "INDICA AO PODER EXECUTIVO QUE ADOTE MEDIDAS ESTRAT\u00c9GICAS PARA ELABORA\u00c7\u00c3O DE PROGRAMA DE FINANCIAMENTO E ASSIST\u00caNCIA \u00c0 CONSTRU\u00c7\u00c3O OU MANUTEN\u00c7\u00c3O DE RESID\u00caNCIAS INCLUSIVAS PARA PESSOAS COM DEFICI\u00caNCIA EM SITUA\u00c7\u00c3O DE DEPEND\u00caNCIA, QUE N\u00c3O DISPONHAM DE CONDI\u00c7\u00d5ES DE AUTOSSUSTENTABILIDADE."}, {"id": "93", "ano": "2017", "numero": "6", "tipo__sigla": "IND", "tipo__descricao": "Indica\u00e7\u00e3o Legislativa", "autoria": "Paulo Henrique - PH", "texto_original": "http://sapl.conceicaodemacabu.rj.leg.br/media/./sapl/public/materialegislativa/2017/93/93_texto_integral.pdf", "ementa": "INDICA AO PODER EXECUTIVO QUE PROVIDENCIE O CAL\u00c7AMENTO DA RUA PAULO ROBERTO DIAS, BEM COMO DA SEQU\u00caNCIA DA RUA JO\u00c3O ANDRADE FILHO, NO BAIRRO PORTO."}, {"id": "94", "ano": "2017", "numero": "7", "tipo__sigla": "IND", "tipo__descricao": "Indica\u00e7\u00e3o Legislativa", "autoria": "Andr\u00e9 da Mudan\u00e7a", "texto_original": "http://sapl.conceicaodemacabu.rj.leg.br/media/./sapl/public/materialegislativa/2017/94/94_texto_integral.pdf", "ementa": "INDICA AO PODER EXECUTIVO QUE VIABILIZE IMPLANTA\u00c7\u00c3O DE PISO T\u00c1TIL EM TODOS OS PR\u00c9DIOS QUE SEDIAM \u00d3RG\u00c3OS P\u00daBLICOS MUNICIPAIS."}, {"id": "95", "ano": "2017", "numero": "8", "tipo__sigla": "IND", "tipo__descricao": "Indica\u00e7\u00e3o Legislativa", "autoria": "Andr\u00e9 da Mudan\u00e7a", "texto_original": "http://sapl.conceicaodemacabu.rj.leg.br/media/./sapl/public/materialegislativa/2017/95/95_texto_integral.pdf", "ementa": "INDICA AO PODER EXECUTIVO QUE VIABILIZE A INSTALA\u00c7\u00c3O DE SEM\u00c1FORO SONORO NO CRUZAMENTO DE MAIOR MOVIMENTO DO MUNIC\u00cdPIO, LOCALIZADO AP\u00d3S DA C\u00c2MARA MUNICIPAL, NA PRA\u00c7A DR. JOS\u00c9 BONIF\u00c1CIO TASSARA."}, {"id": "96", "ano": "2017", "numero": "9", "tipo__sigla": "IND", "tipo__descricao": "Indica\u00e7\u00e3o Legislativa", "autoria": "Guta", "texto_original": "http://sapl.conceicaodemacabu.rj.leg.br/media/./sapl/public/materialegislativa/2017/96/96_texto_integral.pdf", "ementa": "INDICA AO PODER EXECUTIVO  A INSTALA\u00c7\u00c3O DE UMA ACADEMIA POPULAR AO AR LIVRE NA COMUNIDADE DA RH\u00d3DIA."}, {"id": "97", "ano": "2017", "numero": "10", "tipo__sigla": "IND", "tipo__descricao": "Indica\u00e7\u00e3o Legislativa", "autoria": "Barcelos Resina", "texto_original": "http://sapl.conceicaodemacabu.rj.leg.br/media/./sapl/public/materialegislativa/2017/97/97_texto_integral.pdf", "ementa": "INDICA AO PODER EXECUTIVO OBRAS DE CAL\u00c7AMENTO DA RUA \u00c1LVARO DIAS, LOCALIZADA NO BAIRRO BOCAINA."}, {"id": "98", "ano": "2017", "numero": "11", "tipo__sigla": "IND", "tipo__descricao": "Indica\u00e7\u00e3o Legislativa", "autoria": "Barcelos Resina", "texto_original": "http://sapl.conceicaodemacabu.rj.leg.br/media/./sapl/public/materialegislativa/2017/98/98_texto_integral.pdf", "ementa": "INDICA AO PODER EXECUTIVO OBRAS DE CAL\u00c7AMENTO DE RUA SEM SEM SA\u00cdDA COM CERCA DE 60 METROS DE EXTENS\u00c3O, LOCALIZADA EM FRENTE AO N\u00daMERO 16 DA RUA MERCEDES SOARES BARBOSA, NO BAIRRO ELDORADO."}, {"id": "99", "ano": "2017", "numero": "12", "tipo__sigla": "IND", "tipo__descricao": "Indica\u00e7\u00e3o Legislativa", "autoria": "Barcelos Resina", "texto_original": "http://sapl.conceicaodemacabu.rj.leg.br/media/./sapl/public/materialegislativa/2017/99/99_texto_integral.pdf", "ementa": "INDICA AO PODER EXECUTIVO OBRAS DE CAL\u00c7AMENTO E INSTALA\u00c7\u00c3O DE TUBOS DE CONCRETO DESTINADOS A CONDU\u00c7\u00c3O DE \u00c1GUAS PLUVIAIS NA RUA RUBENS PINHEIRO, LOCALIZADA NA CH\u00c1CARA DE SANTANA."}, {"id": "100", "ano": "2017", "numero": "13", "tipo__sigla": "IND", "tipo__descricao": "Indica\u00e7\u00e3o Legislativa", "autoria": "Barcelos Resina", "texto_original": "http://sapl.conceicaodemacabu.rj.leg.br/media/./sapl/public/materialegislativa/2017/100/100_texto_integral.pdf", "ementa": "INDICA AO PODER EXECUTIVO OBRAS DE CAL\u00c7AMENTO, REDES DE \u00c1GUAS E ESGOTOS, NA VIA P\u00daBLICA QUE LIGA OS BAIRROS DA TRIBO A PITEIRAS, COM CERCA DE 1.100 METROS DE EXTENS\u00c3O."}, {"id": "101", "ano": "2017", "numero": "14", "tipo__sigla": "IND", "tipo__descricao": "Indica\u00e7\u00e3o Legislativa", "autoria": "Barcelos Resina", "texto_original": "http://sapl.conceicaodemacabu.rj.leg.br/media/./sapl/public/materialegislativa/2017/101/101_texto_integral.pdf", "ementa": "INDICA AO PODER EXECUTIVO OBRAS DE CAL\u00c7AMENTO E INSTALA\u00c7\u00c3O DE TUBOS DE CONCRETO DESTINADOS A CONDU\u00c7\u00c3O DE \u00c1GUAS PLUVIAIS NA RUA PAULO ROBERTO DIAS, LOCALIZADA NO BAIRRO PORTO."}, {"id": "102", "ano": "2017", "numero": "15", "tipo__sigla": "IND", "tipo__descricao": "Indica\u00e7\u00e3o Legislativa", "autoria": "Barcelos Resina", "texto_original": "http://sapl.conceicaodemacabu.rj.leg.br/media/./sapl/public/materialegislativa/2017/102/102_texto_integral.pdf", "ementa": "INDICA AO PODER EXECUTIVO OBRAS DE CAL\u00c7AMENTO E INSTALA\u00c7\u00c3O DE TUBOS DE CONCRETO DESTINADOS A CONDU\u00c7\u00c3O DE ESGOTO SANIT\u00c1RIO, INSTALA\u00c7\u00c3O DE REDES DE \u00c1GUAS PLUVIAIS NA RUA PROJETADA PARALELA A RUA MERCEDES SOARES BARBOSA, LOCALIZADA NO BAIRRO ELDORADO."}, {"id": "103", "ano": "2017", "numero": "16", "tipo__sigla": "IND", "tipo__descricao": "Indica\u00e7\u00e3o Legislativa", "autoria": "Barcelos Resina", "texto_original": "http://sapl.conceicaodemacabu.rj.leg.br/media/./sapl/public/materialegislativa/2017/103/103_texto_integral.pdf", "ementa": "INDICA AO PODER EXECUTIVO A INSTALA\u00c7\u00c3O DE SEM\u00c1FORO, SINALIZA\u00c7\u00c3O VERTICAL E HORIZONTAL NO CRUZAMENTO ENTRE A AVENIDA VICTOR SENCE E A RUA DR. MILNE RIBEIRO, LOCALIZADO NO CENTRO DE CONCEI\u00c7\u00c3O DE MACABU."}, {"id": "104", "ano": "2017", "numero": "17", "tipo__sigla": "IND", "tipo__descricao": "Indica\u00e7\u00e3o Legislativa", "autoria": "Barcelos Resina", "texto_original": "http://sapl.conceicaodemacabu.rj.leg.br/media/./sapl/public/materialegislativa/2017/104/104_texto_integral.pdf", "ementa": "INDICA AO PODER EXECUTIVO OBRAS DE CAL\u00c7AMENTO E INSTALA\u00c7\u00c3O DE BORDAS DE PEDRAS (MEIO-FIO), NA RUA \u00c2NGELO JOS\u00c9 DOS SANTOS, LOCALIZADA NO BAIRRO DA TRIBO EM CONCEI\u00c7\u00c3O DE MACABU."}, {"id": "105", "ano": "2017", "numero": "18", "tipo__sigla": "IND", "tipo__descricao": "Indica\u00e7\u00e3o Legislativa", "autoria": "Barcelos Resina", "texto_original": "http://sapl.conceicaodemacabu.rj.leg.br/media/./sapl/public/materialegislativa/2017/105/105_texto_integral.pdf", "ementa": "INDICA AO PODER EXECUTIVO IMPLANTA\u00c7\u00c3O DE PRA\u00c7A COM PARQUINHO INFANTIL E CERCAMENTO NO TERRENO QUE FICA LOCALIZADO NA RUA MERCEDES SOARES BARBOSA AO LADO DA CRECHE MUNICIPAL VOV\u00d3 CEDINHA, NO BAIRRO ELDORADO."}, {"id": "106", "ano": "2017", "numero": "19", "tipo__sigla": "IND", "tipo__descricao": "Indica\u00e7\u00e3o Legislativa", "autoria": "Barcelos Resina", "texto_original": "http://sapl.conceicaodemacabu.rj.leg.br/media/./sapl/public/materialegislativa/2017/106/106_texto_integral.pdf", "ementa": "INDICA AO PODER EXECUTIVO OBRAS DE CAL\u00c7AMENTO E DE REDE DE \u00c1GUA E ESGOTO DA RUA PROJETADA, COM CERCA DE 100 METROS DE EXTENS\u00c3O, SENDO ESTA TRANSVERSA AO FINAL DA RUA VEREADOR MI\u00c9RCIO BARBOSA, NO BAIRRO ELDORADO."}, {"id": "107", "ano": "2017", "numero": "20", "tipo__sigla": "IND", "tipo__descricao": "Indica\u00e7\u00e3o Legislativa", "autoria": "Barcelos Resina", "texto_original": "http://sapl.conceicaodemacabu.rj.leg.br/media/./sapl/public/materialegislativa/2017/107/107_texto_integral.pdf", "ementa": "INDICA AO PODER EXECUTIVO INFORMATIZA\u00c7\u00c3O DA RECEP\u00c7\u00c3O DO HOSPITAL MUNICIPAL ANA MOREIRA; INSTALA\u00c7\u00c3O  DE C\u00c2MERAS DE MONITORAMENTO COM DISPOSITIVO DE GRAVA\u00c7\u00c3O PARA POSTERIOR CONSULTA; DEDETIZA\u00c7\u00c3O E DESRATIZA\u00c7\u00c3O EM TODO O PR\u00c9DIO, PRINCIPALMENTE NO POR\u00c3O."}, {"id": "108", "ano": "2017", "numero": "21", "tipo__sigla": "IND", "tipo__descricao": "Indica\u00e7\u00e3o Legislativa", "autoria": "Barcelos Resina", "texto_original": "http://sapl.conceicaodemacabu.rj.leg.br/media/./sapl/public/materialegislativa/2017/108/108_texto_integral.pdf", "ementa": "INDICA AO PODER EXECUTIVO AQUISI\u00c7\u00c3O DE UM APARELHO DE ELETROENCEFALOGRAMA COM MAPEAMENTO CEREBRAL."}, {"id": "109", "ano": "2017", "numero": "22", "tipo__sigla": "IND", "tipo__descricao": "Indica\u00e7\u00e3o Legislativa", "autoria": "Nath\u00e1lia Braga", "texto_original": "http://sapl.conceicaodemacabu.rj.leg.br/media/./sapl/public/materialegislativa/2017/109/109_texto_integral.pdf", "ementa": "INDICA AO PODER EXECUTIVO A IMPLANTA\u00c7\u00c3O DE CICLOVIA, CICLOFAIXAS E CICLORROTAS NA CIDADE."}, {"id": "110", "ano": "2017", "numero": "23", "tipo__sigla": "IND", "tipo__descricao": "Indica\u00e7\u00e3o Legislativa", "autoria": "Nath\u00e1lia Braga", "texto_original": "http://sapl.conceicaodemacabu.rj.leg.br/media/./sapl/public/materialegislativa/2017/110/110_texto_integral.pdf", "ementa": "INDICA AO PODER EXECUTIVO A INSTALA\u00c7\u00c3O DE BICICLET\u00c1RIOS EM FRENTE \u00c0S AG\u00caNCIAS BANC\u00c1RIAS DESTE MUN\u00cdCIPIO. "}, {"id": "111", "ano": "2017", "numero": "24", "tipo__sigla": "IND", "tipo__descricao": "Indica\u00e7\u00e3o Legislativa", "autoria": "Nath\u00e1lia Braga", "texto_original": "http://sapl.conceicaodemacabu.rj.leg.br/media/./sapl/public/materialegislativa/2017/111/111_texto_integral.pdf", "ementa": "INDICA AO PODER EXECUTIVO A INSTALA\u00c7\u00c3O DE ENERGIA SOLAR NOS \u00d3RG\u00c3OS P\u00daBLICOS. "}, {"id": "112", "ano": "2017", "numero": "25", "tipo__sigla": "IND", "tipo__descricao": "Indica\u00e7\u00e3o Legislativa", "autoria": "Dr. Fernando", "texto_original": "http://sapl.conceicaodemacabu.rj.leg.br/media/./sapl/public/materialegislativa/2017/112/112_texto_integral.pdf", "ementa": "INDICA AO PODER EXECUTIVO A REESTRUTURA\u00c7\u00c3O E MODERNIZA\u00c7\u00c3O DA FEIRA POPULAR MUNICIPAL DA ECONOMIA INFORMAL MACABUENSE, DENOMINADA COMO FRANCISCO GOMES DE OLIVEIRA."}, {"id": "113", "ano": "2017", "numero": "26", "tipo__sigla": "IND", "tipo__descricao": "Indica\u00e7\u00e3o Legislativa", "autoria": "Dr. Fernando", "texto_original": "http://sapl.conceicaodemacabu.rj.leg.br/media/./sapl/public/materialegislativa/2017/113/113_texto_integral.pdf", "ementa": "INDICA AO PODER EXECUTIVO PLANEJAMENTO E EXECU\u00c7\u00c3O DE OBRAS DE PAVIMENTA\u00c7\u00c3O E DE GALERIA PLUVIAL NA PRA\u00c7A DO ESTUDANTE."}, {"id": "116", "ano": "2017", "numero": "27", "tipo__sigla": "IND", "tipo__descricao": "Indica\u00e7\u00e3o Legislativa", "autoria": "Barcelos Resina", "texto_original": "http://sapl.conceicaodemacabu.rj.leg.br/media/./sapl/public/materialegislativa/2017/116/116_texto_integral.pdf", "ementa": "INDICA AO PODER EXECUTIVO INSTALA\u00c7\u00c3O DE DOIS BRA\u00c7OS DE ILUMINA\u00c7\u00c3O EM POSTES LOCALIZADOS EM FRENTE AO PR\u00c9DIO E TERRENO DA IGREJA METODISTA, LOCALIZADO NA VIA P\u00daBLICA ATR\u00c1S DA RODOVI\u00c1RIA."}, {"id": "117", "ano": "2017", "numero": "28", "tipo__sigla": "IND", "tipo__descricao": "Indica\u00e7\u00e3o Legislativa", "autoria": "Barcelos Resina", "texto_original": "http://sapl.conceicaodemacabu.rj.leg.br/media/./sapl/public/materialegislativa/2017/117/117_texto_integral.pdf", "ementa": "INDICA AO PODER EXECUTIVO OBRAS DE CAL\u00c7AMENTO EM TRECHO DE 150 METROS DE EXTENS\u00c3O, LOCALIZADO NA VIA P\u00daBLICA ATR\u00c1S DA RODOVI\u00c1RIA, TENDO COMO REFER\u00caNCIA A IGREJA METODISTA NO BAIRRO VILA NOVA."}, {"id": "119", "ano": "2017", "numero": "29", "tipo__sigla": "IND", "tipo__descricao": "Indica\u00e7\u00e3o Legislativa", "autoria": "Guta", "texto_original": "http://sapl.conceicaodemacabu.rj.leg.br/media/./sapl/public/materialegislativa/2017/119/119_texto_integral.pdf", "ementa": "INDICA AO PODER EXECUTIVO INCENTIVO PROFISSIONAL AOS OCUPANTES DO CARGO DE MAGIST\u00c9RIO EM N\u00cdVEL SUPERIOR."}, {"id": "120", "ano": "2017", "numero": "30", "tipo__sigla": "IND", "tipo__descricao": "Indica\u00e7\u00e3o Legislativa", "autoria": "Barcelos Resina", "texto_original": "http://sapl.conceicaodemacabu.rj.leg.br/media/./sapl/public/materialegislativa/2017/120/120_texto_integral.pdf", "ementa": "INDICA AO PODER EXECUTIVO INSTALA\u00c7\u00c3O DE C\u00c2MERAS DE MONITORAMENTO COM CENTRAL DE VISUALIZA\u00c7\u00c3O E GRAVA\u00c7\u00c3O DE IMAGENS NA \u00c1REA CENTRAL E ROTAS DE ENTRADAS E SA\u00cdDAS DO MUNIC\u00cdPIO."}, {"id": "121", "ano": "2017", "numero": "31", "tipo__sigla": "IND", "tipo__descricao": "Indica\u00e7\u00e3o Legislativa", "autoria": "Barcelos Resina", "texto_original": "http://sapl.conceicaodemacabu.rj.leg.br/media/./sapl/public/materialegislativa/2017/121/121_texto_integral.pdf", "ementa": "INDICA AO PODER EXECUTIVO OBRAS DE CAL\u00c7AMENTO E INSTALA\u00c7\u00c3O DE REDE COLETORA DE ESGOTO E DE \u00c1GUAS PLUVIAIS NA RUA GERTRUDES VALENTIN, LOCALIZADA NO BAIRRO PITEIRAS."}, {"id": "125", "ano": "2017", "numero": "32", "tipo__sigla": "IND", "tipo__descricao": "Indica\u00e7\u00e3o Legislativa", "autoria": "Barcelos Resina", "texto_original": "http://sapl.conceicaodemacabu.rj.leg.br/media/./sapl/public/materialegislativa/2017/125/125_texto_integral.pdf", "ementa": "INDICA AO PODER EXECUTIVO OBRAS DE CAL\u00c7AMENTO, INSTALA\u00c7\u00c3O DE REDE COLETORA DE ESGOTO E DE ABASTECIMENTO DE \u00c1GUA, NA RUA QUIRINO NUNES LOCALIZADA NA BAIRRO DA USINA."}, {"id": "126", "ano": "2017", "numero": "33", "tipo__sigla": "IND", "tipo__descricao": "Indica\u00e7\u00e3o Legislativa", "autoria": "Barcelos Resina", "texto_original": "http://sapl.conceicaodemacabu.rj.leg.br/media/./sapl/public/materialegislativa/2017/126/126_texto_integral.pdf", "ementa": "INDICA AO PODER EXECUTIVO OBRAS DE CAL\u00c7AMENTO, REVIS\u00c3O DA REDE COLETORA DE ESGOTO E INSTALA\u00c7\u00c3O DE REDE COLETORA DE \u00c1GUA PLUVIAL NA RUA PROJETADA (VILA LEOLINDA), LOCALIZADA NO BAIRRO USINA, TENDO COMO REFER\u00caNCIA O DEP\u00d3SITO DE G\u00c1S DA EMPRESA ULTRAG\u00c1S."}, {"id": "127", "ano": "2017", "numero": "34", "tipo__sigla": "IND", "tipo__descricao": "Indica\u00e7\u00e3o Legislativa", "autoria": "Barcelos Resina", "texto_original": "http://sapl.conceicaodemacabu.rj.leg.br/media/./sapl/public/materialegislativa/2017/127/127_texto_integral.pdf", "ementa": "INDICA AO PODER EXECUTIVO OBRAS DE CAL\u00c7AMENTO NA RUA PROJETADA, LOCALIZADA NO BAIRRO USINA AS MARGENS DA RODOVIA RJ 182, PR\u00d3XIMO AO RADAR ELETR\u00d4NICO."}, {"id": "129", "ano": "2017", "numero": "35", "tipo__sigla": "IND", "tipo__descricao": "Indica\u00e7\u00e3o Legislativa", "autoria": "Barcelos Resina", "texto_original": "http://sapl.conceicaodemacabu.rj.leg.br/media/./sapl/public/materialegislativa/2017/129/129_texto_integral.pdf", "ementa": "INDICA AO EXCELENT\u00cdSSIMO SENHOR PREFEITO MUNICIPAL DE CONCEI\u00c7\u00c3O DE MACABU, INSTALA\u00c7\u00c3O DE BRA\u00c7O DE LUZ EM POSTE NA RUA ARISTATILDES GRIJ\u00d3, EM FRENTE A PRA\u00c7A DA PITEIRA E CASA 20."}, {"id": "132", "ano": "2017", "numero": "36", "tipo__sigla": "IND", "tipo__descricao": "Indica\u00e7\u00e3o Legislativa", "autoria": "Nath\u00e1lia Braga", "texto_original": "http://sapl.conceicaodemacabu.rj.leg.br/media/./sapl/public/materialegislativa/2017/132/132_texto_integral.pdf", "ementa": "INDICA AO PODER EXECUTIVO A IMPLANTA\u00c7\u00c3O DE ESCOLA DE EQUITA\u00c7\u00c3O EDUCATIVA."}, {"id": "133", "ano": "2017", "numero": "37", "tipo__sigla": "IND", "tipo__descricao": "Indica\u00e7\u00e3o Legislativa", "autoria": "Paulo Henrique - PH", "texto_original": "http://sapl.conceicaodemacabu.rj.leg.br/media/./sapl/public/materialegislativa/2017/133/133_texto_integral.pdf", "ementa": "INDICA A EXTIN\u00c7\u00c3O DO &#8220;ABONO COMPLEMENTAR AO SAL\u00c1RIO M\u00cdNIMO&#8221; E &#8220;COMPLEMENTA\u00c7\u00c3O AO VENCIMENTO BASE&#8221;, DOS SERVIDORES EFETIVOS DO MUNIC\u00cdPIO DE CONCEI\u00c7\u00c3O DE MACABU, PASSANDO TAIS VALORES A INTEGRAR O SAL\u00c1RIO BASE."}, {"id": "134", "ano": "2017", "numero": "38", "tipo__sigla": "IND", "tipo__descricao": "Indica\u00e7\u00e3o Legislativa", "autoria": "Dr. Fernando", "texto_original": "http://sapl.conceicaodemacabu.rj.leg.br/media/./sapl/public/materialegislativa/2017/134/134_texto_integral.pdf", "ementa": "INDICA A CRIA\u00c7\u00c3O DO \u00d3RG\u00c3O DE PROTE\u00c7\u00c3O E DEFESA DO CONSUMIDOR - PROCON, NO \u00c2MBITO DO MUNIC\u00cdPIO DE CONCEI\u00c7\u00c3O DE MACABU &#8211; RJ, EM ATENDIMENTO AO ARTIGO 199 DA LEI ORG\u00c2NICA.\r\n\r\n"}, {"id": "135", "ano": "2017", "numero": "39", "tipo__sigla": "IND", "tipo__descricao": "Indica\u00e7\u00e3o Legislativa", "autoria": "Barcelos Resina", "texto_original": "http://sapl.conceicaodemacabu.rj.leg.br/media/./sapl/public/materialegislativa/2017/135/135_texto_integral.pdf", "ementa": "INDICA AO PODER EXECUTIVO CONSTRU\u00c7\u00c3O DE UMA PRA\u00c7A COM INSTALA\u00c7\u00c3O DE BRINQUEDOS EM TERRENO QUE SEDIAVA A ESCOLA SERINGUEIRA NO BAIRRO VILA TAVARES."}, {"id": "136", "ano": "2017", "numero": "40", "tipo__sigla": "IND", "tipo__descricao": "Indica\u00e7\u00e3o Legislativa", "autoria": "Barcelos Resina", "texto_original": "http://sapl.conceicaodemacabu.rj.leg.br/media/./sapl/public/materialegislativa/2017/136/136_texto_integral.pdf", "ementa": "INDICA AO PODER EXECUTIVO OBRAS DE CAL\u00c7AMENTO E DE IMPLANTA\u00c7\u00c3O DE REDE COLETORA DE ESGOTO, \u00c1GUA PLUVIAL E DE ABASTECIMENTO DE \u00c1GUA POT\u00c1VEL NA RUA ENO MAIA, LOCALIZADA NA COMUNIDADE DE CURATO DE SANTA CATARINA."}, {"id": "139", "ano": "2017", "numero": "41", "tipo__sigla": "IND", "tipo__descricao": "Indica\u00e7\u00e3o Legislativa", "autoria": "Barcelos Resina", "texto_original": "http://sapl.conceicaodemacabu.rj.leg.br/media/./sapl/public/materialegislativa/2017/139/139_texto_integral.pdf", "ementa": "INDICA AO PODER EXECUTIVO AQUISI\u00c7\u00c3O DE APARELHO DE ULTRASSONOGRAFIA DIGITAL COM MONITOR COLORIDO PARA REALIZA\u00c7\u00c3O DE EXAMES DOS \u00d3RG\u00c3OS INTERNOS UTILIZANDO AS VIAS NATURAIS DOR ORGANISMO, DOS \u00d3RG\u00c3OS EXTERNOS E SUPERFICIAIS E OBTEN\u00c7\u00c3O DE IMAGENS ESPECIAIS."}, {"id": "140", "ano": "2017", "numero": "42", "tipo__sigla": "IND", "tipo__descricao": "Indica\u00e7\u00e3o Legislativa", "autoria": "Toninho da Sa\u00fade", "texto_original": "http://sapl.conceicaodemacabu.rj.leg.br/media/./sapl/public/materialegislativa/2017/140/140_texto_integral.pdf", "ementa": "INDICA AO PODER EXECUTIVO A CONCESS\u00c3O DE INSALUBRIDADES AOS AGENTES DE ENDEMIAS DO MUNIC\u00cdPIO DE CONCEI\u00c7\u00c3O DE MACABU."}, {"id": "149", "ano": "2017", "numero": "43", "tipo__sigla": "IND", "tipo__descricao": "Indica\u00e7\u00e3o Legislativa", "autoria": "Sandro Daumas", "texto_original": "http://sapl.conceicaodemacabu.rj.leg.br/media/./sapl/public/materialegislativa/2017/149/149_texto_integral.pdf", "ementa": "INDICA AO PODER EXECUTIVO A IMPLANTA\u00c7\u00c3O DE CICLOVIAS, CICLOFAIXAS; SINALIZA\u00c7\u00c3O HORIZONTAL, VERTICAL E LUMINOSA NAS VIAS P\u00daBLICAS DO MUNIC\u00cdPIO."}, {"id": "150", "ano": "2017", "numero": "44", "tipo__sigla": "IND", "tipo__descricao": "Indica\u00e7\u00e3o Legislativa", "autoria": "Sandro Daumas", "texto_original": "http://sapl.conceicaodemacabu.rj.leg.br/media/./sapl/public/materialegislativa/2017/150/150_texto_integral.pdf", "ementa": "INDICA AO PODER EXECUTIVO REFLORESTAMENTO DO MORRO LOCALIZADO NO PARQUE DE EXPOSI\u00c7\u00d5ES OTTO GUIMAR\u00c3ES LINHARES."}, {"id": "151", "ano": "2017", "numero": "45", "tipo__sigla": "IND", "tipo__descricao": "Indica\u00e7\u00e3o Legislativa", "autoria": "Sandro Daumas", "texto_original": "http://sapl.conceicaodemacabu.rj.leg.br/media/./sapl/public/materialegislativa/2017/151/151_texto_integral.pdf", "ementa": "INDICA AO PODER EXECUTIVO SERVI\u00c7O DE LIMPEZA NA RESERVA AMBIENTAL LOCALIZADA NO CEMIT\u00c9RIO MUNICIPAL E A\u00c7\u00d5ES DE CONSCIENTIZA\u00c7\u00c3O PARA O N\u00c3O DESCARTE DE LIXOS, RES\u00cdDUOS E ENTULHOS.\r\n\r\n"}, {"id": "146", "ano": "2017", "numero": "46", "tipo__sigla": "IND", "tipo__descricao": "Indica\u00e7\u00e3o Legislativa", "autoria": "Barcelos Resina", "texto_original": "http://sapl.conceicaodemacabu.rj.leg.br/media/./sapl/public/materialegislativa/2017/146/146_texto_integral.pdf", "ementa": "INDICA AO PODER EXECUTIVO OBRAS DE RASPAGEM E RECAPEAMENTO DA RUA GODOFREDO GUIMAR\u00c3ES TAVARES, LOCALIZADA NO BAIRRO \u00c1LCALIS EM CONCEI\u00c7\u00c3O DE MACABU."}, {"id": "147", "ano": "2017", "numero": "47", "tipo__sigla": "IND", "tipo__descricao": "Indica\u00e7\u00e3o Legislativa", "autoria": "Barcelos Resina", "texto_original": "http://sapl.conceicaodemacabu.rj.leg.br/media/./sapl/public/materialegislativa/2017/147/147_texto_integral.pdf", "ementa": "INDICA AO PODER EXECUTIVO OBRAS DE RECAPEAMENTO ASF\u00c1LTICO NA RUA QUE D\u00c1 ACESSO AO CEMIT\u00c9RIO MUNICIPAL; INSTALA\u00c7\u00c3O DE REDE COLETORA DE \u00c1GUA PLUVIAL; INSTALA\u00c7\u00c3O DE ESTRUTURA E COBERTURA NOS CORREDORES DE ACESSO AOS T\u00daMULOS; INSTALA\u00c7\u00c3O DE POSTES COM BRA\u00c7OS DE LUZ PARA ILUMINA\u00c7\u00c3O NA PARTE EXTERNA E INTERNA E NA RUA DE ACESSO NO INTERIOR; REPARO NOS BANCOS EXISTENTES; RESERVA DE VAGAS DE ESTACIONAMENTO DE VE\u00cdCULOS PARA PESSOAS IDOSAS E COM DEFICI\u00caNCIA, COM PLACAS DE SINALIZA\u00c7\u00c3O; AQUISI\u00c7\u00c3O DE UNIFORMES E EQUIPAMENTOS DE PROTE\u00c7\u00c3O INDIVIDUAL PARA OS FUNCION\u00c1RIOS QUE TRABALHAM NO LOCAL."}, {"id": "148", "ano": "2017", "numero": "48", "tipo__sigla": "IND", "tipo__descricao": "Indica\u00e7\u00e3o Legislativa", "autoria": "Barcelos Resina", "texto_original": "http://sapl.conceicaodemacabu.rj.leg.br/media/./sapl/public/materialegislativa/2017/148/148_texto_integral.pdf", "ementa": "INDICA AO PODER EXECUTIVO CONSTRU\u00c7\u00c3O DE CAPELA MORTU\u00c1RIA P\u00daBLICA NO MUNIC\u00cdPIO."}, {"id": "153", "ano": "2017", "numero": "49", "tipo__sigla": "IND", "tipo__descricao": "Indica\u00e7\u00e3o Legislativa", "autoria": "Barcelos Resina", "texto_original": "http://sapl.conceicaodemacabu.rj.leg.br/media/./sapl/public/materialegislativa/2017/153/153_texto_integral.pdf", "ementa": "INDICA AO PODER EXECUTIVO OBRAS DE RECAPEAMENTO ASF\u00c1LTICO NA RUA \u00c1LVARO BELMONT DAUMAS, VIA P\u00daBLICA QUE LIGA O BAIRRO USINA A VILA NOVA."}, {"id": "154", "ano": "2017", "numero": "50", "tipo__sigla": "IND", "tipo__descricao": "Indica\u00e7\u00e3o Legislativa", "autoria": "Barcelos Resina", "texto_original": "http://sapl.conceicaodemacabu.rj.leg.br/media/./sapl/public/materialegislativa/2017/154/154_texto_integral.pdf", "ementa": "INDICA AO PODER EXECUTIVO OBRAS DE CAL\u00c7AMENTO E INSTALA\u00c7\u00c3O DE REDE COLETORA DE ESGOTO SANIT\u00c1RIO E DE \u00c1GUA PLUVIAL NA RUA EDUARDO NERES, LOCALIZADA NO BAIRRO BOCAINA."}, {"id": "155", "ano": "2017", "numero": "51", "tipo__sigla": "IND", "tipo__descricao": "Indica\u00e7\u00e3o Legislativa", "autoria": "Barcelos Resina", "texto_original": "http://sapl.conceicaodemacabu.rj.leg.br/media/./sapl/public/materialegislativa/2017/155/155_texto_integral.pdf", "ementa": "INDICA AO PODER EXECUTIVO OBRAS DE CAL\u00c7AMENTO E INSTALA\u00c7\u00c3O DE REDE COLETORA DE ESGOTO SANIT\u00c1RIO E DE \u00c1GUA FLUVIAL NA RUA SALVADOR DOS SANTOS FLORIDO, LOCALIZADA NO BAIRRO BOCAINA."}, {"id": "156", "ano": "2017", "numero": "52", "tipo__sigla": "IND", "tipo__descricao": "Indica\u00e7\u00e3o Legislativa", "autoria": "Barcelos Resina", "texto_original": "http://sapl.conceicaodemacabu.rj.leg.br/media/./sapl/public/materialegislativa/2017/156/156_texto_integral.pdf", "ementa": "INDICA AO PODER EXECUTIVO INSTALA\u00c7\u00c3O DE GUARDA CORPO NA PONTE LOCALIZADA NA RUA ITAMAR GOMES."}, {"id": "159", "ano": "2017", "numero": "53", "tipo__sigla": "IND", "tipo__descricao": "Indica\u00e7\u00e3o Legislativa", "autoria": "Barcelos Resina", "texto_original": "http://sapl.conceicaodemacabu.rj.leg.br/media/./sapl/public/materialegislativa/2017/159/159_texto_integral.pdf", "ementa": "INDICA AO PODER EXECUTIVO SERVI\u00c7OS DE REPARO NA GRADES QUE CERCAM A QUADRA LOCALIZADA NO BAIRRO CAL\u00c7ADINHA; MANUTEN\u00c7\u00c3O DOS REFLERORES; CERCAMENTO DA \u00c1REA ONDE ENCONTRA-SE INSTALADO O PARQUE INFANTIL COM ADEQUA\u00c7\u00c3O DO PISO; REFORMA DOS BANHEIROS E MESA DE CONCRETO; LIMPEZA GERAL; ORNAMENTA\u00c7\u00c3O COM PLANTIO DE GRAMA NO ENTORNO DA PRA\u00c7A."}, {"id": "160", "ano": "2017", "numero": "54", "tipo__sigla": "IND", "tipo__descricao": "Indica\u00e7\u00e3o Legislativa", "autoria": "Barcelos Resina", "texto_original": "http://sapl.conceicaodemacabu.rj.leg.br/media/./sapl/public/materialegislativa/2017/160/160_texto_integral.pdf", "ementa": "INDICA AO PODER EXECUTIVO ALTERA\u00c7\u00c3O DO PAR\u00c1GRAFO \u00daNICO, DO ARTIGO 17, DO DECRETO MUNICIPAL N\u00ba 074/2014, QUE REGULAMENTA A LEI MUNICIPAL N\u00ba 297/1997, OBJETIVANDO A PRORROGA\u00c7\u00c3O DO PRAZO DE 10 (DEZ) ANOS, PARA AT\u00c9 MAIS 02 (DOIS) ANOS, A DATA DE FABRICA\u00c7\u00c3O DOS VE\u00cdCULOS UTILIZADOS PARA O SERVI\u00c7O DE T\u00c1XI NO MUNIC\u00cdPIO."}, {"id": "162", "ano": "2017", "numero": "55", "tipo__sigla": "IND", "tipo__descricao": "Indica\u00e7\u00e3o Legislativa", "autoria": "Paulo Henrique - PH", "texto_original": "http://sapl.conceicaodemacabu.rj.leg.br/media/", "ementa": "INDICA A IMPLANTA\u00c7\u00c3O DE DUAS RAMPAS NO POSTO DE SA\u00daDE CENTRAL QUE PROMOVAM MELHOR ACESSIBILIDADE \u00c0S PESSOAS COM DEFICI\u00caNCIA."}, {"id": "163", "ano": "2017", "numero": "56", "tipo__sigla": "IND", "tipo__descricao": "Indica\u00e7\u00e3o Legislativa", "autoria": "Paulo Henrique - PH", "texto_original": "http://sapl.conceicaodemacabu.rj.leg.br/media/./sapl/public/materialegislativa/2017/163/163_texto_integral.pdf", "ementa": "INDICA REFORMAS E ADAPTA\u00c7\u00d5ES NA ESCOLA MUNICIPAL CURATO DE SANTA CATARINA."}, {"id": "165", "ano": "2017", "numero": "58", "tipo__sigla": "IND", "tipo__descricao": "Indica\u00e7\u00e3o Legislativa", "autoria": "Barcelos Resina", "texto_original": "http://sapl.conceicaodemacabu.rj.leg.br/media/./sapl/public/materialegislativa/2017/165/165_texto_integral.pdf", "ementa": "INDICA AO PODER EXECUTIVO A INSTALA\u00c7\u00c3O DE BRA\u00c7O DE LUZ EM POSTES LOCALIZADOS NA RUA CORONEL CASTRO, EM FRENTE AOS N\u00ba 261 E NA RODOVIA RJ 182, EM FRENTE AO N\u00ba 08, NO BAIRRO PORTO."}, {"id": "166", "ano": "2017", "numero": "59", "tipo__sigla": "IND", "tipo__descricao": "Indica\u00e7\u00e3o Legislativa", "autoria": "Guta", "texto_original": "http://sapl.conceicaodemacabu.rj.leg.br/media/./sapl/public/materialegislativa/2017/166/166_texto_integral.pdf", "ementa": "INDICA AO PODER EXECUTIVO AQUISI\u00c7\u00c3O OU REFORMA DAS BARRACAS UTILIZADAS NA FEIRA POPULAR MUNICIPAL DA ECONOMIA INFORMAL MACABUENSE, DENOMINADA COMO FRANCISCO GOMES DE OLIVEIRA."}, {"id": "170", "ano": "2017", "numero": "60", "tipo__sigla": "IND", "tipo__descricao": "Indica\u00e7\u00e3o Legislativa", "autoria": "Guta", "texto_original": "http://sapl.conceicaodemacabu.rj.leg.br/media/./sapl/public/materialegislativa/2017/170/170_texto_integral.pdf", "ementa": "INDICA AO PODER EXECUTIVO IMPLANTA\u00c7\u00c3O DE DEP\u00d3SITO DE ANIMAIS, NOS TERMOS DA LEI MUNICIPAL N\u00ba 1.010/2010."}, {"id": "171", "ano": "2017", "numero": "61", "tipo__sigla": "IND", "tipo__descricao": "Indica\u00e7\u00e3o Legislativa", "autoria": "Nath\u00e1lia Braga", "texto_original": "http://sapl.conceicaodemacabu.rj.leg.br/media/./sapl/public/materialegislativa/2017/171/171_texto_integral.pdf", "ementa": "INDICA AO PODER EXECUTIVO IMPLANTA\u00c7\u00c3O DE BICICLET\u00c1RIO NO HOSPITAL MUNICIPAL ANA MOREIRA."}, {"id": "172", "ano": "2017", "numero": "62", "tipo__sigla": "IND", "tipo__descricao": "Indica\u00e7\u00e3o Legislativa", "autoria": "Nath\u00e1lia Braga", "texto_original": "http://sapl.conceicaodemacabu.rj.leg.br/media/./sapl/public/materialegislativa/2017/172/172_texto_integral.pdf", "ementa": "INDICA AO PODER EXECUTIVO IMPLANTA\u00c7\u00c3O DE BANHEIROS ACESS\u00cdVEIS (CONSTRU\u00c7\u00c3O E/OU REFORMA) NOS \u00d3RG\u00c3OS P\u00daBLICOS MUNICIPAL E NAS ESCOLAS DA REDE MUNICIPAL DE ENSINO, BEM COMO NOS BANHEIROS P\u00daBLICOS QUE FUNCIONAM NO CORETO &#8211; CENTRO CAT\u00d3LICO MARIANO &#8211; FREI LAMBERTO BAXMANN."}, {"id": "173", "ano": "2017", "numero": "63", "tipo__sigla": "IND", "tipo__descricao": "Indica\u00e7\u00e3o Legislativa", "autoria": "Paulo Henrique - PH", "texto_original": "http://sapl.conceicaodemacabu.rj.leg.br/media/./sapl/public/materialegislativa/2017/173/173_texto_integral.pdf", "ementa": "INDICA AO PODER EXECUTIVO A IMPLANTA\u00c7\u00c3O DE C\u00c2MERAS DE MONITORAMENTO DE SEGURAN\u00c7A."}, {"id": "174", "ano": "2017", "numero": "64", "tipo__sigla": "IND", "tipo__descricao": "Indica\u00e7\u00e3o Legislativa", "autoria": "Dr. Fernando", "texto_original": "http://sapl.conceicaodemacabu.rj.leg.br/media/./sapl/public/materialegislativa/2017/174/174_texto_integral.pdf", "ementa": "INDICA AO PODER EXECUTIVO AQUISI\u00c7\u00c3O DE EQUIPAMENTOS DIGITAIS PARA A TORRE DE TRANSMISS\u00c3O DE SINAL DE TELEVIS\u00c3O."}, {"id": "175", "ano": "2017", "numero": "65", "tipo__sigla": "IND", "tipo__descricao": "Indica\u00e7\u00e3o Legislativa", "autoria": "Messias", "texto_original": "http://sapl.conceicaodemacabu.rj.leg.br/media/./sapl/public/materialegislativa/2017/175/175_texto_integral.pdf", "ementa": "INDICA AO PODER EXECUTIVO LIMPEZA DE BUEIROS E A INSTALA\u00c7\u00c3O DE BRA\u00c7O DE LUZ NA RUA DOMINGOS FONTE TAVARES, NO BAIRRO BOCAINA."}, {"id": "176", "ano": "2017", "numero": "66", "tipo__sigla": "IND", "tipo__descricao": "Indica\u00e7\u00e3o Legislativa", "autoria": "Messias", "texto_original": "http://sapl.conceicaodemacabu.rj.leg.br/media/./sapl/public/materialegislativa/2017/176/176_texto_integral.pdf", "ementa": "INDICA AO PODER EXECUTIVO QUE A QUEIMA DE OSSOS NO CEMIT\u00c9RIO MUNICIPAL S\u00d3 OCORRA AP\u00d3S AS 15H00MIN."}, {"id": "178", "ano": "2017", "numero": "67", "tipo__sigla": "IND", "tipo__descricao": "Indica\u00e7\u00e3o Legislativa", "autoria": "Guta", "texto_original": "http://sapl.conceicaodemacabu.rj.leg.br/media/./sapl/public/materialegislativa/2017/178/178_texto_integral.pdf", "ementa": "INDICA AO PODER EXECUTIVO QUE AP\u00d3S A ENTREGA \u00c0 COMUNIDADE DA UBS (UNIDADE B\u00c1SICA DE SA\u00daDE) DO SEGUNDO DISTRITO DESTE MUNIC\u00cdPIO, MACABUZINHO, SEJA ESTUDADO A VIABILIDADE DE SER IMPLANTADO ONDE FUNCIONA O ATUAL POSTO MUNICIPAL DE SA\u00daDE UM POSTO POLICIAL MILITAR."}, {"id": "205", "ano": "2017", "numero": "69", "tipo__sigla": "IND", "tipo__descricao": "Indica\u00e7\u00e3o Legislativa", "autoria": "Paulo Henrique - PH", "texto_original": "http://sapl.conceicaodemacabu.rj.leg.br/media/./sapl/public/materialegislativa/2017/205/205_texto_integral.pdf", "ementa": "INDICA AO PODER EXECUTIVO PLANEJAMENTO E EXECU\u00c7\u00c3O DE OBRAS DE CAL\u00c7AMENTO E DEMAIS INTERVEN\u00c7\u00d5ES DE INFRAESTRUTURA E SANEAMENTO NA RUA G, LOCALIZADA NO LOTEAMENTO GAIVOTA QUE INTERLIGA A RODOVIA RJ 182 AO BAIRRO DA TRIBO."}, {"id": "212", "ano": "2017", "numero": "70", "tipo__sigla": "IND", "tipo__descricao": "Indica\u00e7\u00e3o Legislativa", "autoria": "Barcelos Resina", "texto_original": "http://sapl.conceicaodemacabu.rj.leg.br/media/./sapl/public/materialegislativa/2017/212/212_texto_integral.pdf", "ementa": "INDICA AO PODER EXECUTIVO IMPLANTA\u00c7\u00c3O E/OU CONSTRU\u00c7\u00c3O DE ABRIGOS DE PASSAGEIROS AO LONGO DA RODOVIA RJ 182, FRENTE AO N\u00daMERO 03 E 087; TREVO DE SANTA MARIA E RUA CORONEL CASTRO FRENTE AO N\u00daMERO 283 - SENTINDO CONCEI\u00c7\u00c3O DE MACABU X MACA\u00c9; RODOVIA 182 TREVO DE SANTA MARIA SENTINDO MACA\u00c9 X MACABU E TREVO DO BAIRRO PITEIRAS NO SENTIDO CONCEI\u00c7\u00c3O DE MACABU X TRIUNFO."}, {"id": "220", "ano": "2017", "numero": "71", "tipo__sigla": "IND", "tipo__descricao": "Indica\u00e7\u00e3o Legislativa", "autoria": "Guta", "texto_original": "http://sapl.conceicaodemacabu.rj.leg.br/media/./sapl/public/materialegislativa/2017/220/220_texto_integral.pdf", "ementa": "INDICA AO PODER EXECUTIVO CRIA\u00c7\u00c3O DE UM SETOR NA SECRETARIA DE SA\u00daDE PARA CADASTRAMENTO E DISTRIBUI\u00c7\u00c3O DE CADEIRAS DE RODAS, MULETAS, ANDADORES E EQUIPAMENTOS SIMILARES PARA PESSOAS QUE NECESSITAM DESSES EQUIPAMENTOS."}, {"id": "221", "ano": "2017", "numero": "72", "tipo__sigla": "IND", "tipo__descricao": "Indica\u00e7\u00e3o Legislativa", "autoria": "Guta", "texto_original": "http://sapl.conceicaodemacabu.rj.leg.br/media/./sapl/public/materialegislativa/2017/221/221_texto_integral.pdf", "ementa": "INDICA AO PODER EXECUTIVO INCLUS\u00c3O DE RAMPAS DE ACESSIBILIDADE EM PROJETO QUE PREV\u00ca A CONSTRU\u00c7\u00c3O DE CAL\u00c7ADAS NO MUNIC\u00cdPIO."}, {"id": "223", "ano": "2017", "numero": "73", "tipo__sigla": "IND", "tipo__descricao": "Indica\u00e7\u00e3o Legislativa", "autoria": "", "texto_original": "http://sapl.conceicaodemacabu.rj.leg.br/media/./sapl/public/materialegislativa/2017/223/223_texto_integral.pdf", "ementa": "INDICA AO EXCELENT\u00cdSSIMO SENHOR PREFEITO INSTALA\u00c7\u00c3O DE POSTO FIXO E OU M\u00d3VEL (TRAILER, CONTAINER, ETC...) COM C\u00c2MERAS DE MONITORAMENTO NA PRA\u00c7A DR. JOS\u00c9 BONIF\u00c1CIO TASSARA, PARA SER UTILIZADO PELA GUARDA MUNICIPAL DE CONCEI\u00c7\u00c3O DE MACABU."}, {"id": "227", "ano": "2017", "numero": "74", "tipo__sigla": "IND", "tipo__descricao": "Indica\u00e7\u00e3o Legislativa", "autoria": "Barcelos Resina", "texto_original": "http://sapl.conceicaodemacabu.rj.leg.br/media/./sapl/public/materialegislativa/2017/227/227_texto_integral.pdf", "ementa": "INDICA AO PODER EXECUTIVO REALIZA\u00c7\u00c3O DE CONCURSO P\u00daBLICO PARA O CARGO DE GUARDA MUNICIPAL."}, {"id": "228", "ano": "2017", "numero": "76", "tipo__sigla": "IND", "tipo__descricao": "Indica\u00e7\u00e3o Legislativa", "autoria": "Paulo Henrique - PH", "texto_original": "http://sapl.conceicaodemacabu.rj.leg.br/media/./sapl/public/materialegislativa/2017/228/228_texto_integral.pdf", "ementa": "INDICA AO PODER EXECUTIVO CONSTRU\u00c7\u00c3O DE CAL\u00c7ADA E AMPLIA\u00c7\u00c3O DE MOBILIDADE NO PASSEIO P\u00daBLICO DA RUA GUILHERME BARBOSA, LOCALIZADA NO BAIRRO PORTO."}, {"id": "234", "ano": "2017", "numero": "78", "tipo__sigla": "IND", "tipo__descricao": "Indica\u00e7\u00e3o Legislativa", "autoria": "Barcelos Resina", "texto_original": "http://sapl.conceicaodemacabu.rj.leg.br/media/./sapl/public/materialegislativa/2017/234/234_texto_integral.pdf", "ementa": "INDICA AO PODER EXECUTIVO IMPLANTA\u00c7\u00c3O DE IDENTIFICA\u00c7\u00c3O VISUAL (LETREIRO, FAIXA, PLACA OU PINTURA)COM OS NOMES DOS PR\u00c9DIOS QUE SEDIAM A SECRETARIA MUNICIPAL DE SA\u00daDE E O CENTRO DE ATENDIMENTO DIVERSIFICADO)"}, {"id": "235", "ano": "2017", "numero": "79", "tipo__sigla": "IND", "tipo__descricao": "Indica\u00e7\u00e3o Legislativa", "autoria": "Barcelos Resina", "texto_original": "http://sapl.conceicaodemacabu.rj.leg.br/media/./sapl/public/materialegislativa/2017/235/235_texto_integral.pdf", "ementa": "INDICA AO PODER EXECUTIVO A INSTALA\u00c7\u00c3O DE BRA\u00c7O DE LUZ EM POSTE LOCALIZADA NA RUA DOS TRANSMISSORES, NO BAIRRO TORRE DA R\u00c1DIO."}, {"id": "236", "ano": "2017", "numero": "80", "tipo__sigla": "IND", "tipo__descricao": "Indica\u00e7\u00e3o Legislativa", "autoria": "Barcelos Resina", "texto_original": "http://sapl.conceicaodemacabu.rj.leg.br/media/./sapl/public/materialegislativa/2017/236/236_texto_integral.pdf", "ementa": "INDICA AO PODER EXECUTIVO SERVI\u00c7O DE RECAPEAMENTO ASF\u00c1LTICO NA RUA S\u00c3O JO\u00c3O, LOCALIZADA NO BAIRRO VILA S\u00c3O JOS\u00c9."}, {"id": "241", "ano": "2017", "numero": "81", "tipo__sigla": "IND", "tipo__descricao": "Indica\u00e7\u00e3o Legislativa", "autoria": "Barcelos Resina", "texto_original": "http://sapl.conceicaodemacabu.rj.leg.br/media/./sapl/public/materialegislativa/2017/241/241_texto_integral.pdf", "ementa": "INDICA AO EXCELENT\u00cdSSIMO SENHOR PREFEITO MUNICIPAL DE CONCEI\u00c7\u00c3O DE MACABU PAGAMENTO DE INSALUBRIDADE AOS AGENTES DE COMBATE A ENDEMIAS E AGENTES COMUNIT\u00c1RIOS DE SA\u00daDE DO MUNIC\u00cdPIO DE CONCEI\u00c7\u00c3O DE MACABU."}, {"id": "246", "ano": "2017", "numero": "82", "tipo__sigla": "IND", "tipo__descricao": "Indica\u00e7\u00e3o Legislativa", "autoria": "Guta", "texto_original": "http://sapl.conceicaodemacabu.rj.leg.br/media/./sapl/public/materialegislativa/2017/246/246_texto_integral.pdf", "ementa": "INDICA AO PODER EXECUTIVO INSTALA\u00c7\u00c3O DE DISPOSITIVO DE FILTRAGEM E RESFRIAMENTO DE \u00c1GUA NA PRA\u00c7A DR. JOS\u00c9 BONIF\u00c1CIO TASSARA, NO LOCAL CONHECIDO COMO "}, {"id": "243", "ano": "2017", "numero": "83", "tipo__sigla": "IND", "tipo__descricao": "Indica\u00e7\u00e3o Legislativa", "autoria": "Barcelos Resina", "texto_original": "http://sapl.conceicaodemacabu.rj.leg.br/media/./sapl/public/materialegislativa/2017/243/243_texto_integral.pdf", "ementa": "INDICA AO PODER EXECUTIVO SERVI\u00c7OS DE REVIS\u00c3O NA REDE EL\u00c9TRICA DO PR\u00c9DIO QUE SEDIA A SECRETARIA MUNICIPAL DE SA\u00daDE."}, {"id": "244", "ano": "2017", "numero": "84", "tipo__sigla": "IND", "tipo__descricao": "Indica\u00e7\u00e3o Legislativa", "autoria": "Barcelos Resina", "texto_original": "http://sapl.conceicaodemacabu.rj.leg.br/media/./sapl/public/materialegislativa/2017/244/244_texto_integral.pdf", "ementa": "INDICA AO PODER EXECUTIVO IMPLANTA\u00c7\u00c3O DE PLACA DE SINALIZA\u00c7\u00c3O DE TR\u00c2NSITO MODELO R-2 (D\u00ca PREFER\u00caNCIA), EM UM DOS SENTIDOS DA RODOVIA RJ 182, NA ALTURA DO TREVO DE ACESSO A RUA CORONEL CASTRO NO CENTRO DA CIDADE."}, {"id": "248", "ano": "2017", "numero": "85", "tipo__sigla": "IND", "tipo__descricao": "Indica\u00e7\u00e3o Legislativa", "autoria": "Nath\u00e1lia Braga", "texto_original": "http://sapl.conceicaodemacabu.rj.leg.br/media/./sapl/public/materialegislativa/2017/248/248_texto_integral.pdf", "ementa": "INDICA AO PODER EXECUTIVO QUE SEJA REALIZADA A PASSAGEM  DE CARRO FUMAC\u00ca E A VISITA DE AGENTES DE ENDEMIAS EM TODOS OS BAIRROS E ZONAS RURAIS."}, {"id": "249", "ano": "2017", "numero": "86", "tipo__sigla": "IND", "tipo__descricao": "Indica\u00e7\u00e3o Legislativa", "autoria": "Paulo Henrique - PH", "texto_original": "http://sapl.conceicaodemacabu.rj.leg.br/media/./sapl/public/materialegislativa/2017/249/249_texto_integral.pdf", "ementa": "INDICA AO PODER EXECUTIVO A CONSTRU\u00c7\u00c3O DE CAL\u00c7ADA E IMPLANTA\u00c7\u00c3O DE PASSARELA NA RUA BENEDITO MACHADO TAVARES, LOCALIZADA NO PORTO."}, {"id": "250", "ano": "2017", "numero": "87", "tipo__sigla": "IND", "tipo__descricao": "Indica\u00e7\u00e3o Legislativa", "autoria": "Guta", "texto_original": "http://sapl.conceicaodemacabu.rj.leg.br/media/./sapl/public/materialegislativa/2017/250/250_texto_integral.pdf", "ementa": "INDICA AO PODER EXECUTIVO CRIA\u00c7\u00c3O DE PROJETO CULTURAL DENOMINADO \"VER A BANDA PASSAR\"."}, {"id": "252", "ano": "2017", "numero": "88", "tipo__sigla": "IND", "tipo__descricao": "Indica\u00e7\u00e3o Legislativa", "autoria": "Guta", "texto_original": "http://sapl.conceicaodemacabu.rj.leg.br/media/./sapl/public/materialegislativa/2017/252/252_texto_integral.pdf", "ementa": "INDICA AO PODER EXECUTIVO CELEBRA\u00c7\u00c3O DE TERMO DE COLABORA\u00c7\u00c3O T\u00c9CNICA OU OUTRO INSTRUMENTO DO G\u00caNERO COM O GOVERNO ESTADUAL PARA INSTALA\u00c7\u00c3O DE UM DESTACAMENTO DA POL\u00cdCIA MILITAR AMBIENTAL NA CACHOEIRA DA AMOROSA."}, {"id": "253", "ano": "2017", "numero": "89", "tipo__sigla": "IND", "tipo__descricao": "Indica\u00e7\u00e3o Legislativa", "autoria": "Guta", "texto_original": "http://sapl.conceicaodemacabu.rj.leg.br/media/./sapl/public/materialegislativa/2017/253/253_texto_integral.pdf", "ementa": "INDICA AO PODER EXECUTIVO IMPLANTA\u00c7\u00c3O DE ESTRUTURA M\u00d3VEL NOS PRINCIPAIS PONTOS DE BANHO DA CACHOEIRA DA AMOROSA, DESTINADO \u00c0 ORIENTA\u00c7\u00c3O AMBIENTAL E TUR\u00cdSTICA DURANTE O VER\u00c3O 2017/2018."}, {"id": "254", "ano": "2017", "numero": "90", "tipo__sigla": "IND", "tipo__descricao": "Indica\u00e7\u00e3o Legislativa", "autoria": "Nath\u00e1lia Braga", "texto_original": "http://sapl.conceicaodemacabu.rj.leg.br/media/", "ementa": "INDICA AO PODER EXECUTIVO CONSTRU\u00c7\u00c3O DE P\u00d3RTICOS NAS PRINCIPAIS VIAS DE ENTRADA E SA\u00cdDA DO MUNIC\u00cdPIO DE CONCEI\u00c7\u00c3O DE MACABU."}, {"id": "255", "ano": "2017", "numero": "91", "tipo__sigla": "IND", "tipo__descricao": "Indica\u00e7\u00e3o Legislativa", "autoria": "Nath\u00e1lia Braga", "texto_original": "http://sapl.conceicaodemacabu.rj.leg.br/media/./sapl/public/materialegislativa/2017/255/255_texto_integral.pdf", "ementa": "INDICA AO PODER EXECUTIVO IMPLANTA\u00c7\u00c3O DE PISTA DE LA\u00c7O NO PARQUE DE EXPOSI\u00c7\u00c3O AGROPECU\u00c1RIA DE CONCEI\u00c7\u00c3O DE MACABU - DR. OTTO GUIMAR\u00c3ES LINHARES."}, {"id": "256", "ano": "2017", "numero": "92", "tipo__sigla": "IND", "tipo__descricao": "Indica\u00e7\u00e3o Legislativa", "autoria": "Guta", "texto_original": "http://sapl.conceicaodemacabu.rj.leg.br/media/./sapl/public/materialegislativa/2017/256/256_texto_integral.pdf", "ementa": "INDICA AO PODER EXECUTIVO OBRAS E SERVI\u00c7OS DE REPARO EM PRA\u00c7AS P\u00daBLICAS E PARQUES INFANTIS LOCALIZADOS NOS BAIRROS USINA E PORTO."}, {"id": "257", "ano": "2017", "numero": "93", "tipo__sigla": "IND", "tipo__descricao": "Indica\u00e7\u00e3o Legislativa", "autoria": "Dr. Fernando", "texto_original": "http://sapl.conceicaodemacabu.rj.leg.br/media/./sapl/public/materialegislativa/2017/257/257_texto_integral.pdf", "ementa": "INDICA AO PODER EXECUTIVO REMODELA\u00c7\u00c3O DA QUADRA DE AREIA LOCALIZADA NA PRA\u00c7A DR. JOSE BONIF\u00c1CIO TASSARA."}, {"id": "258", "ano": "2017", "numero": "94", "tipo__sigla": "IND", "tipo__descricao": "Indica\u00e7\u00e3o Legislativa", "autoria": "Messias", "texto_original": "http://sapl.conceicaodemacabu.rj.leg.br/media/./sapl/public/materialegislativa/2017/258/258_texto_integral.pdf", "ementa": "INDICA AO PODER EXECUTIVO EXTENS\u00c3O DE REDE DE \u00c1GUA POT\u00c1VEL NA RUA MARIA LUIZA FOLLY, LOCALIZADA NO BAIRRO BOCAINA."}, {"id": "259", "ano": "2017", "numero": "95", "tipo__sigla": "IND", "tipo__descricao": "Indica\u00e7\u00e3o Legislativa", "autoria": "Barcelos Resina", "texto_original": "http://sapl.conceicaodemacabu.rj.leg.br/media/./sapl/public/materialegislativa/2017/259/259_texto_integral.pdf", "ementa": "INDICA AO PODER EXECUTIVO CONSTRU\u00c7\u00c3O DE CAL\u00c7ADA E AMPLIA\u00c7\u00c3O DE MOBILIDADE NO PASSEIO P\u00daBLICO NO LOTEAMENTO JAIR BARCELOS, ENTRE A RODOVIA RJ 182 E A SUBIDA DA BALAN\u00c7A."}, {"id": "260", "ano": "2017", "numero": "96", "tipo__sigla": "IND", "tipo__descricao": "Indica\u00e7\u00e3o Legislativa", "autoria": "Nath\u00e1lia Braga", "texto_original": "http://sapl.conceicaodemacabu.rj.leg.br/media/./sapl/public/materialegislativa/2017/260/260_texto_integral.pdf", "ementa": "INDICA A CONCESSION\u00c1RIA ENEL SUBSTITUI\u00c7\u00c3O DE POSTEAMENTO DE ENERGIA EL\u00c9TRICA NA RUA NAIR DA SILVA GOMES, VILA ESPERAN\u00c7A, BAIRRO VILA S\u00c3O JOS\u00c9 - CONCEI\u00c7\u00c3O DE MACABU/RJ."}, {"id": "261", "ano": "2017", "numero": "97", "tipo__sigla": "IND", "tipo__descricao": "Indica\u00e7\u00e3o Legislativa", "autoria": "Guta", "texto_original": "http://sapl.conceicaodemacabu.rj.leg.br/media/./sapl/public/materialegislativa/2017/261/261_texto_integral.pdf", "ementa": "INDICA AO PODER EXECUTIVO REFORMA DO PISO DA QUADRA DE ESPORTES LOCALIZADA NO BAIRRO VILA S\u00c3O JOS\u00c9."}, {"id": "262", "ano": "2017", "numero": "98", "tipo__sigla": "IND", "tipo__descricao": "Indica\u00e7\u00e3o Legislativa", "autoria": "Guta", "texto_original": "http://sapl.conceicaodemacabu.rj.leg.br/media/./sapl/public/materialegislativa/2017/262/262_texto_integral.pdf", "ementa": "INDICA AO PODER EXECUTIVO IMPLANTA\u00c7\u00c3O DE UM CAMPO DE FUTEBOL NO BAIRRO DA RH\u00d3DIA."}, {"id": "263", "ano": "2017", "numero": "99", "tipo__sigla": "IND", "tipo__descricao": "Indica\u00e7\u00e3o Legislativa", "autoria": "Barcelos Resina", "texto_original": "http://sapl.conceicaodemacabu.rj.leg.br/media/./sapl/public/materialegislativa/2017/263/263_texto_integral.pdf", "ementa": "INDICA AO PODER EXECUTIVO CONSTRU\u00c7\u00c3O DE CAL\u00c7ADA E AMPLIA\u00c7\u00c3O DE MOBILIDADE NO PASSEIO P\u00daBLICO NAS RUAS A, B E C NO BAIRRO VILA ESPERAN\u00c7A."}, {"id": "264", "ano": "2017", "numero": "100", "tipo__sigla": "IND", "tipo__descricao": "Indica\u00e7\u00e3o Legislativa", "autoria": "Andr\u00e9 da Mudan\u00e7a", "texto_original": "http://sapl.conceicaodemacabu.rj.leg.br/media/./sapl/public/materialegislativa/2017/264/264_texto_integral.pdf", "ementa": "INDICA A CELEBRA\u00c7\u00c3O DE CONV\u00caNIO OU OUTRO TERMO CONG\u00caNERE COM O GOVERNO DO ESTADO DO RIO DE JANEIRO, PARA AQUISI\u00c7\u00c3O DE UM CAMINH\u00c3O PIPA PARA O DESTACAMENTO DO CORPO DE BOMBEIROS MILITAR INSTALADO EM CONCEI\u00c7\u00c3O DE MACABU."}, {"id": "266", "ano": "2017", "numero": "101", "tipo__sigla": "IND", "tipo__descricao": "Indica\u00e7\u00e3o Legislativa", "autoria": "Barcelos Resina", "texto_original": "http://sapl.conceicaodemacabu.rj.leg.br/media/./sapl/public/materialegislativa/2017/266/266_texto_integral.pdf", "ementa": "INDICA AS COMISS\u00d5ES PERMANENTES DA C\u00c2MARA MUNICIPAL DE CONCEI\u00c7\u00c3O DE MACABU, REALIZA\u00c7\u00c3O DE AUDI\u00caNCIA P\u00daBLICA PARA DEBATER PROJETO QUE TRATA SOBRE A ALTERA\u00c7\u00c3O DA CONTRIBUI\u00c7\u00c3O DE ILUMINA\u00c7\u00c3O P\u00daBLICA (CIP)."}, {"id": "265", "ano": "2017", "numero": "102", "tipo__sigla": "IND", "tipo__descricao": "Indica\u00e7\u00e3o Legislativa", "autoria": "Messias", "texto_original": "http://sapl.conceicaodemacabu.rj.leg.br/media/./sapl/public/materialegislativa/2017/265/265_texto_integral.pdf", "ementa": "INDICA AO PODER EXECUTIVO SERVI\u00c7OS DE LIMPEZA URBANA NO BAIRRO GARAPA."}, {"id": "267", "ano": "2017", "numero": "103", "tipo__sigla": "IND", "tipo__descricao": "Indica\u00e7\u00e3o Legislativa", "autoria": "Nath\u00e1lia Braga", "texto_original": "http://sapl.conceicaodemacabu.rj.leg.br/media/./sapl/public/materialegislativa/2017/267/267_texto_integral.pdf", "ementa": "INDICA A COMISS\u00c3O PERMANENTE DE DEFESA DA MULHER, DO IDOSO, CRIAN\u00c7A E ADOLESCENTE (CDMICA), REALIZA\u00c7\u00c3O DE AUDI\u00caNCIA P\u00daBLICA PARA DEBATERMOS O TEMA: VIOL\u00caNCIA CONTRA A MULHER&#8221;."}, {"id": "268", "ano": "2017", "numero": "104", "tipo__sigla": "IND", "tipo__descricao": "Indica\u00e7\u00e3o Legislativa", "autoria": "Nath\u00e1lia Braga", "texto_original": "http://sapl.conceicaodemacabu.rj.leg.br/media/./sapl/public/materialegislativa/2017/268/268_texto_integral.pdf", "ementa": "INDICA AO PODER EXECUTIVO OBRAS DE REFORMA DA PRA\u00c7A LOCALIZADA NO BAIRRO VILA S\u00c3O JOS\u00c9."}, {"id": "269", "ano": "2017", "numero": "105", "tipo__sigla": "IND", "tipo__descricao": "Indica\u00e7\u00e3o Legislativa", "autoria": "Andr\u00e9 da Mudan\u00e7a", "texto_original": "http://sapl.conceicaodemacabu.rj.leg.br/media/./sapl/public/materialegislativa/2017/269/269_texto_integral.pdf", "ementa": "INDICA AO PODER EXECUTIVO OBRAS DE REFORMA DO CAL\u00c7AMENTO DA PRA\u00c7A DR. JOS\u00c9 BONIF\u00c1CIO TASSARA E LIMPEZA DO LAGO."}, {"id": "270", "ano": "2017", "numero": "106", "tipo__sigla": "IND", "tipo__descricao": "Indica\u00e7\u00e3o Legislativa", "autoria": "Toninho da Sa\u00fade", "texto_original": "http://sapl.conceicaodemacabu.rj.leg.br/media/./sapl/public/materialegislativa/2017/270/270_texto_integral.pdf", "ementa": "INDICA AO PODER EXECUTIVO QUE SEJA REALIZADA LEVANTAMENTO SOCIAL DAS FAM\u00cdLIAS QUE ATUALMENTE ENCONTRAM-SE RESIDINDO NA VILA DA MELHOR IDADE, NESTE MUNIC\u00cdPIO, A FIM DE VERIFICAR A POSSIBILIDADE DE PERMAN\u00caNCIA DAS MESMAS NO LOCAL."}, {"id": "274", "ano": "2017", "numero": "107", "tipo__sigla": "IND", "tipo__descricao": "Indica\u00e7\u00e3o Legislativa", "autoria": "Nath\u00e1lia Braga", "texto_original": "http://sapl.conceicaodemacabu.rj.leg.br/media/./sapl/public/materialegislativa/2017/274/274_texto_integral.pdf", "ementa": "INDICA AO PODER EXECUTIVO OBRAS DE CAL\u00c7AMENTO NO BAIRRO BOCAINA."}, {"id": "275", "ano": "2017", "numero": "108", "tipo__sigla": "IND", "tipo__descricao": "Indica\u00e7\u00e3o Legislativa", "autoria": "Nath\u00e1lia Braga", "texto_original": "http://sapl.conceicaodemacabu.rj.leg.br/media/./sapl/public/materialegislativa/2017/275/275_texto_integral.pdf", "ementa": "INDICA AO PODER EXECUTIVO OBRAS DE CAL\u00c7AMENTO NA POPULAR RUA PROJETADA BEIRA VAL\u00c3O, LOCALIZADA NO BAIRRO ELDORADO."}, {"id": "272", "ano": "2017", "numero": "110", "tipo__sigla": "IND", "tipo__descricao": "Indica\u00e7\u00e3o Legislativa", "autoria": "Guta", "texto_original": "http://sapl.conceicaodemacabu.rj.leg.br/media/./sapl/public/materialegislativa/2017/272/272_texto_integral.pdf", "ementa": "INDICA AO PODER EXECUTIVO CELEBRA\u00c7\u00c3O DE CONV\u00caNIO COM O INSTITUTO ESTADUAL DO AMBIENTE (INEA), NOS TERMOS DA LEI ESTADUAL N\u00ba 5.101/2017, PARA DESCENTRALIZA\u00c7\u00c3O DO LICENCIAMENTO AMBIENTAL DE ATIVIDADES DE PEQUENO E M\u00c9DIO IMPACTO AMBIENTAL, OU CONS\u00d3RCIO ENTRE MUNIC\u00cdPIOS LIM\u00cdTROFES."}, {"id": "284", "ano": "2017", "numero": "111", "tipo__sigla": "IND", "tipo__descricao": "Indica\u00e7\u00e3o Legislativa", "autoria": "Messias", "texto_original": "http://sapl.conceicaodemacabu.rj.leg.br/media/./sapl/public/materialegislativa/2017/284/284_texto_integral.pdf", "ementa": "INDICA AO PODER EXECUTIVO\tOBRAS DE CAL\u00c7AMENTO E RETIRADA DE POSTE EM VIA P\u00daBLICA."}, {"id": "285", "ano": "2017", "numero": "112", "tipo__sigla": "IND", "tipo__descricao": "Indica\u00e7\u00e3o Legislativa", "autoria": "Nath\u00e1lia Braga", "texto_original": "http://sapl.conceicaodemacabu.rj.leg.br/media/./sapl/public/materialegislativa/2017/285/285_texto_integral.pdf", "ementa": "INDICA AO PODER EXECUTIVO IMPLANTA\u00c7\u00c3O DO PROGRAMA JOVEM APRENDIZ NO MUNIC\u00cdPIO DE CONCEI\u00c7\u00c3O DE MACABU, FAZENDO CONSTAR NOS EDITAIS DE LICITA\u00c7\u00c3O DO CONDOM\u00cdNIO INDUSTRIAL E DAS LINHAS URBANAS A EXIG\u00caNCIA DO CUMPRIMENTO DA LEI FEDERAL QUE INSTITUI O PROGRAMA JOVEM APRENDIZ, REGULAMENTO PELO DECRETO FEDERAL N\u00ba 5.598/2005."}, {"id": "286", "ano": "2017", "numero": "113", "tipo__sigla": "IND", "tipo__descricao": "Indica\u00e7\u00e3o Legislativa", "autoria": "Nath\u00e1lia Braga", "texto_original": "http://sapl.conceicaodemacabu.rj.leg.br/media/./sapl/public/materialegislativa/2017/286/286_texto_integral.pdf", "ementa": "INDICA AO PODER EXECUTIVO IMPLANTA\u00c7\u00c3O DE UM CENTRO DE ATENDIMENTO AS MULHERES EM SITUA\u00c7\u00c3O DE RISCO."}, {"id": "287", "ano": "2017", "numero": "114", "tipo__sigla": "IND", "tipo__descricao": "Indica\u00e7\u00e3o Legislativa", "autoria": "Barcelos Resina", "texto_original": "http://sapl.conceicaodemacabu.rj.leg.br/media/./sapl/public/materialegislativa/2017/287/287_texto_integral.pdf", "ementa": "INDICA AO PODER EXECUTIVO INSTALA\u00c7\u00c3O/IMPLANTA\u00c7\u00c3O DE SISTEMA DE COMUNICA\u00c7\u00c3O M\u00d3VEL E PORT\u00c1TIL COM ESTA\u00c7\u00c3O REPETIDORA DE BASE, UMA REPETIDORA TRANSPORT\u00c1VEL PARA VIATURAS, E TORRE DE TRANSMISS\u00c3O PARA FREQU\u00caNCIA EXCLUSIVA PARA AS SECRETARIAS DE SEGURAN\u00c7A (GUARDAS MUNICIPAIS, VIATURAS E SEDE DA SECRETARIA) E DE SA\u00daDE (AMBUL\u00c2NCIAS E HOSPITAL ANA MOREIRA)."}, {"id": "292", "ano": "2017", "numero": "115", "tipo__sigla": "IND", "tipo__descricao": "Indica\u00e7\u00e3o Legislativa", "autoria": "Barcelos Resina", "texto_original": "http://sapl.conceicaodemacabu.rj.leg.br/media/./sapl/public/materialegislativa/2017/292/292_texto_integral.pdf", "ementa": "INDICA AO PODER EXECUTIVO CERCAMENTO, INSTALA\u00c7\u00c3O DE POSTES BAIXOS DE ILUMINA\u00c7\u00c3O, LIMPEZA COM RETIRADA DE ENTULHOS, CAL\u00c7AMENTO E PLANTIO DE GRAMA E INSTALA\u00c7\u00c3O DE BRINQUEDOS NO TERRENO LOCALIZADO NA RUA SILVA CASTRO, PR\u00d3XIMO AO CAMPO S\u00c3O LUIS NO BAIRRO DA USINA."}, {"id": "291", "ano": "2017", "numero": "116", "tipo__sigla": "IND", "tipo__descricao": "Indica\u00e7\u00e3o Legislativa", "autoria": "Messias", "texto_original": "http://sapl.conceicaodemacabu.rj.leg.br/media/./sapl/public/materialegislativa/2017/291/291_texto_integral.pdf", "ementa": "INDICA AO PODER EXECUTIVO CRIA\u00c7\u00c3O DE ESTACIONAMENTO ROTATIVO NA \u00c1REA CENTRAL DO MUNIC\u00cdPIO DE CONCEI\u00c7\u00c3O DE MACABU/RJ."}, {"id": "300", "ano": "2017", "numero": "117", "tipo__sigla": "IND", "tipo__descricao": "Indica\u00e7\u00e3o Legislativa", "autoria": "Guta", "texto_original": "http://sapl.conceicaodemacabu.rj.leg.br/media/./sapl/public/materialegislativa/2017/300/300_texto_integral.pdf", "ementa": "INDICA AO PODER EXECUTIVO A CRIA\u00c7\u00c3O DO PROGRAMA MUNICIPAL DENOMINADO GUARDA MIRIM."}, {"id": "301", "ano": "2017", "numero": "118", "tipo__sigla": "IND", "tipo__descricao": "Indica\u00e7\u00e3o Legislativa", "autoria": "Guta", "texto_original": "http://sapl.conceicaodemacabu.rj.leg.br/media/./sapl/public/materialegislativa/2017/301/301_texto_integral.pdf", "ementa": "INDICA AO PODER EXECUTIVO A CRIA\u00c7\u00c3O DO PROGRAMA MUNICIPAL DENOMINADO GUARDA S\u00caNIOR."}, {"id": "305", "ano": "2017", "numero": "119", "tipo__sigla": "IND", "tipo__descricao": "Indica\u00e7\u00e3o Legislativa", "autoria": "Messias", "texto_original": "http://sapl.conceicaodemacabu.rj.leg.br/media/./sapl/public/materialegislativa/2017/305/305_texto_integral.pdf", "ementa": "INDICA AO PODER EXECUTIVO A CRIA\u00c7\u00c3O DO PROGRAMA MUNICIPAL DE APOIO E FOMENTA\u00c7\u00c3O A CATEGORIA DE PROFISSIONAIS DENOMINADA POPULARMENTE DE \"CATADORES DE PAPEL\u00c3O.\""}, {"id": "306", "ano": "2017", "numero": "120", "tipo__sigla": "IND", "tipo__descricao": "Indica\u00e7\u00e3o Legislativa", "autoria": "Dr. Fernando", "texto_original": "http://sapl.conceicaodemacabu.rj.leg.br/media/./sapl/public/materialegislativa/2017/306/306_texto_integral.pdf", "ementa": "INDICA AO PODER EXECUTIVO SUSPENS\u00c3O DE PENALIDADES DE TR\u00c2NSITO AT\u00c9 QUE O MUNIC\u00cdPIO REALIZE A SINALIZA\u00c7\u00c3O DEVIDA DE TODAS AS VIAS DO MUNIC\u00cdPIO DE CONCEI\u00c7\u00c3O DE MACABU, PELOS MOTIVOS EXPOSTOS NA INDICA\u00c7\u00c3O."}, {"id": "308", "ano": "2017", "numero": "121", "tipo__sigla": "IND", "tipo__descricao": "Indica\u00e7\u00e3o Legislativa", "autoria": "Barcelos Resina", "texto_original": "http://sapl.conceicaodemacabu.rj.leg.br/media/./sapl/public/materialegislativa/2017/308/308_texto_integral.pdf", "ementa": "INDICA AO PODER EXECUTIVO A INSTALA\u00c7\u00c3O DE BRINQUEDOS E EQUIPAMENTOS DESENVOLVIDOS PARA UTILIZA\u00c7\u00c3O POR PESSOAS COM DEFICI\u00caNCIA NAS PRA\u00c7AS, PARQUES E OUTROS LOCAIS P\u00daBLICOS J\u00c1 EXISTENTES A PR\u00c1TICA DE ESPORTES E LAZER."}, {"id": "310", "ano": "2017", "numero": "122", "tipo__sigla": "IND", "tipo__descricao": "Indica\u00e7\u00e3o Legislativa", "autoria": "Paulo Henrique - PH", "texto_original": "http://sapl.conceicaodemacabu.rj.leg.br/media/./sapl/public/materialegislativa/2017/310/310_texto_integral.pdf", "ementa": "INDICA AO PODER EXECUTIVO IMPLANTA\u00c7\u00c3O DE SINALIZA\u00c7\u00c3O QUE AUXILIE A EFIC\u00c1CIA DA LEI N\u00ba 1.488/2017."}, {"id": "311", "ano": "2017", "numero": "123", "tipo__sigla": "IND", "tipo__descricao": "Indica\u00e7\u00e3o Legislativa", "autoria": "Paulo Henrique - PH", "texto_original": "http://sapl.conceicaodemacabu.rj.leg.br/media/./sapl/public/materialegislativa/2017/311/311_texto_integral.jpeg", "ementa": "INDICA AO PODER EXECUTIVO ADEQUA\u00c7\u00c3O DO CURR\u00cdCULO ESCOLAR DAS UNIDADES MUNICIPAIS A LEI N\u00ba 1.483/2017."}, {"id": "313", "ano": "2017", "numero": "1", "tipo__sigla": "APLO", "tipo__descricao": "Anteprojeto de Lei", "autoria": "Barcelos Resina", "texto_original": "http://sapl.conceicaodemacabu.rj.leg.br/media/", "ementa": "DISP\u00d5E SOBRE A IMPLANTA\u00c7\u00c3O DE SINALIZA\u00c7\u00c3O HORIZONTAL E VERTICAL DIFERENCIADA PR\u00d3XIMA \u00c0S \u00c1REAS ESCOLARES."}, {"id": "314", "ano": "2017", "numero": "2", "tipo__sigla": "APLO", "tipo__descricao": "Anteprojeto de Lei", "autoria": "Barcelos Resina", "texto_original": "http://sapl.conceicaodemacabu.rj.leg.br/media/", "ementa": "CRIA CRIT\u00c9RIOS DE ACESSIBILIDADE A SER IMPLANTANDO NO CEMIT\u00c9RIO MUNICIPAL E EM NOVOS CEMIT\u00c9RIOS P\u00daBLICOS OU PRIVADOS QUE VIEREM A SER IMPLANTADOS NO MUNIC\u00cdPIO."}, {"id": "215", "ano": "2017", "numero": "3", "tipo__sigla": "APLO", "tipo__descricao": "Anteprojeto de Lei", "autoria": "Dr. Fernando", "texto_original": "http://sapl.conceicaodemacabu.rj.leg.br/media/", "ementa": "DISP\u00d5E SOBRE A INSTALA\u00c7\u00c3O DE C\u00c2MERAS DE MONITORAMENTO DE SEGURAN\u00c7A NAS ESCOLAS P\u00daBLICAS MUNICIPAIS E CERCANIAS."}, {"id": "219", "ano": "2017", "numero": "4", "tipo__sigla": "APLO", "tipo__descricao": "Anteprojeto de Lei", "autoria": "Toninho da Sa\u00fade", "texto_original": "http://sapl.conceicaodemacabu.rj.leg.br/media/", "ementa": "FICA PROIBIDA A INSTALA\u00c7\u00c3O DE TRAVES DE FUTEBOL M\u00d3VEIS EM QUADRAS ESPORTIVAS DE QUALQUER NATUREZA E EM CAMPOS DE FUTEBOL NO MUNIC\u00cdPIO DE CONCEI\u00c7\u00c3O DE MACABU."}, {"id": "225", "ano": "2017", "numero": "5", "tipo__sigla": "APLO", "tipo__descricao": "Anteprojeto de Lei", "autoria": "Sandro Daumas", "texto_original": "http://sapl.conceicaodemacabu.rj.leg.br/media/", "ementa": "CRIA O PROGRAMA ADOTE UMA \u00c1RVORE NO MUNIC\u00cdPIO DE CONCEI\u00c7\u00c3O DE MACABU/RJ E D\u00c1 OUTRAS PROVID\u00caNCIAS."}, {"id": "289", "ano": "2017", "numero": "6", "tipo__sigla": "APLO", "tipo__descricao": "Anteprojeto de Lei", "autoria": "Sandro Daumas", "texto_original": "http://sapl.conceicaodemacabu.rj.leg.br/media/./sapl/public/materialegislativa/2017/289/289_texto_integral.pdf", "ementa": "DETERMINA O PERCENTUAL M\u00cdNIMO DE SERVIDORES EFETIVOS DO QUADRO PERMANENTE DO PODER EXECUTIVO QUE OCUPEM CARGOS EM COMISS\u00c3O."}, {"id": "290", "ano": "2017", "numero": "7", "tipo__sigla": "APLO", "tipo__descricao": "Anteprojeto de Lei", "autoria": "Dr. Fernando", "texto_original": "http://sapl.conceicaodemacabu.rj.leg.br/media/", "ementa": "DISP\u00d5E SOBRE A CRIA\u00c7\u00c3O DO PROGRAMA CIDADE VERDE, NO MUNIC\u00cdPIO DE CONCEI\u00c7\u00c3O DE MACABU/RJ"}]}