{"id":537,"__str__":"Indica\u00e7\u00e3o Legislativa n\u00ba 116 de 2018","link_detail_backend":"/materia/537","metadata":{},"numero":116,"ano":2018,"numero_protocolo":578,"data_apresentacao":"2018-06-25","tipo_apresentacao":"E","data_publicacao":null,"numero_origem_externa":"","ano_origem_externa":null,"data_origem_externa":null,"apelido":"","dias_prazo":null,"data_fim_prazo":null,"em_tramitacao":false,"polemica":false,"objeto":"","complementar":false,"ementa":"INDICA AO PODER EXECUTIVO OBJETIVANDO QUE AS SECRETARIAS MUNICIPAIS DE SERVI\u00c7OS P\u00daBLICOS, MEIO AMBIENTE E DEFESA CIVIL, PROCEDAM \u00c0 PODA DAS \u00c1RVORES SITUADAS NA \"PRACINHA DA BOCAINA\", DE ESQUINA COM A RUA DEUSTERITO A.BELMONTE E DOMINGOS FONTES TAVARES, NO BAIRRO DA BOCAINA, TENDO EM VISTA QUE AS MESMAS ENCONTRA SE EM CONTATO COM OS FIOS DE ALTA TENS\u00c3O, SOBRE ELES E SOB A ILUMINA\u00c7\u00c3O BAIXA DA PRA\u00c7A, O QUE TEM TORNADO A PRA\u00c7A ESCURA DIFICULTANDO O SEU USO NOS PER\u00cdODOS DA NOITE.","indexacao":"","observacao":"","resultado":"","texto_original":null,"data_ultima_atualizacao":"2022-12-13T09:37:23.896099-03:00","ip":"","ultima_edicao":null,"tipo":8,"regime_tramitacao":1,"tipo_origem_externa":null,"local_origem_externa":null,"user":null,"anexadas":[],"autores":[40]}