{"id":2930,"__str__":"Projeto de Lei Ordin\u00e1ria n\u00ba 16 de 2025","link_detail_backend":"/materia/2930","metadata":{},"numero":16,"ano":2025,"numero_protocolo":108,"data_apresentacao":"2025-04-14","tipo_apresentacao":"E","data_publicacao":null,"numero_origem_externa":"","ano_origem_externa":null,"data_origem_externa":null,"apelido":"","dias_prazo":null,"data_fim_prazo":null,"em_tramitacao":false,"polemica":false,"objeto":"","complementar":false,"ementa":"Denomina a Biblioteca Municipal de Concei\u00e7\u00e3o de Macabu com o nome de Francisco Ferreira do Cabo e d\u00e1 outras provid\u00eancias.","indexacao":"","observacao":"","resultado":"","texto_original":"http://sapl.conceicaodemacabu.rj.leg.br/media/sapl/public/materialegislativa/2025/2930/plo_16-2025.pdf","data_ultima_atualizacao":"2025-06-11T16:19:18.669316-03:00","ip":"138.94.29.223","ultima_edicao":"2025-05-21T09:16:36.154649-03:00","tipo":1,"regime_tramitacao":1,"tipo_origem_externa":null,"local_origem_externa":null,"user":14,"anexadas":[],"autores":[34]}